{"id":4983,"date":"2025-02-28T09:45:00","date_gmt":"2025-02-28T08:45:00","guid":{"rendered":"http:\/\/pkas.cz\/?p=4983"},"modified":"2025-02-27T14:44:33","modified_gmt":"2025-02-27T13:44:33","slug":"tri-skodovaci-se-predstavi-na-halovem-me","status":"publish","type":"post","link":"http:\/\/pkas.cz\/?p=4983","title":{"rendered":"T\u0159i \u0160kodov\u00e1ci se p\u0159edstav\u00ed na halov\u00e9m ME"},"content":{"rendered":"\n<p>Vrcholem evropsk\u00e9 atletiky bude od 6. do 9. b\u0159ezna Halov\u00e9 mistrovstv\u00ed Evropy, kter\u00e9 se uskute\u010dn\u00ed v nizozemsk\u00e9m Apeldoornu. Do po\u010detn\u00e9 nominace 26 \u010desk\u00fdch atlet\u016f se dostala tak\u00e9 trojice z\u00e1vodn\u00edk\u016f z plze\u0148sk\u00e9ho klubu AK \u0160KODA Plze\u0148.<\/p>\n\n\n<div class=\"wp-block-image\">\n<figure class=\"alignright size-large is-resized\"><img loading=\"lazy\" decoding=\"async\" width=\"1024\" height=\"682\" src=\"http:\/\/pkas.cz\/wp-content\/uploads\/2024\/07\/stfl-1024x682.webp\" alt=\"\" class=\"wp-image-4599\" style=\"width:366px;height:auto\" srcset=\"http:\/\/pkas.cz\/wp-content\/uploads\/2024\/07\/stfl-1024x682.webp 1024w, http:\/\/pkas.cz\/wp-content\/uploads\/2024\/07\/stfl-300x200.webp 300w, http:\/\/pkas.cz\/wp-content\/uploads\/2024\/07\/stfl-768x512.webp 768w, http:\/\/pkas.cz\/wp-content\/uploads\/2024\/07\/stfl-1536x1024.webp 1536w, http:\/\/pkas.cz\/wp-content\/uploads\/2024\/07\/stfl.webp 2000w\" sizes=\"(max-width: 1024px) 100vw, 1024px\" \/><figcaption class=\"wp-element-caption\"><em>Jan \u0160tefela<\/em><\/figcaption><\/figure><\/div>\n\n\n<p>Ve v\u00fd\u0161ka\u0159sk\u00e9m sektoru bude bojovat Jan \u0160tefela, kter\u00fd se na evropsk\u00e9m \u0161ampion\u00e1tu v hale p\u0159edstav\u00ed v\u016fbec poprv\u00e9. V lo\u0148sk\u00e9m roce se probojoval do fin\u00e1lov\u00fdch kl\u00e1n\u00ed na halov\u00e9m sv\u011btov\u00e9m \u0161ampion\u00e1tu i mistrovstv\u00ed Evropy pod otev\u0159en\u00fdm nebem, kde skon\u010dil shodn\u011b p\u00e1t\u00fd, a na olympijsk\u00fdch hr\u00e1ch skon\u010dil na skv\u011bl\u00e9 dev\u00e1t\u00e9 pozici. V prob\u00edhaj\u00edc\u00ed sez\u00f3n\u011b si vyrovnal osobn\u00ed rekord z lo\u0148sk\u00e9ho roku 230 cm, kter\u00fd ho \u0159ad\u00ed mezi favority cel\u00e9 sout\u011b\u017ee. Spolu s Olehem Dorushchukem (UKR) a Jonathanem Kapitolnikem (ISR) tvo\u0159\u00ed trojici z\u00e1vodn\u00edk\u016f, kter\u00e1 se jako jedin\u00e1 kvalifikovala spln\u011bn\u00edm p\u0159\u00edsn\u00e9ho nomina\u010dn\u00edho krit\u00e9ria.<\/p>\n\n\n\n<p>Premi\u00e9ru pro\u017eije na halov\u00e9m mistrovstv\u00ed Evropy tak\u00e9 Linda Such\u00e1. Talentovan\u00e1 trojskokanka ji\u017e reprezentovala \u010ceskou republiku na vrcholn\u00fdch ml\u00e1de\u017enick\u00fdch \u0161ampion\u00e1tech, naposledy v roce 2023 na ME do 22 let, kde skon\u010dila na 7. pozici. Nyn\u00ed se tak v\u016fbec poprv\u00e9 dostala do \u010desk\u00e9 v\u00fdpravy na vrcholn\u00fd kontinent\u00e1ln\u00ed z\u00e1vod seniorsk\u00e9 kategorie. \u010cesk\u00e1 juniorsk\u00e1 rekordmanka se dostala mezi osmn\u00e1ctku nejlep\u0161\u00edch v Evrop\u011b d\u00edky v\u00fdkonu 13.76 m z ned\u00e1vn\u00e9ho HM\u010cR a dal\u0161\u00edm stabiln\u00edm kvalitn\u00edm v\u00fdkon\u016fm, kter\u00e9 ji posouvaly nabit\u00fdm rankingem vzh\u016fru.<\/p>\n\n\n<div class=\"wp-block-image\">\n<figure class=\"alignleft size-large is-resized\"><img loading=\"lazy\" decoding=\"async\" width=\"1622\" height=\"1081\" src=\"http:\/\/pkas.cz\/wp-content\/uploads\/2025\/02\/sucha-edited.jpg\" alt=\"\" class=\"wp-image-4994\" style=\"width:408px;height:auto\" srcset=\"http:\/\/pkas.cz\/wp-content\/uploads\/2025\/02\/sucha-edited.jpg 1622w, http:\/\/pkas.cz\/wp-content\/uploads\/2025\/02\/sucha-edited-300x200.jpg 300w, http:\/\/pkas.cz\/wp-content\/uploads\/2025\/02\/sucha-edited-1024x682.jpg 1024w, http:\/\/pkas.cz\/wp-content\/uploads\/2025\/02\/sucha-edited-768x512.jpg 768w, http:\/\/pkas.cz\/wp-content\/uploads\/2025\/02\/sucha-edited-1536x1024.jpg 1536w\" sizes=\"(max-width: 1622px) 100vw, 1622px\" \/><figcaption class=\"wp-element-caption\"><em>Linda Such\u00e1<\/em><\/figcaption><\/figure><\/div>\n\n\n<p>Naopak stabiln\u00ed \u010dlenkou \u010desk\u00fdch v\u00fdprav na evropsk\u00e9 a sv\u011btov\u00e9 \u0161ampion\u00e1ty je Tereza Petr\u017eilkov\u00e1, kter\u00e1 se do velice nabit\u00e9 \u010dtvrtka\u0159sk\u00e9 nominace probojovala tak\u00e9 nyn\u00ed. A\u010dkoliv ji po \u010dty\u0159ech letech neuvid\u00edme na individu\u00e1ln\u00edm startu, bude Tereza bojovat jako \u010dlenka \u0161tafet.<\/p>\n\n\n\n<p>Hned na samotn\u00e9m za\u010d\u00e1tku mistrovstv\u00ed se o postup do fin\u00e1le poperou v\u00fd\u0161ka\u0159i &#8211; kvalifikace 6. 3. od 18:20, fin\u00e1le je pak na programu 8. 3. po 20. hodin\u011b, a tak\u00e9 trojskokanky. Ty \u010dek\u00e1 kvalifika\u010dn\u00ed sout\u011b\u017e 6. 3. od 18:35 hod, fin\u00e1le pak 7. 3. od 18:50. Prvn\u00ed ve\u010der jsou na programu tak\u00e9 sm\u00ed\u0161en\u00e9 \u0161tafety na 4&#215;400 m, a to od 21:50 hod. \u017densk\u00e9 \u0161tafety na 4&#215;400 m jsou napl\u00e1nov\u00e1ny na posledn\u00ed den mistrovstv\u00ed 9. 3. od 18:50 hod. <\/p>\n\n\n\n<p>Na cel\u00fd program evropsk\u00e9ho \u0161ampion\u00e1tu, startovn\u00ed listiny a dal\u0161\u00ed podrobnosti se m\u016f\u017eete pod\u00edvat na <a href=\"https:\/\/www.european-athletics.com\/home\/competitions\/european-athletics-indoor-championships-2025\/overview\" target=\"_blank\" rel=\"noreferrer noopener\">tomto odkazu<\/a>.<\/p>\n\n\n\n<p>Foto: \u010cAS &#8211; So\u0148a Mal\u00e9terov\u00e1, Ji\u0159\u00ed Marek<\/p>\n\n\n<div class=\"wp-block-image\">\n<figure class=\"aligncenter size-large is-resized\"><img loading=\"lazy\" decoding=\"async\" width=\"1024\" height=\"683\" src=\"http:\/\/pkas.cz\/wp-content\/uploads\/2024\/03\/petrzilkova-stafeta-1024x683.jpg\" alt=\"\" class=\"wp-image-4402\" style=\"width:419px;height:auto\" srcset=\"http:\/\/pkas.cz\/wp-content\/uploads\/2024\/03\/petrzilkova-stafeta-1024x683.jpg 1024w, http:\/\/pkas.cz\/wp-content\/uploads\/2024\/03\/petrzilkova-stafeta-300x200.jpg 300w, http:\/\/pkas.cz\/wp-content\/uploads\/2024\/03\/petrzilkova-stafeta-768x512.jpg 768w, http:\/\/pkas.cz\/wp-content\/uploads\/2024\/03\/petrzilkova-stafeta-1536x1024.jpg 1536w, http:\/\/pkas.cz\/wp-content\/uploads\/2024\/03\/petrzilkova-stafeta-2048x1365.jpg 2048w\" sizes=\"(max-width: 1024px) 100vw, 1024px\" \/><\/figure><\/div>","protected":false},"excerpt":{"rendered":"<p>Vrcholem evropsk\u00e9 atletiky bude od 6. do 9. b\u0159ezna Halov\u00e9 mistrovstv\u00ed Evropy, kter\u00e9 se uskute\u010dn\u00ed v nizozemsk\u00e9m Apeldoornu. Do po\u010detn\u00e9 nominace 26 \u010desk\u00fdch atlet\u016f se&hellip;<\/p>\n","protected":false},"author":4,"featured_media":4977,"comment_status":"closed","ping_status":"closed","sticky":false,"template":"","format":"standard","meta":{"footnotes":""},"categories":[1],"tags":[],"jetpack_sharing_enabled":true,"jetpack_featured_media_url":"http:\/\/pkas.cz\/wp-content\/uploads\/2025\/02\/IMG_0541.jpg","_links":{"self":[{"href":"http:\/\/pkas.cz\/index.php?rest_route=\/wp\/v2\/posts\/4983"}],"collection":[{"href":"http:\/\/pkas.cz\/index.php?rest_route=\/wp\/v2\/posts"}],"about":[{"href":"http:\/\/pkas.cz\/index.php?rest_route=\/wp\/v2\/types\/post"}],"author":[{"embeddable":true,"href":"http:\/\/pkas.cz\/index.php?rest_route=\/wp\/v2\/users\/4"}],"replies":[{"embeddable":true,"href":"http:\/\/pkas.cz\/index.php?rest_route=%2Fwp%2Fv2%2Fcomments&post=4983"}],"version-history":[{"count":14,"href":"http:\/\/pkas.cz\/index.php?rest_route=\/wp\/v2\/posts\/4983\/revisions"}],"predecessor-version":[{"id":5005,"href":"http:\/\/pkas.cz\/index.php?rest_route=\/wp\/v2\/posts\/4983\/revisions\/5005"}],"wp:featuredmedia":[{"embeddable":true,"href":"http:\/\/pkas.cz\/index.php?rest_route=\/wp\/v2\/media\/4977"}],"wp:attachment":[{"href":"http:\/\/pkas.cz\/index.php?rest_route=%2Fwp%2Fv2%2Fmedia&parent=4983"}],"wp:term":[{"taxonomy":"category","embeddable":true,"href":"http:\/\/pkas.cz\/index.php?rest_route=%2Fwp%2Fv2%2Fcategories&post=4983"},{"taxonomy":"post_tag","embeddable":true,"href":"http:\/\/pkas.cz\/index.php?rest_route=%2Fwp%2Fv2%2Ftags&post=4983"}],"curies":[{"name":"wp","href":"https:\/\/api.w.org\/{rel}","templated":true}]}}