{"id":4941,"date":"2025-02-16T21:39:00","date_gmt":"2025-02-16T20:39:00","guid":{"rendered":"http:\/\/pkas.cz\/?p=4941"},"modified":"2025-02-18T20:32:10","modified_gmt":"2025-02-18T19:32:10","slug":"zima-vybojoval-vicebojarskou-medaili-bugarova-a-moravek-dve-chodecke","status":"publish","type":"post","link":"http:\/\/pkas.cz\/?p=4941","title":{"rendered":"Z\u00edma vybojoval v\u00edceboja\u0159skou medaili, Bug\u00e1rov\u00e1 a Mor\u00e1vek dv\u011b chodeck\u00e9"},"content":{"rendered":"<div class=\"wp-block-image\">\n<figure class=\"aligncenter size-large is-resized\"><img loading=\"lazy\" decoding=\"async\" width=\"1024\" height=\"682\" src=\"http:\/\/pkas.cz\/wp-content\/uploads\/2025\/02\/zima-1024x682.jpg\" alt=\"\" class=\"wp-image-4968\" style=\"width:312px;height:auto\" srcset=\"http:\/\/pkas.cz\/wp-content\/uploads\/2025\/02\/zima-1024x682.jpg 1024w, http:\/\/pkas.cz\/wp-content\/uploads\/2025\/02\/zima-300x200.jpg 300w, http:\/\/pkas.cz\/wp-content\/uploads\/2025\/02\/zima-768x512.jpg 768w, http:\/\/pkas.cz\/wp-content\/uploads\/2025\/02\/zima-1536x1024.jpg 1536w, http:\/\/pkas.cz\/wp-content\/uploads\/2025\/02\/zima.jpg 2000w\" sizes=\"(max-width: 1024px) 100vw, 1024px\" \/><figcaption class=\"wp-element-caption\"><em>Tade\u00e1\u0161 Z\u00edma<\/em><\/figcaption><\/figure><\/div>\n\n\n<p>\u00danor je pro atletiku typick\u00fdm m\u011bs\u00edcem, kdy se konaj\u00ed halov\u00e1 mistrovstv\u00ed \u010cesk\u00e9 republiky. V pra\u017esk\u00e9 hale Stromovce se od p\u00e1tku do ned\u011ble 7.-9. 2. konalo Halov\u00e9 mistrostv\u00ed \u010cR ve v\u00edceboj\u00edch, v ned\u011bli 9. 2. pak n\u00e1rodn\u00ed \u0161ampion\u00e1t v halov\u00e9 ch\u016fzi. Na obou z nich se bl\u00fdskli atleti AK \u0160KODY Plze\u0148 hned t\u0159emi cenn\u00fdmi kovy.<\/p>\n\n\n\n<p>V\u00edceboja\u0159 Tade\u00e1\u0161 Z\u00edma ji\u017e na lednov\u00e9m v\u00edceboji poko\u0159il poprv\u00e9 hranici 5 000 bod\u016f, \u010d\u00edm\u017e p\u0159ekonal krajsk\u00fd rekord a uk\u00e1zal tak slibnou formu. Na halov\u00e9m n\u00e1rodn\u00edm \u0161ampion\u00e1tu dok\u00e1zal b\u011bhem dvou dn\u016f posb\u00edrat celkem 5 254 bod\u016f. Jasn\u011b si tak vylep\u0161il osobn\u00ed rekord v sedmiboji, op\u011bt posunul krajsk\u00fd rekord a nav\u00edc d\u00edky tomu vybojoval mezi juniory st\u0159\u00edbrnou medaili. T\u011bsn\u011b pod stupni v\u00edt\u011bz\u016f pak skon\u010dil jeho odd\u00edlov\u00fd kolega Mat\u011bj Hrub\u00fd, kter\u00fd v \u017e\u00e1kovsk\u00e9m sedmiboji rovn\u011b\u017e stanovil novou hodnotu krajsk\u00e9ho rekordu, a to sv\u00fdm osobn\u00edm rekordem 4 217 bod\u016f. Juniorka Ane\u017eka Kr\u00e1lov\u00e1 vybojovala tak\u00e9 nepopul\u00e1rn\u00ed \u010dtvrtou pozici, kdy\u017e zapsala celkov\u00fd v\u00fdsledek a nov\u00fd osobn\u00ed rekord 3 751 bod\u016f.<\/p>\n\n\n\n<div class=\"wp-block-columns is-layout-flex wp-container-core-columns-layout-1 wp-block-columns-is-layout-flex\">\n<div class=\"wp-block-column is-layout-flow wp-block-column-is-layout-flow\"><div class=\"wp-block-image\">\n<figure class=\"aligncenter size-large is-resized\"><img loading=\"lazy\" decoding=\"async\" width=\"1024\" height=\"682\" src=\"http:\/\/pkas.cz\/wp-content\/uploads\/2025\/02\/kralova-1024x682.jpg\" alt=\"\" class=\"wp-image-4970\" style=\"width:290px;height:auto\" srcset=\"http:\/\/pkas.cz\/wp-content\/uploads\/2025\/02\/kralova-1024x682.jpg 1024w, http:\/\/pkas.cz\/wp-content\/uploads\/2025\/02\/kralova-300x200.jpg 300w, http:\/\/pkas.cz\/wp-content\/uploads\/2025\/02\/kralova-768x512.jpg 768w, http:\/\/pkas.cz\/wp-content\/uploads\/2025\/02\/kralova-1536x1024.jpg 1536w, http:\/\/pkas.cz\/wp-content\/uploads\/2025\/02\/kralova.jpg 2000w\" sizes=\"(max-width: 1024px) 100vw, 1024px\" \/><figcaption class=\"wp-element-caption\"><em>Ane\u017eka Kr\u00e1lov\u00e1<\/em><\/figcaption><\/figure><\/div><\/div>\n\n\n\n<div class=\"wp-block-column is-layout-flow wp-block-column-is-layout-flow\"><div class=\"wp-block-image\">\n<figure class=\"aligncenter size-large is-resized\"><img loading=\"lazy\" decoding=\"async\" width=\"1024\" height=\"682\" src=\"http:\/\/pkas.cz\/wp-content\/uploads\/2025\/02\/hruby-1024x682.jpg\" alt=\"\" class=\"wp-image-4971\" style=\"width:292px;height:auto\" srcset=\"http:\/\/pkas.cz\/wp-content\/uploads\/2025\/02\/hruby-1024x682.jpg 1024w, http:\/\/pkas.cz\/wp-content\/uploads\/2025\/02\/hruby-300x200.jpg 300w, http:\/\/pkas.cz\/wp-content\/uploads\/2025\/02\/hruby-768x512.jpg 768w, http:\/\/pkas.cz\/wp-content\/uploads\/2025\/02\/hruby-1536x1024.jpg 1536w, http:\/\/pkas.cz\/wp-content\/uploads\/2025\/02\/hruby.jpg 2000w\" sizes=\"(max-width: 1024px) 100vw, 1024px\" \/><figcaption class=\"wp-element-caption\"><em>Mat\u011bj Hrub\u00fd<\/em><\/figcaption><\/figure><\/div><\/div>\n<\/div>\n\n\n\n<p>Dva cenn\u00e9 kovy pak vybojovali plze\u0148\u0161t\u00ed chodci. V sout\u011b\u017ei \u017een na 3 000 m ch\u016fze dok\u00e1zala Nelly Bug\u00e1rov\u00e1 protnout c\u00edlovou p\u00e1sku v \u010dase 14:50.94 min a vybojovat tak st\u0159\u00edbro. Za sv\u00fdm krajsk\u00fdm rekordem z 20. ledna zaostala pouh\u00fdch p\u011bt vte\u0159in. To Jarom\u00edr Mor\u00e1vek dok\u00e1zal mistrovsk\u00fdm z\u00e1vodem krajsk\u00fd rekord p\u0159ekonat. V c\u00edli toti\u017e zapsal \u010das 19:51.75 min a ze z\u00e1vodu mu\u017e\u016f na 5 000 m ch\u016fze si odvezl rovn\u011b\u017e st\u0159\u00edbrnou medaili.<\/p>\n\n\n\n<div class=\"wp-block-columns is-layout-flex wp-container-core-columns-layout-2 wp-block-columns-is-layout-flex\">\n<div class=\"wp-block-column is-layout-flow wp-block-column-is-layout-flow\"><div class=\"wp-block-image\">\n<figure class=\"aligncenter size-large is-resized\"><img loading=\"lazy\" decoding=\"async\" width=\"1024\" height=\"682\" src=\"http:\/\/pkas.cz\/wp-content\/uploads\/2025\/02\/bugarova-1024x682.jpg\" alt=\"\" class=\"wp-image-4972\" style=\"width:317px;height:auto\" srcset=\"http:\/\/pkas.cz\/wp-content\/uploads\/2025\/02\/bugarova-1024x682.jpg 1024w, http:\/\/pkas.cz\/wp-content\/uploads\/2025\/02\/bugarova-300x200.jpg 300w, http:\/\/pkas.cz\/wp-content\/uploads\/2025\/02\/bugarova-768x512.jpg 768w, http:\/\/pkas.cz\/wp-content\/uploads\/2025\/02\/bugarova-1536x1024.jpg 1536w, http:\/\/pkas.cz\/wp-content\/uploads\/2025\/02\/bugarova.jpg 2000w\" sizes=\"(max-width: 1024px) 100vw, 1024px\" \/><figcaption class=\"wp-element-caption\"><em>Nelly Bug\u00e1rov\u00e1<\/em><\/figcaption><\/figure><\/div><\/div>\n\n\n\n<div class=\"wp-block-column is-layout-flow wp-block-column-is-layout-flow\"><div class=\"wp-block-image\">\n<figure class=\"aligncenter size-large is-resized\"><img loading=\"lazy\" decoding=\"async\" width=\"1024\" height=\"682\" src=\"http:\/\/pkas.cz\/wp-content\/uploads\/2025\/02\/moravek-1024x682.jpg\" alt=\"\" class=\"wp-image-4973\" style=\"width:319px;height:auto\" srcset=\"http:\/\/pkas.cz\/wp-content\/uploads\/2025\/02\/moravek-1024x682.jpg 1024w, http:\/\/pkas.cz\/wp-content\/uploads\/2025\/02\/moravek-300x200.jpg 300w, http:\/\/pkas.cz\/wp-content\/uploads\/2025\/02\/moravek-768x512.jpg 768w, http:\/\/pkas.cz\/wp-content\/uploads\/2025\/02\/moravek-1536x1024.jpg 1536w, http:\/\/pkas.cz\/wp-content\/uploads\/2025\/02\/moravek.jpg 2000w\" sizes=\"(max-width: 1024px) 100vw, 1024px\" \/><figcaption class=\"wp-element-caption\"><em>Jarom\u00edr Mor\u00e1vek<\/em><\/figcaption><\/figure><\/div><\/div>\n<\/div>\n\n\n\n<p>Foto: \u010cAS &#8211; Jan Houska<\/p>\n","protected":false},"excerpt":{"rendered":"<p>\u00danor je pro atletiku typick\u00fdm m\u011bs\u00edcem, kdy se konaj\u00ed halov\u00e1 mistrovstv\u00ed \u010cesk\u00e9 republiky. V pra\u017esk\u00e9 hale Stromovce se od p\u00e1tku do ned\u011ble 7.-9. 2. konalo&hellip;<\/p>\n","protected":false},"author":4,"featured_media":4969,"comment_status":"closed","ping_status":"closed","sticky":false,"template":"","format":"standard","meta":{"footnotes":""},"categories":[1],"tags":[],"jetpack_sharing_enabled":true,"jetpack_featured_media_url":"http:\/\/pkas.cz\/wp-content\/uploads\/2025\/02\/zima-uvod.jpg","_links":{"self":[{"href":"http:\/\/pkas.cz\/index.php?rest_route=\/wp\/v2\/posts\/4941"}],"collection":[{"href":"http:\/\/pkas.cz\/index.php?rest_route=\/wp\/v2\/posts"}],"about":[{"href":"http:\/\/pkas.cz\/index.php?rest_route=\/wp\/v2\/types\/post"}],"author":[{"embeddable":true,"href":"http:\/\/pkas.cz\/index.php?rest_route=\/wp\/v2\/users\/4"}],"replies":[{"embeddable":true,"href":"http:\/\/pkas.cz\/index.php?rest_route=%2Fwp%2Fv2%2Fcomments&post=4941"}],"version-history":[{"count":4,"href":"http:\/\/pkas.cz\/index.php?rest_route=\/wp\/v2\/posts\/4941\/revisions"}],"predecessor-version":[{"id":4975,"href":"http:\/\/pkas.cz\/index.php?rest_route=\/wp\/v2\/posts\/4941\/revisions\/4975"}],"wp:featuredmedia":[{"embeddable":true,"href":"http:\/\/pkas.cz\/index.php?rest_route=\/wp\/v2\/media\/4969"}],"wp:attachment":[{"href":"http:\/\/pkas.cz\/index.php?rest_route=%2Fwp%2Fv2%2Fmedia&parent=4941"}],"wp:term":[{"taxonomy":"category","embeddable":true,"href":"http:\/\/pkas.cz\/index.php?rest_route=%2Fwp%2Fv2%2Fcategories&post=4941"},{"taxonomy":"post_tag","embeddable":true,"href":"http:\/\/pkas.cz\/index.php?rest_route=%2Fwp%2Fv2%2Ftags&post=4941"}],"curies":[{"name":"wp","href":"https:\/\/api.w.org\/{rel}","templated":true}]}}