{"id":4930,"date":"2025-02-17T13:44:42","date_gmt":"2025-02-17T12:44:42","guid":{"rendered":"http:\/\/pkas.cz\/?p=4930"},"modified":"2025-02-17T13:49:52","modified_gmt":"2025-02-17T12:49:52","slug":"valna-hromada-plzenskeho-krajskeho-svazu-2025","status":"publish","type":"post","link":"http:\/\/pkas.cz\/?p=4930","title":{"rendered":"Valn\u00e1 hromada Plze\u0148sk\u00e9ho krajsk\u00e9ho atletick\u00e9ho svazu 2025"},"content":{"rendered":"<div class=\"wp-block-image\">\n<figure class=\"aligncenter size-full is-resized\"><img loading=\"lazy\" decoding=\"async\" width=\"525\" height=\"344\" src=\"http:\/\/pkas.cz\/wp-content\/uploads\/2024\/02\/PKAS-logo-right-vetsi.png\" alt=\"\" class=\"wp-image-4287\" style=\"width:242px;height:auto\" srcset=\"http:\/\/pkas.cz\/wp-content\/uploads\/2024\/02\/PKAS-logo-right-vetsi.png 525w, http:\/\/pkas.cz\/wp-content\/uploads\/2024\/02\/PKAS-logo-right-vetsi-300x197.png 300w\" sizes=\"(max-width: 525px) 100vw, 525px\" \/><figcaption class=\"wp-element-caption\">   <\/figcaption><\/figure><\/div>\n\n\n<p>Ka\u017edoro\u010dn\u011b se sch\u00e1z\u00ed Valn\u00e1 hromada Plze\u0148sk\u00e9ho krajsk\u00e9ho atletick\u00e9ho svazu, v leto\u0161n\u00edm roce je sch\u016fze stanovena na \u010dtvrtek 20. 3. 2025 od 17 hodin v plze\u0148sk\u00e9m Hotelu Central.<\/p>\n\n\n\n<p>Ofici\u00e1ln\u00ed pozv\u00e1nku, program cel\u00e9 ch\u016fze a po\u010det deleg\u00e1t\u016f na valnou hromadu jednotliv\u00fdch klub\u016f Plze\u0148sk\u00e9ho kraje naleznete zde: <a href=\"http:\/\/pkas.cz\/wp-content\/uploads\/2025\/02\/Pozvanka_VH_PKAS_2025.pdf\" target=\"_blank\" rel=\"noreferrer noopener\">POZV\u00c1NKA, PROGRAM, DELEG\u00c1TI VH PKAS 2025<\/a><\/p>\n\n\n\n<p>Jeliko\u017e se jedn\u00e1 o sch\u016fzi, na kter\u00e9 se bude volit v\u00fdkonn\u00fd v\u00fdbor PKAS, byl ustanoven tak\u00e9 tajemn\u00edk volebn\u00ed komise valn\u00e9 hromady: <a href=\"http:\/\/pkas.cz\/wp-content\/uploads\/2025\/02\/Oznameni_o_jmenovani_tajemnika_volebni_komise_VH_PKAS_2025.pdf\" target=\"_blank\" rel=\"noreferrer noopener\">OZN\u00c1MEN\u00cd O JMENOV\u00c1N\u00cd TAJEMN\u00cdKA VOLEBN\u00cd KOMISE VH PKAS 2025<\/a><\/p>\n\n\n\n<p>Pro p\u0159\u00edpad pot\u0159eby zastoupen\u00ed deleg\u00e1ta na Valn\u00e9 hromad\u011b Plze\u0148sk\u00e9ho krajsk\u00e9ho atletick\u00e9ho svazu je nutn\u00e1 vypln\u011bn\u00e1 a podepsan\u00e1 pln\u00e1 moc, jej\u00ed\u017e formul\u00e1\u0159 p\u0159ikl\u00e1d\u00e1me zde: <a href=\"http:\/\/pkas.cz\/wp-content\/uploads\/2025\/02\/Plna_moc_VH_PKAS_2025.doc\">PLN\u00c1 MOC VH PKAS 2025<\/a><\/p>\n\n\n\n<p>Z\u00e1rove\u0148 p\u0159ikl\u00e1d\u00e1me tak\u00e9 formul\u00e1\u0159 pro mo\u017enost navrhnut\u00ed kandid\u00e1ta na Valnou hromadu \u010cesk\u00e9ho atletick\u00e9ho svazu, kter\u00e1 se bude konat na konci dubna: <a href=\"http:\/\/pkas.cz\/wp-content\/uploads\/2025\/02\/Navrh_kandidata_VH_CAS_2025.pdf\" target=\"_blank\" rel=\"noreferrer noopener\">N\u00c1VRH KANDID\u00c1TA VH \u010cAS 2025<\/a><\/p>\n","protected":false},"excerpt":{"rendered":"<p>Ka\u017edoro\u010dn\u011b se sch\u00e1z\u00ed Valn\u00e1 hromada Plze\u0148sk\u00e9ho krajsk\u00e9ho atletick\u00e9ho svazu, v leto\u0161n\u00edm roce je sch\u016fze stanovena na \u010dtvrtek 20. 3. 2025 od 17 hodin v plze\u0148sk\u00e9m&hellip;<\/p>\n","protected":false},"author":4,"featured_media":4287,"comment_status":"closed","ping_status":"closed","sticky":false,"template":"","format":"standard","meta":{"footnotes":""},"categories":[3],"tags":[],"jetpack_sharing_enabled":true,"jetpack_featured_media_url":"http:\/\/pkas.cz\/wp-content\/uploads\/2024\/02\/PKAS-logo-right-vetsi.png","_links":{"self":[{"href":"http:\/\/pkas.cz\/index.php?rest_route=\/wp\/v2\/posts\/4930"}],"collection":[{"href":"http:\/\/pkas.cz\/index.php?rest_route=\/wp\/v2\/posts"}],"about":[{"href":"http:\/\/pkas.cz\/index.php?rest_route=\/wp\/v2\/types\/post"}],"author":[{"embeddable":true,"href":"http:\/\/pkas.cz\/index.php?rest_route=\/wp\/v2\/users\/4"}],"replies":[{"embeddable":true,"href":"http:\/\/pkas.cz\/index.php?rest_route=%2Fwp%2Fv2%2Fcomments&post=4930"}],"version-history":[{"count":5,"href":"http:\/\/pkas.cz\/index.php?rest_route=\/wp\/v2\/posts\/4930\/revisions"}],"predecessor-version":[{"id":4939,"href":"http:\/\/pkas.cz\/index.php?rest_route=\/wp\/v2\/posts\/4930\/revisions\/4939"}],"wp:featuredmedia":[{"embeddable":true,"href":"http:\/\/pkas.cz\/index.php?rest_route=\/wp\/v2\/media\/4287"}],"wp:attachment":[{"href":"http:\/\/pkas.cz\/index.php?rest_route=%2Fwp%2Fv2%2Fmedia&parent=4930"}],"wp:term":[{"taxonomy":"category","embeddable":true,"href":"http:\/\/pkas.cz\/index.php?rest_route=%2Fwp%2Fv2%2Fcategories&post=4930"},{"taxonomy":"post_tag","embeddable":true,"href":"http:\/\/pkas.cz\/index.php?rest_route=%2Fwp%2Fv2%2Ftags&post=4930"}],"curies":[{"name":"wp","href":"https:\/\/api.w.org\/{rel}","templated":true}]}}