{"id":4928,"date":"2025-02-17T17:28:58","date_gmt":"2025-02-17T16:28:58","guid":{"rendered":"http:\/\/pkas.cz\/?p=4928"},"modified":"2025-02-17T17:28:59","modified_gmt":"2025-02-17T16:28:59","slug":"zapadocesti-atleti-vybojovali-na-gigantu-8-mistrovskych-titulu-3-stribra-a-2-bronzy","status":"publish","type":"post","link":"http:\/\/pkas.cz\/?p=4928","title":{"rendered":"Z\u00e1pado\u010de\u0161t\u00ed atleti vybojovali na gigantu 8 mistrovsk\u00fdch titul\u016f, 3 st\u0159\u00edbra a 2 bronzy"},"content":{"rendered":"\n<p>O uplynul\u00e9m v\u00edkendu 15.-16. 2. se v ostravsk\u00e9 hale konal n\u00e1rodn\u00ed \u0161ampion\u00e1t juniorsk\u00fdch a dorosteneck\u00fdch kategori\u00ed. Z\u00e1pado\u010de\u0161t\u00ed atleti na n\u011bm dohromady vybojovali hned 13 cenn\u00fdch kov\u016f, z \u010deho\u017e je dokonce 8 mistrovsk\u00fdch titul\u016f, a dva z nich posunuli vlastn\u00ed krajsk\u00e9 halov\u00e9 rekordy.<\/p>\n\n\n<div class=\"wp-block-image\">\n<figure class=\"alignleft size-large is-resized\"><img loading=\"lazy\" decoding=\"async\" width=\"1555\" height=\"1036\" src=\"http:\/\/pkas.cz\/wp-content\/uploads\/2025\/02\/spiroch-edited.jpg\" alt=\"\" class=\"wp-image-4946\" style=\"width:348px;height:auto\" srcset=\"http:\/\/pkas.cz\/wp-content\/uploads\/2025\/02\/spiroch-edited.jpg 1555w, http:\/\/pkas.cz\/wp-content\/uploads\/2025\/02\/spiroch-edited-300x200.jpg 300w, http:\/\/pkas.cz\/wp-content\/uploads\/2025\/02\/spiroch-edited-1024x682.jpg 1024w, http:\/\/pkas.cz\/wp-content\/uploads\/2025\/02\/spiroch-edited-768x512.jpg 768w, http:\/\/pkas.cz\/wp-content\/uploads\/2025\/02\/spiroch-edited-1536x1023.jpg 1536w\" sizes=\"(max-width: 1555px) 100vw, 1555px\" \/><figcaption class=\"wp-element-caption\"><em>Ond\u0159ej \u0160piroch<\/em><\/figcaption><\/figure><\/div>\n\n\n<p>Prvn\u00ed zlato vybojovala dorostenka <strong>Krist\u00fdna Z\u00e1ho\u0159ov\u00e1<\/strong> (AK \u0160KODA Plze\u0148), kter\u00e1 d\u00edky halov\u00e9mu osobn\u00edmu rekordu 601 cm ve skoku dalek\u00e9m nena\u0161la p\u0159emo\u017eitelku. Je\u0161t\u011b t\u00fd\u017e den p\u0159idal bronzovou medaili dorostenec <strong>Ond\u0159ej \u0160piroch<\/strong> (TJ Ban\u00edk St\u0159\u00edbro), kter\u00fd si na distanci 3 000 m rovn\u011b\u017e vytvo\u0159il nov\u00fd osobn\u00ed rekord 8:51.47 min. Ond\u0159ej pak v ned\u011bli zaz\u00e1\u0159il na trati 1 500 m, kdy\u017e pro\u0165al c\u00edlovou p\u00e1sku v \u010dase 4:05.18 min a stal se mistrem \u010cesk\u00e9 republiky. Dv\u011b zlata si na krk pov\u011bsila dorostenka <strong>Veronika B\u0159\u00edzov\u00e1<\/strong> (AK \u0160KODA Plze\u0148). Talentovan\u00e1 b\u011b\u017ekyn\u011b posunula na distanci 3 000 m vlastn\u00ed krajsk\u00fd rekord na \u010das 9:40.89 min, \u010d\u00edm\u017e vybojovala mistrovsk\u00fd titul a p\u0159ekonala tak\u00e9 dosavadn\u00ed rekord \u0161ampion\u00e1tu, a druh\u00fd den pak zv\u00edt\u011bzila na trati 1 500 m v \u010dase 4:36.57 min.<\/p>\n\n\n\n<div class=\"wp-block-columns is-layout-flex wp-container-core-columns-layout-1 wp-block-columns-is-layout-flex\">\n<div class=\"wp-block-column is-layout-flow wp-block-column-is-layout-flow\"><div class=\"wp-block-image\">\n<figure class=\"aligncenter size-large is-resized\"><img loading=\"lazy\" decoding=\"async\" width=\"1683\" height=\"1122\" src=\"http:\/\/pkas.cz\/wp-content\/uploads\/2025\/02\/brizova-edited.jpg\" alt=\"\" class=\"wp-image-4952\" style=\"width:340px;height:auto\" srcset=\"http:\/\/pkas.cz\/wp-content\/uploads\/2025\/02\/brizova-edited.jpg 1683w, http:\/\/pkas.cz\/wp-content\/uploads\/2025\/02\/brizova-edited-300x200.jpg 300w, http:\/\/pkas.cz\/wp-content\/uploads\/2025\/02\/brizova-edited-1024x683.jpg 1024w, http:\/\/pkas.cz\/wp-content\/uploads\/2025\/02\/brizova-edited-768x512.jpg 768w, http:\/\/pkas.cz\/wp-content\/uploads\/2025\/02\/brizova-edited-1536x1024.jpg 1536w\" sizes=\"(max-width: 1683px) 100vw, 1683px\" \/><figcaption class=\"wp-element-caption\"><em>Veronika B\u0159\u00edzov\u00e1<\/em><\/figcaption><\/figure><\/div><\/div>\n\n\n\n<div class=\"wp-block-column is-layout-flow wp-block-column-is-layout-flow\"><div class=\"wp-block-image\">\n<figure class=\"aligncenter size-large is-resized\"><img loading=\"lazy\" decoding=\"async\" width=\"1680\" height=\"1120\" src=\"http:\/\/pkas.cz\/wp-content\/uploads\/2025\/02\/riegel-edited.jpg\" alt=\"\" class=\"wp-image-4954\" style=\"width:342px;height:auto\" srcset=\"http:\/\/pkas.cz\/wp-content\/uploads\/2025\/02\/riegel-edited.jpg 1680w, http:\/\/pkas.cz\/wp-content\/uploads\/2025\/02\/riegel-edited-300x200.jpg 300w, http:\/\/pkas.cz\/wp-content\/uploads\/2025\/02\/riegel-edited-1024x683.jpg 1024w, http:\/\/pkas.cz\/wp-content\/uploads\/2025\/02\/riegel-edited-768x512.jpg 768w, http:\/\/pkas.cz\/wp-content\/uploads\/2025\/02\/riegel-edited-1536x1024.jpg 1536w\" sizes=\"(max-width: 1680px) 100vw, 1680px\" \/><figcaption class=\"wp-element-caption\"><em>Jan Riegel a Jan \u0160karban<\/em><\/figcaption><\/figure><\/div><\/div>\n<\/div>\n\n\n\n<p>Premi\u00e9rov\u00fd mistrovsk\u00fd titul vybojoval <strong>Jakub Marek<\/strong> (AC Doma\u017elice), kter\u00fd mezi dorostenci dokon\u010dil z\u00e1vod na 400 m jako prvn\u00ed v nov\u00e9m osobn\u00edm rekordu 48.74 s. Hned dva cenn\u00e9 kovy p\u0159inesl z\u00e1vod na 3 000 m junior\u016f. Jako prvn\u00ed pro\u0165al c\u00edlovou p\u00e1sku v nov\u00e9m osobn\u00edm maximu 8:37.58 min <strong>Jan Riegel<\/strong> (AC Doma\u017elice) a hned za n\u00edm fini\u0161oval <strong>Jan \u0160karban<\/strong> (AK \u0160KODA Plze\u0148) v \u010dase 8:38.96 min. Dv\u011bma zlat\u00fdmi medailemi se bl\u00fdskli tak\u00e9 \u0161kodov\u00e1\u010dt\u00ed vrha\u010di. Juniorka <strong>Karol\u00edna Machov\u00e1<\/strong> (AK \u0160KODA Plze\u0148) si v koula\u0159sk\u00e9m kruhu vytvo\u0159ila nov\u00fd halov\u00fd osobn\u00ed rekord 13.78 m a junior <strong>Franti\u0161ek Jab\u016frek<\/strong> (AK \u0160KODA Plze\u0148) dokonce d\u00edky nejdel\u0161\u00edmu pokusu 18.12 m posunul nejen sv\u00e9 koula\u0159sk\u00e9 maximum, ale tak\u00e9 vlastn\u00ed krajsk\u00fd rekord.<\/p>\n\n\n\n<div class=\"wp-block-columns is-layout-flex wp-container-core-columns-layout-2 wp-block-columns-is-layout-flex\">\n<div class=\"wp-block-column is-layout-flow wp-block-column-is-layout-flow\"><div class=\"wp-block-image\">\n<figure class=\"aligncenter size-large is-resized\"><img loading=\"lazy\" decoding=\"async\" width=\"1742\" height=\"1161\" src=\"http:\/\/pkas.cz\/wp-content\/uploads\/2025\/02\/jaburek-edited.jpg\" alt=\"\" class=\"wp-image-4962\" style=\"width:316px;height:auto\" srcset=\"http:\/\/pkas.cz\/wp-content\/uploads\/2025\/02\/jaburek-edited.jpg 1742w, http:\/\/pkas.cz\/wp-content\/uploads\/2025\/02\/jaburek-edited-300x200.jpg 300w, http:\/\/pkas.cz\/wp-content\/uploads\/2025\/02\/jaburek-edited-1024x682.jpg 1024w, http:\/\/pkas.cz\/wp-content\/uploads\/2025\/02\/jaburek-edited-768x512.jpg 768w, http:\/\/pkas.cz\/wp-content\/uploads\/2025\/02\/jaburek-edited-1536x1024.jpg 1536w\" sizes=\"(max-width: 1742px) 100vw, 1742px\" \/><figcaption class=\"wp-element-caption\"><em>Franti\u0161ek Jab\u016frek<\/em><\/figcaption><\/figure><\/div><\/div>\n\n\n\n<div class=\"wp-block-column is-layout-flow wp-block-column-is-layout-flow\"><div class=\"wp-block-image\">\n<figure class=\"aligncenter size-large is-resized\"><img loading=\"lazy\" decoding=\"async\" width=\"1571\" height=\"1047\" src=\"http:\/\/pkas.cz\/wp-content\/uploads\/2025\/02\/lavicka-edited.jpg\" alt=\"\" class=\"wp-image-4964\" style=\"width:314px;height:auto\" srcset=\"http:\/\/pkas.cz\/wp-content\/uploads\/2025\/02\/lavicka-edited.jpg 1571w, http:\/\/pkas.cz\/wp-content\/uploads\/2025\/02\/lavicka-edited-300x200.jpg 300w, http:\/\/pkas.cz\/wp-content\/uploads\/2025\/02\/lavicka-edited-1024x682.jpg 1024w, http:\/\/pkas.cz\/wp-content\/uploads\/2025\/02\/lavicka-edited-768x512.jpg 768w, http:\/\/pkas.cz\/wp-content\/uploads\/2025\/02\/lavicka-edited-1536x1024.jpg 1536w\" sizes=\"(max-width: 1571px) 100vw, 1571px\" \/><figcaption class=\"wp-element-caption\"><em>Jan Lavi\u010dka<\/em><\/figcaption><\/figure><\/div><\/div>\n<\/div>\n\n\n\n<p>St\u0159\u00edbrn\u00fd cenn\u00fd kov z\u00edskal junior <strong>Jan Lavi\u010dka<\/strong> (AK \u0160KODA Plze\u0148), kter\u00fd ve fin\u00e1le na 400 m posunul sv\u016fj osobn\u00ed rekord na 48.31 s. Na stejn\u00e9 um\u00edst\u011bn\u00ed dos\u00e1hl tak\u00e9 dorostenec <strong>Vojt\u011bch Ko\u017eeluh<\/strong> (TJ Sokol SG Plze\u0148-Pet\u0159\u00edn), kter\u00fd se nezalekl konkurence na 800 m a d\u00edky osobn\u00edmu maximu 1:57.04 min slav\u00ed st\u0159\u00edbrn\u00fd cenn\u00fd kov z n\u00e1rodn\u00edho \u0161ampion\u00e1tu. Na samotn\u00fd z\u00e1v\u011br \u0161ampion\u00e1tu pak \u0161tafeta na 4&#215;200 m <strong>juniorek AK \u0160KODY Plze\u0148<\/strong> ve slo\u017een\u00ed Krist\u00fdna Z\u00e1ho\u0159ov\u00e1, Valent\u00fdna Jindrov\u00e1, Ane\u017eka K\u00e1rn\u00edkov\u00e1 a Ane\u017eka Kr\u00e1lov\u00e1 vybojovala \u010dasem 1:41.01 min bronzovou medaili.<\/p>\n\n\n\n<p>Foto: \u010cAS &#8211; Jan Houska<\/p>\n\n\n<div class=\"wp-block-image\">\n<figure class=\"aligncenter size-large is-resized\"><img loading=\"lazy\" decoding=\"async\" width=\"1024\" height=\"682\" src=\"http:\/\/pkas.cz\/wp-content\/uploads\/2025\/02\/zahorova-k-1024x682.jpg\" alt=\"\" class=\"wp-image-4965\" style=\"width:386px;height:auto\" srcset=\"http:\/\/pkas.cz\/wp-content\/uploads\/2025\/02\/zahorova-k-1024x682.jpg 1024w, http:\/\/pkas.cz\/wp-content\/uploads\/2025\/02\/zahorova-k-300x200.jpg 300w, http:\/\/pkas.cz\/wp-content\/uploads\/2025\/02\/zahorova-k-768x512.jpg 768w, http:\/\/pkas.cz\/wp-content\/uploads\/2025\/02\/zahorova-k-1536x1024.jpg 1536w, http:\/\/pkas.cz\/wp-content\/uploads\/2025\/02\/zahorova-k.jpg 2000w\" sizes=\"(max-width: 1024px) 100vw, 1024px\" \/><figcaption class=\"wp-element-caption\"><em>Krist\u00fdna Z\u00e1ho\u0159ov\u00e1<\/em><\/figcaption><\/figure><\/div>","protected":false},"excerpt":{"rendered":"<p>O uplynul\u00e9m v\u00edkendu 15.-16. 2. se v ostravsk\u00e9 hale konal n\u00e1rodn\u00ed \u0161ampion\u00e1t juniorsk\u00fdch a dorosteneck\u00fdch kategori\u00ed. Z\u00e1pado\u010de\u0161t\u00ed atleti na n\u011bm dohromady vybojovali hned 13 cenn\u00fdch&hellip;<\/p>\n","protected":false},"author":4,"featured_media":4957,"comment_status":"closed","ping_status":"closed","sticky":false,"template":"","format":"standard","meta":{"footnotes":""},"categories":[1],"tags":[],"jetpack_sharing_enabled":true,"jetpack_featured_media_url":"http:\/\/pkas.cz\/wp-content\/uploads\/2025\/02\/marek-e1739802283137.jpg","_links":{"self":[{"href":"http:\/\/pkas.cz\/index.php?rest_route=\/wp\/v2\/posts\/4928"}],"collection":[{"href":"http:\/\/pkas.cz\/index.php?rest_route=\/wp\/v2\/posts"}],"about":[{"href":"http:\/\/pkas.cz\/index.php?rest_route=\/wp\/v2\/types\/post"}],"author":[{"embeddable":true,"href":"http:\/\/pkas.cz\/index.php?rest_route=\/wp\/v2\/users\/4"}],"replies":[{"embeddable":true,"href":"http:\/\/pkas.cz\/index.php?rest_route=%2Fwp%2Fv2%2Fcomments&post=4928"}],"version-history":[{"count":14,"href":"http:\/\/pkas.cz\/index.php?rest_route=\/wp\/v2\/posts\/4928\/revisions"}],"predecessor-version":[{"id":4966,"href":"http:\/\/pkas.cz\/index.php?rest_route=\/wp\/v2\/posts\/4928\/revisions\/4966"}],"wp:featuredmedia":[{"embeddable":true,"href":"http:\/\/pkas.cz\/index.php?rest_route=\/wp\/v2\/media\/4957"}],"wp:attachment":[{"href":"http:\/\/pkas.cz\/index.php?rest_route=%2Fwp%2Fv2%2Fmedia&parent=4928"}],"wp:term":[{"taxonomy":"category","embeddable":true,"href":"http:\/\/pkas.cz\/index.php?rest_route=%2Fwp%2Fv2%2Fcategories&post=4928"},{"taxonomy":"post_tag","embeddable":true,"href":"http:\/\/pkas.cz\/index.php?rest_route=%2Fwp%2Fv2%2Ftags&post=4928"}],"curies":[{"name":"wp","href":"https:\/\/api.w.org\/{rel}","templated":true}]}}