{"id":487,"date":"2019-10-01T22:49:31","date_gmt":"2019-10-01T20:49:31","guid":{"rendered":"http:\/\/pkas.cz\/?p=487"},"modified":"2019-10-01T23:15:14","modified_gmt":"2019-10-01T21:15:14","slug":"krajske-finale-stredoskolskeho-atletickeho-poharu-v-domazlicich","status":"publish","type":"post","link":"http:\/\/pkas.cz\/?p=487","title":{"rendered":"Krajsk\u00e9 fin\u00e1le St\u0159edo\u0161kolsk\u00e9ho atletick\u00e9ho poh\u00e1ru v Doma\u017elic\u00edch"},"content":{"rendered":"\n<h1 class=\"wp-block-heading\">Krajsk\u00e9 fin\u00e1le St\u0159edo\u0161kolsk\u00e9ho atletick\u00e9ho poh\u00e1ru v Doma\u017elic\u00edch<\/h1>\n\n\n\n<div class=\"wp-block-image\"><figure class=\"aligncenter\"><img decoding=\"async\" src=\"http:\/\/pkas.cz\/wp-content\/uploads\/2019\/10\/IMG_20191001_141453.jpg\" alt=\"\" class=\"wp-image-489\"\/><figcaption>V kategorii dorostu zv\u00edt\u011bzilo dru\u017estvo Gymn\u00e1zium St\u0159\u00edbro<\/figcaption><\/figure><\/div>\n\n\n\n<p>V \u00fater\u00fd 1. 10. se v Doma\u017elic\u00edch uskute\u010dnilo krajsk\u00e9 fin\u00e1le St\u0159edo\u0161kolsk\u00e9ho atletick\u00e9ho poh\u00e1ru. V kategorii dorostu zv\u00edt\u011bzil t\u00fdm Gymn\u00e1zium St\u0159\u00edbro, o necel\u00fdch 150 bod\u016f. V\u00edt\u011bzn\u00fd t\u00fdm se mohl spolehnout na v\u00fdkony hned dvou student\u016f (Jakuba David\u00edka a Adama Matulky), kte\u0159\u00ed v leto\u0161n\u00ed sezon\u011b nastupovali v atletick\u00e9 extralize. V\u00edt\u011bzn\u00fd t\u00fdm dorostenek Masarykovo gymn\u00e1zium podr\u017eela sv\u00fdmi v\u00fdkony rovn\u011b\u017e \u0159ada atletek. Nejv\u00edce bod\u016f v Doma\u017elic\u00edch nasb\u00edrala pro sv\u016fj v\u00edt\u011bzn\u00fd t\u00fdm Viktorie S\u00fdkorov\u00e1. Ob\u011bma t\u00fdm\u016fm budeme dr\u017eet palce 5. 12. na republikov\u00e9m fin\u00e1le v Ostrav\u011b. <\/p>\n\n\n\n<p>Celkov\u00e9 v\u00fdsledky naleznete <a href=\"https:\/\/online.atletika.cz\/vysledky\/40442\/0\/2\">zde<\/a>. <br><\/p>\n\n\n\n<p><\/p>\n","protected":false},"excerpt":{"rendered":"<p>Krajsk\u00e9 fin\u00e1le St\u0159edo\u0161kolsk\u00e9ho atletick\u00e9ho poh\u00e1ru v Doma\u017elic\u00edch V \u00fater\u00fd 1. 10. se v Doma\u017elic\u00edch uskute\u010dnilo krajsk\u00e9 fin\u00e1le St\u0159edo\u0161kolsk\u00e9ho atletick\u00e9ho poh\u00e1ru. V kategorii dorostu zv\u00edt\u011bzil t\u00fdm&hellip;<\/p>\n","protected":false},"author":3,"featured_media":492,"comment_status":"closed","ping_status":"closed","sticky":false,"template":"","format":"standard","meta":{"footnotes":""},"categories":[1],"tags":[],"jetpack_sharing_enabled":true,"jetpack_featured_media_url":"http:\/\/pkas.cz\/wp-content\/uploads\/2019\/10\/IMG_20191001_140927.jpg","_links":{"self":[{"href":"http:\/\/pkas.cz\/index.php?rest_route=\/wp\/v2\/posts\/487"}],"collection":[{"href":"http:\/\/pkas.cz\/index.php?rest_route=\/wp\/v2\/posts"}],"about":[{"href":"http:\/\/pkas.cz\/index.php?rest_route=\/wp\/v2\/types\/post"}],"author":[{"embeddable":true,"href":"http:\/\/pkas.cz\/index.php?rest_route=\/wp\/v2\/users\/3"}],"replies":[{"embeddable":true,"href":"http:\/\/pkas.cz\/index.php?rest_route=%2Fwp%2Fv2%2Fcomments&post=487"}],"version-history":[{"count":9,"href":"http:\/\/pkas.cz\/index.php?rest_route=\/wp\/v2\/posts\/487\/revisions"}],"predecessor-version":[{"id":503,"href":"http:\/\/pkas.cz\/index.php?rest_route=\/wp\/v2\/posts\/487\/revisions\/503"}],"wp:featuredmedia":[{"embeddable":true,"href":"http:\/\/pkas.cz\/index.php?rest_route=\/wp\/v2\/media\/492"}],"wp:attachment":[{"href":"http:\/\/pkas.cz\/index.php?rest_route=%2Fwp%2Fv2%2Fmedia&parent=487"}],"wp:term":[{"taxonomy":"category","embeddable":true,"href":"http:\/\/pkas.cz\/index.php?rest_route=%2Fwp%2Fv2%2Fcategories&post=487"},{"taxonomy":"post_tag","embeddable":true,"href":"http:\/\/pkas.cz\/index.php?rest_route=%2Fwp%2Fv2%2Ftags&post=487"}],"curies":[{"name":"wp","href":"https:\/\/api.w.org\/{rel}","templated":true}]}}