{"id":4803,"date":"2025-01-13T16:54:41","date_gmt":"2025-01-13T15:54:41","guid":{"rendered":"http:\/\/pkas.cz\/?p=4803"},"modified":"2025-01-13T17:07:36","modified_gmt":"2025-01-13T16:07:36","slug":"plzensky-kraj-zna-sve-nejlepsi-atlety-sezony-2024","status":"publish","type":"post","link":"http:\/\/pkas.cz\/?p=4803","title":{"rendered":"Plze\u0148sk\u00fd kraj zn\u00e1 nejlep\u0161\u00ed atlety sez\u00f3ny 2024"},"content":{"rendered":"\n<p>Ve \u010dtvrtek 9. 1. 2025 po\u0159\u00e1dal Plze\u0148sk\u00fd krajsk\u00fd atletick\u00fd svaz slavnostn\u00ed vyhl\u00e1\u0161en\u00ed ankety Atlet Plze\u0148sk\u00e9ho kraje 2024. Do spole\u010densk\u00e9ho s\u00e1lu v plze\u0148sk\u00fdch Skvr\u0148anech se v hojn\u00e9m po\u010dtu sjeli nominovan\u00ed z\u00e1vodn\u00edci a pozv\u00e1ni byli tak\u00e9 v\u00fdznamn\u00ed host\u00e9. Mezi n\u011b pat\u0159ili nap\u0159\u00edklad hejtman Plze\u0148sk\u00e9ho kraje Kamal Farhan, kter\u00fd se ujal \u00favodn\u00edho slova, radn\u00ed pro oblast podpory sportu, ml\u00e1de\u017ee a t\u011blov\u00fdchovy Tom\u00e1\u0161 Mor\u00e1vek a \u0159editelka Sportovn\u00edho gymn\u00e1zia Plze\u0148 Milena Majerov\u00e1.<\/p>\n\n\n<div class=\"wp-block-image\">\n<figure class=\"aligncenter size-full is-resized\"><img loading=\"lazy\" decoding=\"async\" width=\"553\" height=\"831\" src=\"http:\/\/pkas.cz\/wp-content\/uploads\/2025\/01\/farhan-edited.jpg\" alt=\"\" class=\"wp-image-4810\" style=\"width:194px;height:auto\" srcset=\"http:\/\/pkas.cz\/wp-content\/uploads\/2025\/01\/farhan-edited.jpg 553w, http:\/\/pkas.cz\/wp-content\/uploads\/2025\/01\/farhan-edited-200x300.jpg 200w\" sizes=\"(max-width: 553px) 100vw, 553px\" \/><figcaption class=\"wp-element-caption\"><em>hejtman PK Kamal Farhan<\/em><\/figcaption><\/figure><\/div>\n\n\n<p>V nejpresti\u017en\u011bj\u0161\u00ed kategorii dosp\u011bl\u00fdch zv\u00edt\u011bzil v\u00fd\u0161ka\u0159 <strong>Jan \u0160tefela<\/strong> (AK \u0160KODA Plze\u0148), kter\u00fd se na olympijsk\u00fdch hr\u00e1ch v Pa\u0159\u00ed\u017ei um\u00edstil na dev\u00e1t\u00e9 pozici. Sv\u011b\u0159enec Jaroslava B\u00e1by se bl\u00fdskl tak\u00e9 p\u00e1t\u00fdmi m\u00edsty na Halov\u00e9m mistrovstv\u00ed sv\u011bta v Glasgow a na Mistrovstv\u00ed Evropy pod otev\u0159en\u00fdm nebem v \u0158\u00edm\u011b. Hned \u010dty\u0159ikr\u00e1t jsme Jana \u0160tefelu vid\u011bli na z\u00e1vodech Diamantov\u00e9 ligy. D\u00edky posunut\u00ed osobn\u00edho rekordu na 230 cm se za\u0159adil na \u0161est\u00e9 m\u00edsto \u010desk\u00fdch historick\u00fdch tabulek a stanovil novou hodnotu krajsk\u00e9ho rekordu. <\/p>\n\n\n<div class=\"wp-block-image\">\n<figure class=\"alignleft size-large is-resized\"><img loading=\"lazy\" decoding=\"async\" width=\"787\" height=\"1024\" src=\"http:\/\/pkas.cz\/wp-content\/uploads\/2025\/01\/IMG_0600-787x1024.jpg\" alt=\"\" class=\"wp-image-4807\" style=\"width:272px;height:auto\" srcset=\"http:\/\/pkas.cz\/wp-content\/uploads\/2025\/01\/IMG_0600-787x1024.jpg 787w, http:\/\/pkas.cz\/wp-content\/uploads\/2025\/01\/IMG_0600-231x300.jpg 231w, http:\/\/pkas.cz\/wp-content\/uploads\/2025\/01\/IMG_0600-768x1000.jpg 768w, http:\/\/pkas.cz\/wp-content\/uploads\/2025\/01\/IMG_0600-1180x1536.jpg 1180w, http:\/\/pkas.cz\/wp-content\/uploads\/2025\/01\/IMG_0600-1574x2048.jpg 1574w, http:\/\/pkas.cz\/wp-content\/uploads\/2025\/01\/IMG_0600-scaled.jpg 1967w\" sizes=\"(max-width: 787px) 100vw, 787px\" \/><figcaption class=\"wp-element-caption\"><em>Vlastimil \u0160roubek, Jan \u0160tefela, Jan Hanzl, Tereza Petr\u017eilkov\u00e1<\/em><\/figcaption><\/figure><\/div>\n\n\n<p>Na druh\u00e9m m\u00edst\u011b skon\u010dila b\u011b\u017ekyn\u011b <strong>Tereza Hrochov\u00e1<\/strong> (AK \u0160KODA Plze\u0148), kter\u00e1 olympijsk\u00fd maratonsk\u00fd z\u00e1vod dokon\u010dila na 26. m\u00edst\u011b a na Mistrovstv\u00ed Evropy v \u0158\u00edm\u011b pro\u0165ala c\u00edlovou p\u00e1sku p\u016flmaratonu na 23. pozici. Sv\u011b\u0159enkyn\u011b Vladim\u00edra Bart\u016f\u0148ka tak\u00e9 v sez\u00f3n\u011b 2024 stanovila nov\u00e9 hodnoty krajsk\u00fdch rekord\u016f na p\u016flmaratonu a maratonu. <\/p>\n\n\n\n<p>\u010ctvrtka\u0159ka <strong>Tereza Petr\u017eilkov\u00e1<\/strong> (AK \u0160KODA Plze\u0148) si d\u00edky 33. m\u00edstu na olympijsk\u00fdch hr\u00e1ch v Pa\u0159\u00ed\u017ei vyslou\u017eila t\u0159et\u00ed m\u00edsto. Pod veden\u00edm Jana Hanzla se j\u00ed v oce\u0148ovan\u00e9 sez\u00f3n\u011b povedlo tak\u00e9 13. m\u00edsto na Halov\u00e9m mistrovstv\u00ed sv\u011bta v Glasgow, 14. m\u00edsto na Mistrovstv\u00ed Evropy v \u0158\u00edm\u011b a jako \u010dlenka \u0161tafety 4&#215;400 m m\u00e1 pod\u00edl na 7. m\u00edst\u011b z HMS v Glasgow. Opomenut nebyl ani nov\u00fd krajsk\u00fd rekord na 400 m v hale.<\/p>\n\n\n\n<p>Ov\u0161em nabit\u00e9 byly tak\u00e9 nominace dal\u0161\u00edch kategori\u00ed, jejich\u017e z\u00e1vodn\u00edci rovn\u011b\u017e vybojovali nes\u010detn\u011b republikov\u00fdch medail\u00ed, start\u016f na vrcholn\u00fdch mezin\u00e1rodn\u00edch z\u00e1vodech a dokonce padl tak\u00e9 \u017e\u00e1kovsk\u00fd n\u00e1rodn\u00ed rekord. Na nominovan\u00e9 se m\u016f\u017eete pod\u00edvat <a href=\"http:\/\/pkas.cz\/wp-content\/uploads\/2025\/01\/Prehled_nominovanych_atlet_roku_PKAS_2024.pdf\" target=\"_blank\" rel=\"noreferrer noopener\">zde<\/a>.<\/p>\n\n\n<div class=\"wp-block-image\">\n<figure class=\"alignright size-large is-resized\"><img loading=\"lazy\" decoding=\"async\" width=\"1024\" height=\"633\" src=\"http:\/\/pkas.cz\/wp-content\/uploads\/2025\/01\/IMG_0576-1024x633.jpg\" alt=\"\" class=\"wp-image-4822\" style=\"width:316px;height:auto\" srcset=\"http:\/\/pkas.cz\/wp-content\/uploads\/2025\/01\/IMG_0576-1024x633.jpg 1024w, http:\/\/pkas.cz\/wp-content\/uploads\/2025\/01\/IMG_0576-300x185.jpg 300w, http:\/\/pkas.cz\/wp-content\/uploads\/2025\/01\/IMG_0576-768x474.jpg 768w, http:\/\/pkas.cz\/wp-content\/uploads\/2025\/01\/IMG_0576-1536x949.jpg 1536w, http:\/\/pkas.cz\/wp-content\/uploads\/2025\/01\/IMG_0576-2048x1265.jpg 2048w\" sizes=\"(max-width: 1024px) 100vw, 1024px\" \/><figcaption class=\"wp-element-caption\"><em>kategorie dosp\u011bl\u00ed U23<\/em><\/figcaption><\/figure><\/div>\n\n\n<p style=\"font-size:15px;font-style:normal;font-weight:400\">Dosp\u011bl\u00ed:<br>1. m\u00edsto Jan \u0160tefela (AK \u0160KODA Plze\u0148), tren\u00e9r Jaroslav B\u00e1ba<br>2. m\u00edsto Tereza Hrochov\u00e1 (AK \u0160KODA Plze\u0148), tren\u00e9r Vladim\u00edr Bart\u016fn\u011bk<br>3. m\u00edsto Tereza Petr\u017eilkov\u00e1 (AK \u0160KODA Plze\u0148), tren\u00e9r Jan Hanzl<\/p>\n\n\n\n<p style=\"font-size:15px;font-style:normal;font-weight:400\">Dosp\u011bl\u00ed U23:<br>1. m\u00edsto Petra Si\u010dakov\u00e1 (AK \u0160KODA Plze\u0148), tren\u00e9r David Seker\u00e1k<br>2. m\u00edsto Daniela Voln\u00e1 (AK \u0160KODA Plze\u0148), tren\u00e9r Jakub Ryba<br>3. m\u00edsto S\u00e1ra Do\u010dekalov\u00e1 (AK \u0160KODA Plze\u0148), tren\u00e9rka Lucie Pla\u0161ilov\u00e1<\/p>\n\n\n\n<p style=\"font-size:15px;font-style:normal;font-weight:400\">Junio\u0159i:<br>1. m\u00edsto Ad\u00e9la Han\u00e1kov\u00e1 (AK \u0160KODA Plze\u0148), tren\u00e9r Ji\u0159\u00ed Kadla<br>2. m\u00edsto Ji\u0159\u00ed \u0160piroch (TJ Ban\u00edk St\u0159\u00edbro), tren\u00e9r Alexandr Matulka<br>3. m\u00edsto Pavel Fron\u011bk (AC Doma\u017elice), tren\u00e9\u0159i Petr Konop, Denisa Bene\u0161ov\u00e1<\/p>\n\n\n\n<p style=\"font-size:15px;font-style:normal;font-weight:400\">Dorost:<br>1. m\u00edsto Lucie Danielov\u00e1 (AK \u0160KODA Plze\u0148), tren\u00e9r V\u00e1clav Vr\u00e1nek<br>2. m\u00edsto Ond\u0159ej \u0160piroch (TJ Ban\u00edk St\u0159\u00edbro), tren\u00e9r Alexandr Matulka<br>3. m\u00edsto Aneta Doj\u010darov\u00e1 (AK \u0160KODA Plze\u0148), tren\u00e9r Ji\u0159\u00ed Malysa<\/p>\n\n\n\n<p style=\"font-size:15px;font-style:normal;font-weight:400\">\u017dactvo:<br>1. m\u00edsto Veronika B\u0159\u00edzov\u00e1 (AK \u0160KODA Plze\u0148), tren\u00e9r Vlastimil \u0160roubek<br>2. m\u00edsto Krist\u00fdna Z\u00e1ho\u0159ov\u00e1 (AK \u0160KODA Plze\u0148), tren\u00e9rka Adriana Ujkanovi\u010dov\u00e1<br>3. m\u00edsto Ane\u017eka Trhl\u00edkov\u00e1 (AC Doma\u017elice), tren\u00e9r Jan Ledvina<\/p>\n\n\n<div class=\"wp-block-image\">\n<figure class=\"aligncenter size-large is-resized\"><img loading=\"lazy\" decoding=\"async\" width=\"731\" height=\"1024\" src=\"http:\/\/pkas.cz\/wp-content\/uploads\/2025\/01\/IMG_0551-731x1024.jpg\" alt=\"\" class=\"wp-image-4836\" style=\"width:224px;height:auto\" srcset=\"http:\/\/pkas.cz\/wp-content\/uploads\/2025\/01\/IMG_0551-731x1024.jpg 731w, http:\/\/pkas.cz\/wp-content\/uploads\/2025\/01\/IMG_0551-214x300.jpg 214w, http:\/\/pkas.cz\/wp-content\/uploads\/2025\/01\/IMG_0551-768x1075.jpg 768w, http:\/\/pkas.cz\/wp-content\/uploads\/2025\/01\/IMG_0551-1097x1536.jpg 1097w, http:\/\/pkas.cz\/wp-content\/uploads\/2025\/01\/IMG_0551-1463x2048.jpg 1463w, http:\/\/pkas.cz\/wp-content\/uploads\/2025\/01\/IMG_0551-scaled.jpg 1828w\" sizes=\"(max-width: 731px) 100vw, 731px\" \/><figcaption class=\"wp-element-caption\"><em>juniorsk\u00e1 kategorie<\/em><\/figcaption><\/figure><\/div>\n\n\n<p>Cel\u00fdm ve\u010derem prov\u00e1zel pozvan\u00e9 z\u00e1vodn\u00edky, jejich tren\u00e9ry a hosty moder\u00e1tor Josef Ko\u017enar. Plze\u0148sk\u00fd krajsk\u00fd atletick\u00fd svaz zajistil tak\u00e9 doprovodn\u00fd program v podob\u011b hudebn\u00edho vystoupen\u00ed \u017e\u00e1kovsk\u00e9 kapely Periferie, p\u011bveck\u00e9ho vystoupen\u00ed D\u011btsk\u00e9ho sboru opery DJKT a zp\u011bva\u010dky a studentky konzervato\u0159e Ag\u00e1ty Kotrcov\u00e9, kterou na klav\u00edr doprovodil b\u00fdval\u00fd atlet a nyn\u00ed \u00fasp\u011b\u0161n\u00fd klav\u00edrista a pedagog filozofick\u00e9 fakulty Z\u010cU Tom\u00e1\u0161 Host\u00fdnek. P\u0159\u00edtomn\u00ed si u\u017eili tak\u00e9 dv\u011b tane\u010dn\u00ed vystoupen\u00ed. Prvn\u00ed p\u0159edvedla gymnastka Simona Rozsypalov\u00e1 z TJ Slavoj Plze\u0148 a o ochutn\u00e1vku street dance a disco dance se postarala \u0161estice d\u00edvek z plze\u0148sk\u00e9ho klubu Spider Dance Company. Na z\u00e1v\u011br byli v\u0161ichni pozv\u00e1ni na spole\u010dn\u00fd raut.<\/p>\n\n\n\n<p>V\u0161em ocen\u011bn\u00fdm a nominovan\u00fdm gratulujeme a v\u0161em, kte\u0159\u00ed se slavnostn\u00edho ve\u010dera z\u00fa\u010dastnili, d\u011bkujeme.<\/p>\n\n\n<div class=\"wp-block-image\">\n<figure class=\"alignleft size-large is-resized\"><img loading=\"lazy\" decoding=\"async\" width=\"683\" height=\"1024\" src=\"http:\/\/pkas.cz\/wp-content\/uploads\/2025\/01\/IMG_0528-683x1024.jpg\" alt=\"\" class=\"wp-image-4839\" style=\"width:236px;height:auto\" srcset=\"http:\/\/pkas.cz\/wp-content\/uploads\/2025\/01\/IMG_0528-683x1024.jpg 683w, http:\/\/pkas.cz\/wp-content\/uploads\/2025\/01\/IMG_0528-200x300.jpg 200w, http:\/\/pkas.cz\/wp-content\/uploads\/2025\/01\/IMG_0528-768x1152.jpg 768w, http:\/\/pkas.cz\/wp-content\/uploads\/2025\/01\/IMG_0528-1024x1536.jpg 1024w, http:\/\/pkas.cz\/wp-content\/uploads\/2025\/01\/IMG_0528-1365x2048.jpg 1365w, http:\/\/pkas.cz\/wp-content\/uploads\/2025\/01\/IMG_0528-scaled.jpg 1707w\" sizes=\"(max-width: 683px) 100vw, 683px\" \/><figcaption class=\"wp-element-caption\"><em>Ond\u0159ej \u0160prioch, Alexandr Matulk<\/em>a<\/figcaption><\/figure><\/div>\n\n<div class=\"wp-block-image\">\n<figure class=\"alignright size-large is-resized\"><img loading=\"lazy\" decoding=\"async\" width=\"728\" height=\"1024\" src=\"http:\/\/pkas.cz\/wp-content\/uploads\/2025\/01\/IMG_0519-728x1024.jpg\" alt=\"\" class=\"wp-image-4844\" style=\"width:253px;height:auto\" srcset=\"http:\/\/pkas.cz\/wp-content\/uploads\/2025\/01\/IMG_0519-728x1024.jpg 728w, http:\/\/pkas.cz\/wp-content\/uploads\/2025\/01\/IMG_0519-213x300.jpg 213w, http:\/\/pkas.cz\/wp-content\/uploads\/2025\/01\/IMG_0519-768x1080.jpg 768w, http:\/\/pkas.cz\/wp-content\/uploads\/2025\/01\/IMG_0519-1092x1536.jpg 1092w, http:\/\/pkas.cz\/wp-content\/uploads\/2025\/01\/IMG_0519-1456x2048.jpg 1456w, http:\/\/pkas.cz\/wp-content\/uploads\/2025\/01\/IMG_0519-scaled.jpg 1820w\" sizes=\"(max-width: 728px) 100vw, 728px\" \/><figcaption class=\"wp-element-caption\"><em>\u017e\u00e1kovsk\u00e1 kategorie<\/em><\/figcaption><\/figure><\/div>","protected":false},"excerpt":{"rendered":"<p>Ve \u010dtvrtek 9. 1. 2025 po\u0159\u00e1dal Plze\u0148sk\u00fd krajsk\u00fd atletick\u00fd svaz slavnostn\u00ed vyhl\u00e1\u0161en\u00ed ankety Atlet Plze\u0148sk\u00e9ho kraje 2024. Do spole\u010densk\u00e9ho s\u00e1lu v plze\u0148sk\u00fdch Skvr\u0148anech se v&hellip;<\/p>\n","protected":false},"author":4,"featured_media":4808,"comment_status":"closed","ping_status":"closed","sticky":false,"template":"","format":"standard","meta":{"footnotes":""},"categories":[1],"tags":[],"jetpack_sharing_enabled":true,"jetpack_featured_media_url":"http:\/\/pkas.cz\/wp-content\/uploads\/2025\/01\/IMG_0498-scaled.jpg","_links":{"self":[{"href":"http:\/\/pkas.cz\/index.php?rest_route=\/wp\/v2\/posts\/4803"}],"collection":[{"href":"http:\/\/pkas.cz\/index.php?rest_route=\/wp\/v2\/posts"}],"about":[{"href":"http:\/\/pkas.cz\/index.php?rest_route=\/wp\/v2\/types\/post"}],"author":[{"embeddable":true,"href":"http:\/\/pkas.cz\/index.php?rest_route=\/wp\/v2\/users\/4"}],"replies":[{"embeddable":true,"href":"http:\/\/pkas.cz\/index.php?rest_route=%2Fwp%2Fv2%2Fcomments&post=4803"}],"version-history":[{"count":57,"href":"http:\/\/pkas.cz\/index.php?rest_route=\/wp\/v2\/posts\/4803\/revisions"}],"predecessor-version":[{"id":4877,"href":"http:\/\/pkas.cz\/index.php?rest_route=\/wp\/v2\/posts\/4803\/revisions\/4877"}],"wp:featuredmedia":[{"embeddable":true,"href":"http:\/\/pkas.cz\/index.php?rest_route=\/wp\/v2\/media\/4808"}],"wp:attachment":[{"href":"http:\/\/pkas.cz\/index.php?rest_route=%2Fwp%2Fv2%2Fmedia&parent=4803"}],"wp:term":[{"taxonomy":"category","embeddable":true,"href":"http:\/\/pkas.cz\/index.php?rest_route=%2Fwp%2Fv2%2Fcategories&post=4803"},{"taxonomy":"post_tag","embeddable":true,"href":"http:\/\/pkas.cz\/index.php?rest_route=%2Fwp%2Fv2%2Ftags&post=4803"}],"curies":[{"name":"wp","href":"https:\/\/api.w.org\/{rel}","templated":true}]}}