{"id":4775,"date":"2024-11-26T16:51:35","date_gmt":"2024-11-26T15:51:35","guid":{"rendered":"http:\/\/pkas.cz\/?p=4775"},"modified":"2024-11-26T16:54:10","modified_gmt":"2024-11-26T15:54:10","slug":"pet-medaili-z-narodniho-sampionatu-v-prespolnim-behu","status":"publish","type":"post","link":"http:\/\/pkas.cz\/?p=4775","title":{"rendered":"P\u011bt medail\u00ed z n\u00e1rodn\u00edho \u0161ampion\u00e1tu v p\u0159espoln\u00edm b\u011bhu"},"content":{"rendered":"<div class=\"wp-block-image\">\n<figure class=\"aligncenter size-large is-resized\"><img loading=\"lazy\" decoding=\"async\" width=\"1024\" height=\"682\" src=\"http:\/\/pkas.cz\/wp-content\/uploads\/2024\/11\/brizova-1024x682.webp\" alt=\"\" class=\"wp-image-4778\" style=\"width:336px;height:auto\" srcset=\"http:\/\/pkas.cz\/wp-content\/uploads\/2024\/11\/brizova-1024x682.webp 1024w, http:\/\/pkas.cz\/wp-content\/uploads\/2024\/11\/brizova-300x200.webp 300w, http:\/\/pkas.cz\/wp-content\/uploads\/2024\/11\/brizova-768x512.webp 768w, http:\/\/pkas.cz\/wp-content\/uploads\/2024\/11\/brizova-1536x1024.webp 1536w, http:\/\/pkas.cz\/wp-content\/uploads\/2024\/11\/brizova.webp 2000w\" sizes=\"(max-width: 1024px) 100vw, 1024px\" \/><figcaption class=\"wp-element-caption\"> <\/figcaption><\/figure><\/div>\n\n\n<p>V ned\u011bli 24. 11. se v pra\u017esk\u00e9 Velk\u00e9 Chuchli konalo Mistrovstv\u00ed \u010cesk\u00e9 republiky v p\u0159espoln\u00edm b\u011bhu. Z Plze\u0148sk\u00e9ho kraje jsme na startu nap\u0159\u00ed\u010d kategoriemi vid\u011bli hned 62 z\u00e1vodn\u00edk\u016f &#8211; 8 mu\u017e\u016f, 3 \u017eeny, 3 juniory, 4 juniorky, 5 dorostenc\u016f, 2 dorostenky, 9 \u017e\u00e1k\u016f, 8 \u017e\u00e1ky\u0148, 7 mlad\u0161\u00edch \u017e\u00e1k\u016f, 13 mlad\u0161\u00edch \u017e\u00e1ky\u0148. P\u0159es cel\u00fd den z\u00e1vod\u011bn\u00ed dok\u00e1zali atleti z\u00e1pado\u010desk\u00fdch klub\u016f posb\u00edrat hned 5 cenn\u00fdch kov\u016f.<\/p>\n\n\n<div class=\"wp-block-image\">\n<figure class=\"aligncenter size-large is-resized\"><img loading=\"lazy\" decoding=\"async\" width=\"1024\" height=\"682\" src=\"http:\/\/pkas.cz\/wp-content\/uploads\/2024\/11\/marcik-1-1024x682.webp\" alt=\"\" class=\"wp-image-4781\" style=\"width:348px;height:auto\" srcset=\"http:\/\/pkas.cz\/wp-content\/uploads\/2024\/11\/marcik-1-1024x682.webp 1024w, http:\/\/pkas.cz\/wp-content\/uploads\/2024\/11\/marcik-1-300x200.webp 300w, http:\/\/pkas.cz\/wp-content\/uploads\/2024\/11\/marcik-1-768x512.webp 768w, http:\/\/pkas.cz\/wp-content\/uploads\/2024\/11\/marcik-1-1536x1024.webp 1536w, http:\/\/pkas.cz\/wp-content\/uploads\/2024\/11\/marcik-1.webp 2000w\" sizes=\"(max-width: 1024px) 100vw, 1024px\" \/><figcaption class=\"wp-element-caption\"> <\/figcaption><\/figure><\/div>\n\n\n<p>Na nejvy\u0161\u0161\u00ed stup\u00ednek dos\u00e1hl v mu\u017esk\u00e9m z\u00e1vod\u011b m\u00edla\u0159\u016f na 4 km Vladim\u00edr Mar\u010d\u00edk (AK \u0160KODA Plze\u0148), kter\u00fd za sebou v nap\u00ednav\u00e9m souboji nechal v\u0161echny soupe\u0159e. Mistrovsk\u00fd titul slav\u00ed tak\u00e9 \u017e\u00e1kyn\u011b Veronika B\u0159\u00edzov\u00e1 (AK \u0160KODA Plze\u0148), kter\u00e1 v z\u00e1vod\u011b dlouh\u00e9m 3 km pro\u0165ala c\u00edlovou p\u00e1sku jako prvn\u00ed. St\u0159\u00edbrnou medaili pak vybojovali mezi mu\u017ei vytrvalci, jejich\u017e tra\u0165 m\u011b\u0159ila 10 km, Patrik Vebr (AK \u0160KODA Plze\u0148) a na juniorsk\u00e9 trati dlouh\u00e9 6 km Ji\u0159\u00ed \u0160piroch (TJ Ban\u00edk St\u0159\u00edbro), kter\u00fd se tak dostal do nominace \u010cesk\u00e9 republiky na Mistrovstv\u00ed Evropy v p\u0159espoln\u00edm b\u011bhu. To se uskute\u010dn\u00ed 8 . prosince v tureck\u00e9 Antalyi. O velk\u00e9 p\u0159ekvapen\u00ed se pak postaral Adam Soukup (Aktiv Sport Hor\u0161ovsk\u00fd T\u00fdn), kter\u00fd v z\u00e1vod\u011b mlad\u0161\u00edch \u017e\u00e1k\u016f na 2 km vybojoval st\u0159\u00edbrn\u00fd cenn\u00fd kov.<\/p>\n\n\n\n<div class=\"wp-block-columns is-layout-flex wp-container-core-columns-layout-2 wp-block-columns-is-layout-flex\">\n<div class=\"wp-block-column is-layout-flow wp-block-column-is-layout-flow\" style=\"flex-basis:100%\">\n<div class=\"wp-block-columns is-layout-flex wp-container-core-columns-layout-1 wp-block-columns-is-layout-flex\">\n<div class=\"wp-block-column is-layout-flow wp-block-column-is-layout-flow\"><div class=\"wp-block-image\">\n<figure class=\"aligncenter size-large is-resized\"><img loading=\"lazy\" decoding=\"async\" width=\"1024\" height=\"682\" src=\"http:\/\/pkas.cz\/wp-content\/uploads\/2024\/11\/vebr-1024x682.jpg\" alt=\"\" class=\"wp-image-4779\" style=\"width:410px;height:auto\" srcset=\"http:\/\/pkas.cz\/wp-content\/uploads\/2024\/11\/vebr-1024x682.jpg 1024w, http:\/\/pkas.cz\/wp-content\/uploads\/2024\/11\/vebr-300x200.jpg 300w, http:\/\/pkas.cz\/wp-content\/uploads\/2024\/11\/vebr-768x512.jpg 768w, http:\/\/pkas.cz\/wp-content\/uploads\/2024\/11\/vebr-1536x1024.jpg 1536w, http:\/\/pkas.cz\/wp-content\/uploads\/2024\/11\/vebr.jpg 2000w\" sizes=\"(max-width: 1024px) 100vw, 1024px\" \/><\/figure><\/div><\/div>\n\n\n\n<div class=\"wp-block-column is-layout-flow wp-block-column-is-layout-flow\"><div class=\"wp-block-image\">\n<figure class=\"aligncenter size-large is-resized\"><img loading=\"lazy\" decoding=\"async\" width=\"1024\" height=\"682\" src=\"http:\/\/pkas.cz\/wp-content\/uploads\/2024\/11\/spiroch-j-1024x682.jpg\" alt=\"\" class=\"wp-image-4780\" style=\"width:413px;height:auto\" srcset=\"http:\/\/pkas.cz\/wp-content\/uploads\/2024\/11\/spiroch-j-1024x682.jpg 1024w, http:\/\/pkas.cz\/wp-content\/uploads\/2024\/11\/spiroch-j-300x200.jpg 300w, http:\/\/pkas.cz\/wp-content\/uploads\/2024\/11\/spiroch-j-768x512.jpg 768w, http:\/\/pkas.cz\/wp-content\/uploads\/2024\/11\/spiroch-j-1536x1024.jpg 1536w, http:\/\/pkas.cz\/wp-content\/uploads\/2024\/11\/spiroch-j.jpg 2000w\" sizes=\"(max-width: 1024px) 100vw, 1024px\" \/><\/figure><\/div><\/div>\n<\/div>\n<\/div>\n<\/div>\n\n\n\n<p>Foto: \u010cAS &#8211; Jan Houska<\/p>\n\n\n\n<p class=\"has-small-font-size\" style=\"font-style:normal;font-weight:400\">Pro zaj\u00edmavost statistika &#8211; po\u010det z\u00e1vodn\u00edk\u016f (kte\u0159\u00ed z\u00e1vod dokon\u010dili) z klub\u016f v Plze\u0148sk\u00e9m kraji:<br>AK \u0160KODA Plze\u0148 27<br>TJ Ban\u00edk St\u0159\u00edbro 9<br>TJ Sokol SG Plze\u0148-Pet\u0159\u00edn 9<br>Atletika Klatovy 6<br>AC Doma\u017elice 5<br>M\u00cdLA\u0158I Doma\u017elice 5<br>Aktiv Sport Hor\u0161ovsk\u00fd T\u00fdn 1<\/p>\n","protected":false},"excerpt":{"rendered":"<p>V ned\u011bli 24. 11. se v pra\u017esk\u00e9 Velk\u00e9 Chuchli konalo Mistrovstv\u00ed \u010cesk\u00e9 republiky v p\u0159espoln\u00edm b\u011bhu. Z Plze\u0148sk\u00e9ho kraje jsme na startu nap\u0159\u00ed\u010d kategoriemi vid\u011bli&hellip;<\/p>\n","protected":false},"author":4,"featured_media":4781,"comment_status":"closed","ping_status":"closed","sticky":false,"template":"","format":"standard","meta":{"footnotes":""},"categories":[1],"tags":[],"jetpack_sharing_enabled":true,"jetpack_featured_media_url":"http:\/\/pkas.cz\/wp-content\/uploads\/2024\/11\/marcik-1.webp","_links":{"self":[{"href":"http:\/\/pkas.cz\/index.php?rest_route=\/wp\/v2\/posts\/4775"}],"collection":[{"href":"http:\/\/pkas.cz\/index.php?rest_route=\/wp\/v2\/posts"}],"about":[{"href":"http:\/\/pkas.cz\/index.php?rest_route=\/wp\/v2\/types\/post"}],"author":[{"embeddable":true,"href":"http:\/\/pkas.cz\/index.php?rest_route=\/wp\/v2\/users\/4"}],"replies":[{"embeddable":true,"href":"http:\/\/pkas.cz\/index.php?rest_route=%2Fwp%2Fv2%2Fcomments&post=4775"}],"version-history":[{"count":5,"href":"http:\/\/pkas.cz\/index.php?rest_route=\/wp\/v2\/posts\/4775\/revisions"}],"predecessor-version":[{"id":4786,"href":"http:\/\/pkas.cz\/index.php?rest_route=\/wp\/v2\/posts\/4775\/revisions\/4786"}],"wp:featuredmedia":[{"embeddable":true,"href":"http:\/\/pkas.cz\/index.php?rest_route=\/wp\/v2\/media\/4781"}],"wp:attachment":[{"href":"http:\/\/pkas.cz\/index.php?rest_route=%2Fwp%2Fv2%2Fmedia&parent=4775"}],"wp:term":[{"taxonomy":"category","embeddable":true,"href":"http:\/\/pkas.cz\/index.php?rest_route=%2Fwp%2Fv2%2Fcategories&post=4775"},{"taxonomy":"post_tag","embeddable":true,"href":"http:\/\/pkas.cz\/index.php?rest_route=%2Fwp%2Fv2%2Ftags&post=4775"}],"curies":[{"name":"wp","href":"https:\/\/api.w.org\/{rel}","templated":true}]}}