{"id":4718,"date":"2024-10-13T20:13:07","date_gmt":"2024-10-13T18:13:07","guid":{"rendered":"http:\/\/pkas.cz\/?p=4718"},"modified":"2024-10-13T20:13:11","modified_gmt":"2024-10-13T18:13:11","slug":"ohlednuti-za-stredoskolskym-atletickym-poharem-2024","status":"publish","type":"post","link":"http:\/\/pkas.cz\/?p=4718","title":{"rendered":"Ohl\u00e9dnut\u00ed za St\u0159edo\u0161kolsk\u00fdm atletick\u00fdm poh\u00e1rem 2024"},"content":{"rendered":"\n<p>Letos na podzim prob\u011bhl ji\u017e 42. ro\u010dn\u00edk atletick\u00e9 sout\u011b\u017ee \u0161koln\u00edch dru\u017estev, kterou organizuje \u010cesk\u00fd atletick\u00fd svaz. Okresn\u00ed kola St\u0159edo\u0161kolsk\u00e9ho atletick\u00e9ho poh\u00e1ru prob\u011bhla 19. a 24. z\u00e1\u0159\u00ed v Doma\u017elic\u00edch, Klatovech, St\u0159\u00edbru a dv\u011b v Plzni. Z ka\u017ed\u00e9 skupiny se pak postupovalo do krajsk\u00e9ho fin\u00e1le, kter\u00e9 se uskute\u010dnilo 1. 10. 2024 v Doma\u017elic\u00edch. V n\u011bm se utkalo deset dru\u017estev dorostenek a sedm dru\u017estev dorostenc\u016f.<\/p>\n\n\n<div class=\"wp-block-image\">\n<figure class=\"aligncenter size-large is-resized\"><img loading=\"lazy\" decoding=\"async\" width=\"1024\" height=\"768\" src=\"http:\/\/pkas.cz\/wp-content\/uploads\/2024\/10\/06bf8422-05c7-4571-bc8b-fed5a65f9313-1024x768.jpg\" alt=\"\" class=\"wp-image-4723\" style=\"width:385px;height:auto\" srcset=\"http:\/\/pkas.cz\/wp-content\/uploads\/2024\/10\/06bf8422-05c7-4571-bc8b-fed5a65f9313-1024x768.jpg 1024w, http:\/\/pkas.cz\/wp-content\/uploads\/2024\/10\/06bf8422-05c7-4571-bc8b-fed5a65f9313-300x225.jpg 300w, http:\/\/pkas.cz\/wp-content\/uploads\/2024\/10\/06bf8422-05c7-4571-bc8b-fed5a65f9313-768x576.jpg 768w, http:\/\/pkas.cz\/wp-content\/uploads\/2024\/10\/06bf8422-05c7-4571-bc8b-fed5a65f9313.jpg 1057w\" sizes=\"(max-width: 1024px) 100vw, 1024px\" \/><figcaption class=\"wp-element-caption\"><em>Stupn\u011b v\u00edt\u011bz\u016f dorostenc\u016f na krajsk\u00e9m kole<\/em><\/figcaption><\/figure><\/div>\n\n\n<p>V kategorii d\u00edvek zv\u00edt\u011bzil t\u00fdm z plze\u0148sk\u00e9 \u0161koly SP\u0160 strojnick\u00e1 a SO\u0160 profesora \u0160vejcara, kter\u00fd posb\u00edral 8 246 bod\u016f. Na druh\u00e9m m\u00edst\u011b skon\u010dil t\u00fdm Masarykova gymn\u00e1zia Plze\u0148 (7 458 bod\u016f) a na bronzov\u00fd stup\u00ednek vysko\u010dilo dru\u017estvo Gymn\u00e1zia St\u0159\u00edbro (7 114 bod\u016f).<br>Kategorii chlapc\u016f opanovalo dru\u017estvo doma\u017elick\u00e9ho Gymn\u00e1zia J. \u0160. Baara, kter\u00e9 posb\u00edralo 8 022 bod\u016f. Druh\u00e9 m\u00edsto pat\u0159ilo t\u00fdmu St\u0159edn\u00ed pr\u016fmyslov\u00e9 \u0161koly Klatovy (7 916 bod\u016f) a na t\u0159et\u00ed pozici skon\u010dilo dru\u017estvo Masarykova gymn\u00e1zia Plze\u0148 (7 664 bod\u016f).<\/p>\n\n\n<div class=\"wp-block-image\">\n<figure class=\"aligncenter size-large is-resized\"><img loading=\"lazy\" decoding=\"async\" width=\"1024\" height=\"768\" src=\"http:\/\/pkas.cz\/wp-content\/uploads\/2024\/10\/103993c3-031e-4941-baba-4b0707a79253-1024x768.jpg\" alt=\"\" class=\"wp-image-4724\" style=\"width:401px;height:auto\" srcset=\"http:\/\/pkas.cz\/wp-content\/uploads\/2024\/10\/103993c3-031e-4941-baba-4b0707a79253-1024x768.jpg 1024w, http:\/\/pkas.cz\/wp-content\/uploads\/2024\/10\/103993c3-031e-4941-baba-4b0707a79253-300x225.jpg 300w, http:\/\/pkas.cz\/wp-content\/uploads\/2024\/10\/103993c3-031e-4941-baba-4b0707a79253-768x576.jpg 768w, http:\/\/pkas.cz\/wp-content\/uploads\/2024\/10\/103993c3-031e-4941-baba-4b0707a79253-1536x1152.jpg 1536w, http:\/\/pkas.cz\/wp-content\/uploads\/2024\/10\/103993c3-031e-4941-baba-4b0707a79253.jpg 1817w\" sizes=\"(max-width: 1024px) 100vw, 1024px\" \/><figcaption class=\"wp-element-caption\"><em>Stupn\u011b v\u00edt\u011bz\u016f dorostenek na krajsk\u00e9m kole<\/em><\/figcaption><\/figure><\/div>\n\n\n<p>V\u00edt\u011bzn\u00e1 dru\u017estva pak postoupila do Republikov\u00e9ho fin\u00e1le, kter\u00e9 se odehr\u00e1lo 10. 10. 2024 v B\u0159eclavi. Na n\u011bm se l\u00e9pe um\u00edstilo dru\u017estvo d\u00edvek z plze\u0148sk\u00e9 \u0161koly SP\u0160 strojnick\u00e1 a SO\u0160 profesora \u0160vejcara, kter\u00e9 posb\u00edralo 8 693 bod\u016f a ze sedmn\u00e1cti \u0161kol skon\u010dilo na kr\u00e1sn\u00e9 8. pozici. To chlapeck\u00fd t\u00fdm z doma\u017elick\u00e9ho Gymn\u00e1zia J. \u0160. Baara ubojovalo d\u00edky 7 416 bod\u016fm osmn\u00e1ctou p\u0159\u00ed\u010dku.<\/p>\n\n\n\n<p>V\u0161em \u0161kol\u00e1m a gymn\u00e1zi\u00edm d\u011bkujeme za \u00fa\u010dast.<\/p>\n\n\n\n<p>Kompletn\u00ed informace o sout\u011b\u017ei naleznete<a href=\"https:\/\/www.stredoskolskypohar.cz\/\" target=\"_blank\" rel=\"noreferrer noopener\"> zde<\/a>, v\u00fdsledky krajsk\u00e9ho kola na <a href=\"https:\/\/online.atletika.cz\/vysledky\/77893\" target=\"_blank\" rel=\"noreferrer noopener\">tomto odkazu<\/a> a v\u00fdsledky z republikov\u00e9ho fin\u00e1le <a href=\"https:\/\/online.atletika.cz\/vysledky\/77711\" target=\"_blank\" rel=\"noreferrer noopener\">zde<\/a>.<\/p>\n\n\n<div class=\"wp-block-image\">\n<figure class=\"aligncenter size-large is-resized\"><img loading=\"lazy\" decoding=\"async\" width=\"1636\" height=\"1227\" src=\"http:\/\/pkas.cz\/wp-content\/uploads\/2024\/10\/0cd11e0f-1aee-4ed6-bc61-f22951136cbd-edited.jpg\" alt=\"\" class=\"wp-image-4726\" style=\"width:392px;height:auto\" srcset=\"http:\/\/pkas.cz\/wp-content\/uploads\/2024\/10\/0cd11e0f-1aee-4ed6-bc61-f22951136cbd-edited.jpg 1636w, http:\/\/pkas.cz\/wp-content\/uploads\/2024\/10\/0cd11e0f-1aee-4ed6-bc61-f22951136cbd-edited-300x225.jpg 300w, http:\/\/pkas.cz\/wp-content\/uploads\/2024\/10\/0cd11e0f-1aee-4ed6-bc61-f22951136cbd-edited-1024x768.jpg 1024w, http:\/\/pkas.cz\/wp-content\/uploads\/2024\/10\/0cd11e0f-1aee-4ed6-bc61-f22951136cbd-edited-768x576.jpg 768w, http:\/\/pkas.cz\/wp-content\/uploads\/2024\/10\/0cd11e0f-1aee-4ed6-bc61-f22951136cbd-edited-1536x1152.jpg 1536w\" sizes=\"(max-width: 1636px) 100vw, 1636px\" \/><\/figure><\/div>","protected":false},"excerpt":{"rendered":"<p>Letos na podzim prob\u011bhl ji\u017e 42. ro\u010dn\u00edk atletick\u00e9 sout\u011b\u017ee \u0161koln\u00edch dru\u017estev, kterou organizuje \u010cesk\u00fd atletick\u00fd svaz. Okresn\u00ed kola St\u0159edo\u0161kolsk\u00e9ho atletick\u00e9ho poh\u00e1ru prob\u011bhla 19. a 24.&hellip;<\/p>\n","protected":false},"author":4,"featured_media":4723,"comment_status":"closed","ping_status":"closed","sticky":false,"template":"","format":"standard","meta":{"footnotes":""},"categories":[1],"tags":[],"jetpack_sharing_enabled":true,"jetpack_featured_media_url":"http:\/\/pkas.cz\/wp-content\/uploads\/2024\/10\/06bf8422-05c7-4571-bc8b-fed5a65f9313.jpg","_links":{"self":[{"href":"http:\/\/pkas.cz\/index.php?rest_route=\/wp\/v2\/posts\/4718"}],"collection":[{"href":"http:\/\/pkas.cz\/index.php?rest_route=\/wp\/v2\/posts"}],"about":[{"href":"http:\/\/pkas.cz\/index.php?rest_route=\/wp\/v2\/types\/post"}],"author":[{"embeddable":true,"href":"http:\/\/pkas.cz\/index.php?rest_route=\/wp\/v2\/users\/4"}],"replies":[{"embeddable":true,"href":"http:\/\/pkas.cz\/index.php?rest_route=%2Fwp%2Fv2%2Fcomments&post=4718"}],"version-history":[{"count":4,"href":"http:\/\/pkas.cz\/index.php?rest_route=\/wp\/v2\/posts\/4718\/revisions"}],"predecessor-version":[{"id":4727,"href":"http:\/\/pkas.cz\/index.php?rest_route=\/wp\/v2\/posts\/4718\/revisions\/4727"}],"wp:featuredmedia":[{"embeddable":true,"href":"http:\/\/pkas.cz\/index.php?rest_route=\/wp\/v2\/media\/4723"}],"wp:attachment":[{"href":"http:\/\/pkas.cz\/index.php?rest_route=%2Fwp%2Fv2%2Fmedia&parent=4718"}],"wp:term":[{"taxonomy":"category","embeddable":true,"href":"http:\/\/pkas.cz\/index.php?rest_route=%2Fwp%2Fv2%2Fcategories&post=4718"},{"taxonomy":"post_tag","embeddable":true,"href":"http:\/\/pkas.cz\/index.php?rest_route=%2Fwp%2Fv2%2Ftags&post=4718"}],"curies":[{"name":"wp","href":"https:\/\/api.w.org\/{rel}","templated":true}]}}