{"id":4695,"date":"2024-09-25T10:00:00","date_gmt":"2024-09-25T08:00:00","guid":{"rendered":"http:\/\/pkas.cz\/?p=4695"},"modified":"2024-09-24T10:37:21","modified_gmt":"2024-09-24T08:37:21","slug":"ak-skoda-plzen-bronzova-na-clash-of-the-clubs","status":"publish","type":"post","link":"http:\/\/pkas.cz\/?p=4695","title":{"rendered":"AK \u0160KODA Plze\u0148 bronzov\u00e1 na Clash of the Clubs"},"content":{"rendered":"\n<p>Portugalsk\u00e9 m\u011bsto Pombal hostilo o v\u00edkendu 21. a 22. 9. t\u0159et\u00ed ro\u010dn\u00edk atletick\u00e9ho souboje mistrovsk\u00fdch klub\u016f v kategorii do 20 let. Z\u00e1vodu Clash of the Clubs, pat\u0159\u00edc\u00ed do form\u00e1tu DNA (dynamick\u00e1 atletika), se \u00fa\u010dastnilo 12 t\u00fdm\u016f z 11 evropsk\u00fdch zem\u00ed. Za \u010ceskou republiku se stejn\u011b jako v Castell\u00f3nu 2022 a lo\u0148sk\u00e9m \u0158\u00edm\u011b nominovalo dru\u017estvo junior\u016f a juniorek z AK \u0160KODY Plze\u0148.<\/p>\n\n\n\n<p>Z\u00e1vody formou dynamick\u00e9 atletiky nab\u00edz\u00ed zaj\u00edmavou a nap\u00ednavou pod\u00edvanou. Z\u00e1vodn\u00edci sb\u00edraj\u00ed body v jednotliv\u00fdch discipl\u00edn\u00e1ch, aby m\u011blo dru\u017estvo co nejlep\u0161\u00ed postaven\u00ed do z\u00e1v\u011bre\u010dn\u00e9 st\u00edhac\u00ed \u0161tafety, ve kter\u00e9 se rozhoduje o definitivn\u00edm po\u0159ad\u00ed.<\/p>\n\n\n<div class=\"wp-block-image\">\n<figure class=\"aligncenter size-large is-resized\"><img loading=\"lazy\" decoding=\"async\" width=\"1024\" height=\"812\" src=\"http:\/\/pkas.cz\/wp-content\/uploads\/2024\/09\/9b9d2e49-bd2e-4322-afc7-5e1de359b00e-1024x812.jpg\" alt=\"\" class=\"wp-image-4696\" style=\"width:406px;height:auto\" srcset=\"http:\/\/pkas.cz\/wp-content\/uploads\/2024\/09\/9b9d2e49-bd2e-4322-afc7-5e1de359b00e-1024x812.jpg 1024w, http:\/\/pkas.cz\/wp-content\/uploads\/2024\/09\/9b9d2e49-bd2e-4322-afc7-5e1de359b00e-300x238.jpg 300w, http:\/\/pkas.cz\/wp-content\/uploads\/2024\/09\/9b9d2e49-bd2e-4322-afc7-5e1de359b00e-768x609.jpg 768w, http:\/\/pkas.cz\/wp-content\/uploads\/2024\/09\/9b9d2e49-bd2e-4322-afc7-5e1de359b00e.jpg 1345w\" sizes=\"(max-width: 1024px) 100vw, 1024px\" \/><figcaption class=\"wp-element-caption\">   <\/figcaption><\/figure><\/div>\n\n\n<p>V sobotn\u00edch skupinov\u00fdch kl\u00e1n\u00edch figuroval t\u00fdm \u0160kodovky na druh\u00e9m m\u00edst\u011b, ve st\u00edhac\u00ed \u0161tafet\u011b zv\u00edt\u011bzil a jasn\u011b tak postoupil do fin\u00e1lov\u00e9ho kl\u00e1n\u00ed A. V n\u011bm se nach\u00e1zel pr\u016fb\u011b\u017en\u011b na p\u00e1t\u00e9 pozici, a to a\u017e do rozhoduj\u00edc\u00ed \u0161tafety. B\u011bhem t\u00e9 se ale dok\u00e1zal vypracovat a\u017e na kone\u010dn\u00e9 t\u0159et\u00ed m\u00edsto a juniorsk\u00e9 dru\u017estvo z AK \u0160KODY Plze\u0148 tak vybojovalo bronzov\u00e9 medaile v evropsk\u00e9 konkurenci. Zv\u00edt\u011bzilo dru\u017estvo d\u00e1nsk\u00e9ho klubu Sparta Atletik Loeb a na druh\u00e9m m\u00edst\u011b skon\u010dilo dru\u017estvo \u0161pan\u011blsk\u00e9ho SK Elite Sport Castellon.<\/p>\n\n\n<div class=\"wp-block-image\">\n<figure class=\"aligncenter size-large is-resized\"><img loading=\"lazy\" decoding=\"async\" width=\"1024\" height=\"682\" src=\"http:\/\/pkas.cz\/wp-content\/uploads\/2024\/09\/4cb182d4-19eb-49fb-9c13-dfbcb0850c54-1024x682.jpg\" alt=\"\" class=\"wp-image-4697\" style=\"width:431px;height:auto\" srcset=\"http:\/\/pkas.cz\/wp-content\/uploads\/2024\/09\/4cb182d4-19eb-49fb-9c13-dfbcb0850c54-1024x682.jpg 1024w, http:\/\/pkas.cz\/wp-content\/uploads\/2024\/09\/4cb182d4-19eb-49fb-9c13-dfbcb0850c54-300x200.jpg 300w, http:\/\/pkas.cz\/wp-content\/uploads\/2024\/09\/4cb182d4-19eb-49fb-9c13-dfbcb0850c54-768x512.jpg 768w, http:\/\/pkas.cz\/wp-content\/uploads\/2024\/09\/4cb182d4-19eb-49fb-9c13-dfbcb0850c54-1536x1023.jpg 1536w, http:\/\/pkas.cz\/wp-content\/uploads\/2024\/09\/4cb182d4-19eb-49fb-9c13-dfbcb0850c54.jpg 1600w\" sizes=\"(max-width: 1024px) 100vw, 1024px\" \/><\/figure><\/div>","protected":false},"excerpt":{"rendered":"<p>Portugalsk\u00e9 m\u011bsto Pombal hostilo o v\u00edkendu 21. a 22. 9. t\u0159et\u00ed ro\u010dn\u00edk atletick\u00e9ho souboje mistrovsk\u00fdch klub\u016f v kategorii do 20 let. Z\u00e1vodu Clash of the&hellip;<\/p>\n","protected":false},"author":4,"featured_media":4697,"comment_status":"closed","ping_status":"closed","sticky":false,"template":"","format":"standard","meta":{"footnotes":""},"categories":[1],"tags":[],"jetpack_sharing_enabled":true,"jetpack_featured_media_url":"http:\/\/pkas.cz\/wp-content\/uploads\/2024\/09\/4cb182d4-19eb-49fb-9c13-dfbcb0850c54.jpg","_links":{"self":[{"href":"http:\/\/pkas.cz\/index.php?rest_route=\/wp\/v2\/posts\/4695"}],"collection":[{"href":"http:\/\/pkas.cz\/index.php?rest_route=\/wp\/v2\/posts"}],"about":[{"href":"http:\/\/pkas.cz\/index.php?rest_route=\/wp\/v2\/types\/post"}],"author":[{"embeddable":true,"href":"http:\/\/pkas.cz\/index.php?rest_route=\/wp\/v2\/users\/4"}],"replies":[{"embeddable":true,"href":"http:\/\/pkas.cz\/index.php?rest_route=%2Fwp%2Fv2%2Fcomments&post=4695"}],"version-history":[{"count":1,"href":"http:\/\/pkas.cz\/index.php?rest_route=\/wp\/v2\/posts\/4695\/revisions"}],"predecessor-version":[{"id":4698,"href":"http:\/\/pkas.cz\/index.php?rest_route=\/wp\/v2\/posts\/4695\/revisions\/4698"}],"wp:featuredmedia":[{"embeddable":true,"href":"http:\/\/pkas.cz\/index.php?rest_route=\/wp\/v2\/media\/4697"}],"wp:attachment":[{"href":"http:\/\/pkas.cz\/index.php?rest_route=%2Fwp%2Fv2%2Fmedia&parent=4695"}],"wp:term":[{"taxonomy":"category","embeddable":true,"href":"http:\/\/pkas.cz\/index.php?rest_route=%2Fwp%2Fv2%2Fcategories&post=4695"},{"taxonomy":"post_tag","embeddable":true,"href":"http:\/\/pkas.cz\/index.php?rest_route=%2Fwp%2Fv2%2Ftags&post=4695"}],"curies":[{"name":"wp","href":"https:\/\/api.w.org\/{rel}","templated":true}]}}