{"id":4658,"date":"2024-09-01T22:10:28","date_gmt":"2024-09-01T20:10:28","guid":{"rendered":"http:\/\/pkas.cz\/?p=4658"},"modified":"2024-09-01T22:10:32","modified_gmt":"2024-09-01T20:10:32","slug":"jedenact-medaili-z-mcr-do-22-let-pro-plzensky-kraj","status":"publish","type":"post","link":"http:\/\/pkas.cz\/?p=4658","title":{"rendered":"Jeden\u00e1ct medail\u00ed z M\u010cR do 22 let pro Plze\u0148sk\u00fd kraj"},"content":{"rendered":"<div class=\"wp-block-image\">\n<figure class=\"aligncenter size-large is-resized\"><img loading=\"lazy\" decoding=\"async\" width=\"1024\" height=\"682\" src=\"http:\/\/pkas.cz\/wp-content\/uploads\/2024\/09\/kubousek-1024x682.webp\" alt=\"\" class=\"wp-image-4661\" style=\"width:342px;height:auto\" srcset=\"http:\/\/pkas.cz\/wp-content\/uploads\/2024\/09\/kubousek-1024x682.webp 1024w, http:\/\/pkas.cz\/wp-content\/uploads\/2024\/09\/kubousek-300x200.webp 300w, http:\/\/pkas.cz\/wp-content\/uploads\/2024\/09\/kubousek-768x512.webp 768w, http:\/\/pkas.cz\/wp-content\/uploads\/2024\/09\/kubousek-1536x1024.webp 1536w, http:\/\/pkas.cz\/wp-content\/uploads\/2024\/09\/kubousek.webp 2000w\" sizes=\"(max-width: 1024px) 100vw, 1024px\" \/><\/figure><\/div>\n\n\n<p>O srpnov\u00e9m v\u00edkendu 24. a 25. 8. 2024 se konalo Mistrovstv\u00ed \u010cesk\u00e9 republiky do 22 let. Na dr\u00e1ze v Jablonci nad Nisou posb\u00edrali z\u00e1pado\u010de\u0161t\u00ed atleti hned 11 cenn\u00fdch kov\u016f &#8211; 6 zlat\u00fdch, 4 st\u0159\u00edbrn\u00e9 a 1 bronzovou. Vedle bohat\u00e9 sb\u00edrky medail\u00ed jsme vid\u011bli tak\u00e9 n\u011bkolik fin\u00e1lov\u00fdch um\u00edst\u011bn\u00ed.<\/p>\n\n\n\n<p><span style=\"text-decoration: underline;\">1. m\u00edsto<\/span><br>Lucie Zavadilov\u00e1 (AK \u0160KODA Plze\u0148) 400 m, 54.62 s<br>Simona Kubou\u0161kov\u00e1 (AC Doma\u017elice) kladivo, 56.66 m<br>Nick Vr\u00e1nek (AK \u0160KODA Plze\u0148) kladivo, 61.49 m<br>S\u00e1ra Do\u010dekalov\u00e1 (AK \u0160KODA Plze\u0148) disk, 47.26 m<br>Petra Si\u010dakov\u00e1 (AK \u0160KODA Plze\u0148) o\u0161t\u011bp, 55.21 m<br>Jan V\u00fd\u0161ka (AK \u0160KODA Plze\u0148) o\u0161t\u011bp, 70.20 m<\/p>\n\n\n\n<p><span style=\"text-decoration: underline;\">2. m\u00edsto<\/span><br>Tom\u00e1\u0161 Proch\u00e1zka (AK \u0160KODA Plze\u0148) koule, 16.32 m<br>Eli\u0161ka Dobe\u0161ov\u00e1 (AK \u0160KODA Plze\u0148) disk, 45.16 m<br>AK \u0160KODA Plze\u0148 (Bohmov\u00e1, Jindrov\u00e1, Kr\u00e1lov\u00e1, Salcmanov\u00e1) \u017eeny 4&#215;100 m, 47.61 s<br>AK \u0160KODA Plze\u0148 (Zavadilov\u00e1, Kr\u00e1lov\u00e1, Jindrov\u00e1, Matou\u0161kov\u00e1) \u017eeny 4&#215;400 m, 3:49.97 min<\/p>\n\n\n\n<p><span style=\"text-decoration: underline;\">3. m\u00edsto<\/span><br>Kate\u0159ina Salcmanov\u00e1 (AK \u0160KODA Plze\u0148) d\u00e1lka, 588 cm<\/p>\n\n\n<div class=\"wp-block-image\">\n<figure class=\"aligncenter size-large is-resized\"><img loading=\"lazy\" decoding=\"async\" width=\"1024\" height=\"682\" src=\"http:\/\/pkas.cz\/wp-content\/uploads\/2024\/09\/disk-1024x682.webp\" alt=\"\" class=\"wp-image-4660\" style=\"width:311px;height:auto\" srcset=\"http:\/\/pkas.cz\/wp-content\/uploads\/2024\/09\/disk-1024x682.webp 1024w, http:\/\/pkas.cz\/wp-content\/uploads\/2024\/09\/disk-300x200.webp 300w, http:\/\/pkas.cz\/wp-content\/uploads\/2024\/09\/disk-768x512.webp 768w, http:\/\/pkas.cz\/wp-content\/uploads\/2024\/09\/disk-1536x1024.webp 1536w, http:\/\/pkas.cz\/wp-content\/uploads\/2024\/09\/disk.webp 2000w\" sizes=\"(max-width: 1024px) 100vw, 1024px\" \/><\/figure><\/div>\n\n\n<p>Foto: \u010cAS &#8211; Ji\u0159\u00ed Marek<\/p>\n","protected":false},"excerpt":{"rendered":"<p>O srpnov\u00e9m v\u00edkendu 24. a 25. 8. 2024 se konalo Mistrovstv\u00ed \u010cesk\u00e9 republiky do 22 let. Na dr\u00e1ze v Jablonci nad Nisou posb\u00edrali z\u00e1pado\u010de\u0161t\u00ed atleti&hellip;<\/p>\n","protected":false},"author":4,"featured_media":4662,"comment_status":"closed","ping_status":"closed","sticky":false,"template":"","format":"standard","meta":{"footnotes":""},"categories":[1],"tags":[],"jetpack_sharing_enabled":true,"jetpack_featured_media_url":"http:\/\/pkas.cz\/wp-content\/uploads\/2024\/09\/zavadil.webp","_links":{"self":[{"href":"http:\/\/pkas.cz\/index.php?rest_route=\/wp\/v2\/posts\/4658"}],"collection":[{"href":"http:\/\/pkas.cz\/index.php?rest_route=\/wp\/v2\/posts"}],"about":[{"href":"http:\/\/pkas.cz\/index.php?rest_route=\/wp\/v2\/types\/post"}],"author":[{"embeddable":true,"href":"http:\/\/pkas.cz\/index.php?rest_route=\/wp\/v2\/users\/4"}],"replies":[{"embeddable":true,"href":"http:\/\/pkas.cz\/index.php?rest_route=%2Fwp%2Fv2%2Fcomments&post=4658"}],"version-history":[{"count":2,"href":"http:\/\/pkas.cz\/index.php?rest_route=\/wp\/v2\/posts\/4658\/revisions"}],"predecessor-version":[{"id":4663,"href":"http:\/\/pkas.cz\/index.php?rest_route=\/wp\/v2\/posts\/4658\/revisions\/4663"}],"wp:featuredmedia":[{"embeddable":true,"href":"http:\/\/pkas.cz\/index.php?rest_route=\/wp\/v2\/media\/4662"}],"wp:attachment":[{"href":"http:\/\/pkas.cz\/index.php?rest_route=%2Fwp%2Fv2%2Fmedia&parent=4658"}],"wp:term":[{"taxonomy":"category","embeddable":true,"href":"http:\/\/pkas.cz\/index.php?rest_route=%2Fwp%2Fv2%2Fcategories&post=4658"},{"taxonomy":"post_tag","embeddable":true,"href":"http:\/\/pkas.cz\/index.php?rest_route=%2Fwp%2Fv2%2Ftags&post=4658"}],"curies":[{"name":"wp","href":"https:\/\/api.w.org\/{rel}","templated":true}]}}