{"id":4605,"date":"2024-07-23T12:28:40","date_gmt":"2024-07-23T10:28:40","guid":{"rendered":"http:\/\/pkas.cz\/?p=4605"},"modified":"2024-07-23T12:38:22","modified_gmt":"2024-07-23T10:38:22","slug":"legendarni-helena-fibingerova-zavitala-do-chodove-plane","status":"publish","type":"post","link":"http:\/\/pkas.cz\/?p=4605","title":{"rendered":"Legend\u00e1rn\u00ed Helena Fibingerov\u00e1 zav\u00edtala do Chodov\u00e9 Plan\u00e9"},"content":{"rendered":"<div class=\"wp-block-image\">\n<figure class=\"aligncenter size-large is-resized\"><img loading=\"lazy\" decoding=\"async\" width=\"1024\" height=\"656\" src=\"http:\/\/pkas.cz\/wp-content\/uploads\/2024\/07\/Jan-Zelezny-Helena-Fibingerova-Jakub-Vadlejch-Atletika-detem-Chodova-Plana-12.-7.-2024-3-1024x656.jpg\" alt=\"\" class=\"wp-image-4607\" style=\"width:361px;height:auto\" srcset=\"http:\/\/pkas.cz\/wp-content\/uploads\/2024\/07\/Jan-Zelezny-Helena-Fibingerova-Jakub-Vadlejch-Atletika-detem-Chodova-Plana-12.-7.-2024-3-1024x656.jpg 1024w, http:\/\/pkas.cz\/wp-content\/uploads\/2024\/07\/Jan-Zelezny-Helena-Fibingerova-Jakub-Vadlejch-Atletika-detem-Chodova-Plana-12.-7.-2024-3-300x192.jpg 300w, http:\/\/pkas.cz\/wp-content\/uploads\/2024\/07\/Jan-Zelezny-Helena-Fibingerova-Jakub-Vadlejch-Atletika-detem-Chodova-Plana-12.-7.-2024-3-768x492.jpg 768w, http:\/\/pkas.cz\/wp-content\/uploads\/2024\/07\/Jan-Zelezny-Helena-Fibingerova-Jakub-Vadlejch-Atletika-detem-Chodova-Plana-12.-7.-2024-3-1536x985.jpg 1536w, http:\/\/pkas.cz\/wp-content\/uploads\/2024\/07\/Jan-Zelezny-Helena-Fibingerova-Jakub-Vadlejch-Atletika-detem-Chodova-Plana-12.-7.-2024-3-2048x1313.jpg 2048w\" sizes=\"(max-width: 1024px) 100vw, 1024px\" \/><figcaption class=\"wp-element-caption\">   <\/figcaption><\/figure><\/div>\n\n\n<p>Druh\u00fd t\u00fdden v \u010dervenci prob\u00edhal na \u00fatuln\u00e9m stadionu v Chodov\u00e9 Plan\u00e9 sportovn\u00ed t\u00e1bor pro d\u011bti. Na posledn\u00ed den pak bylo napl\u00e1nov\u00e1no setk\u00e1n\u00ed s legendou \u010deskoslovensk\u00e9 atletiky Helenou Fibingerovou, \u010derstv\u00fdm mistrem Evropy v hodu o\u0161t\u011bpem Jakubem Vadlejchem a sv\u011btov\u00fdm rekordmanem v hodu o\u0161t\u011bpem Janem \u017delezn\u00fdm. \u0160\u0165astnou shodou okolnost\u00ed p\u00e1te\u010dn\u00ed den vy\u0161el na den p\u0159ed jubilejn\u00edmi narozeninami pr\u00e1v\u011b Heleny Fibingerov\u00e9 (*13.\u00a07.\u00a01949).<\/p>\n\n\n\n<div class=\"wp-block-columns is-layout-flex wp-container-core-columns-layout-1 wp-block-columns-is-layout-flex\">\n<div class=\"wp-block-column is-layout-flow wp-block-column-is-layout-flow\"><div class=\"wp-block-image\">\n<figure class=\"aligncenter size-large is-resized\"><img loading=\"lazy\" decoding=\"async\" width=\"1024\" height=\"682\" src=\"http:\/\/pkas.cz\/wp-content\/uploads\/2024\/07\/Atletika-detem-Chodova-Plana-12.-7.-2024-30-1024x682.jpg\" alt=\"\" class=\"wp-image-4609\" style=\"width:332px;height:auto\" srcset=\"http:\/\/pkas.cz\/wp-content\/uploads\/2024\/07\/Atletika-detem-Chodova-Plana-12.-7.-2024-30-1024x682.jpg 1024w, http:\/\/pkas.cz\/wp-content\/uploads\/2024\/07\/Atletika-detem-Chodova-Plana-12.-7.-2024-30-300x200.jpg 300w, http:\/\/pkas.cz\/wp-content\/uploads\/2024\/07\/Atletika-detem-Chodova-Plana-12.-7.-2024-30-768x512.jpg 768w, http:\/\/pkas.cz\/wp-content\/uploads\/2024\/07\/Atletika-detem-Chodova-Plana-12.-7.-2024-30-1536x1023.jpg 1536w, http:\/\/pkas.cz\/wp-content\/uploads\/2024\/07\/Atletika-detem-Chodova-Plana-12.-7.-2024-30-2048x1364.jpg 2048w\" sizes=\"(max-width: 1024px) 100vw, 1024px\" \/><\/figure><\/div><\/div>\n\n\n\n<div class=\"wp-block-column is-layout-flow wp-block-column-is-layout-flow\">\n<p>Des\u00edtky d\u011bt\u00ed si vyzkou\u0161ely klasickou vrha\u010dskou sadu Atletiky pro d\u011bti, sv\u00e9 rady jim rozd\u00e1vali halov\u00e1 sv\u011btov\u00e1 rekordmanka a mistryn\u011b sv\u011bta ve vrhu koul\u00ed z roku 1983 Helena Fibingerov\u00e1, o\u0161t\u011bpa\u0159 Jakub Vadlejch, kter\u00fd pat\u0159\u00ed mezi medailov\u00e9 adepty nadch\u00e1zej\u00edc\u00edch olympijsk\u00fdch her v Pa\u0159\u00ed\u017ei, a jeho tren\u00e9r a sv\u011btov\u011b uzn\u00e1van\u00fd o\u0161t\u011bpa\u0159 Jan \u017delezn\u00fd. Cel\u00e9mu d\u011bn\u00ed na stadionu pak nad\u0161en\u011b p\u0159ihl\u00ed\u017eeli rodi\u010de a prarodi\u010de mlad\u00fdch sportovc\u016f.<\/p>\n<\/div>\n<\/div>\n\n\n\n<p>Kompletn\u00ed fotogalerii naleznete <a href=\"https:\/\/www.atletika.cz\/fotogalerie\/detska-atletika-v-chodove-plane\/\" target=\"_blank\" rel=\"noreferrer noopener\">zde<\/a>.<br>Zdroj: \u010cAS &#8211; Ivana Roh\u00e1\u010dkov\u00e1<\/p>\n","protected":false},"excerpt":{"rendered":"<p>Druh\u00fd t\u00fdden v \u010dervenci prob\u00edhal na \u00fatuln\u00e9m stadionu v Chodov\u00e9 Plan\u00e9 sportovn\u00ed t\u00e1bor pro d\u011bti. Na posledn\u00ed den pak bylo napl\u00e1nov\u00e1no setk\u00e1n\u00ed s legendou \u010deskoslovensk\u00e9&hellip;<\/p>\n","protected":false},"author":4,"featured_media":4615,"comment_status":"closed","ping_status":"closed","sticky":false,"template":"","format":"standard","meta":{"footnotes":""},"categories":[3],"tags":[],"jetpack_sharing_enabled":true,"jetpack_featured_media_url":"http:\/\/pkas.cz\/wp-content\/uploads\/2024\/07\/Helena-Fibingerova-Atletika-detem-Chodova-Plana-12.-7.-2024-9-scaled.jpg","_links":{"self":[{"href":"http:\/\/pkas.cz\/index.php?rest_route=\/wp\/v2\/posts\/4605"}],"collection":[{"href":"http:\/\/pkas.cz\/index.php?rest_route=\/wp\/v2\/posts"}],"about":[{"href":"http:\/\/pkas.cz\/index.php?rest_route=\/wp\/v2\/types\/post"}],"author":[{"embeddable":true,"href":"http:\/\/pkas.cz\/index.php?rest_route=\/wp\/v2\/users\/4"}],"replies":[{"embeddable":true,"href":"http:\/\/pkas.cz\/index.php?rest_route=%2Fwp%2Fv2%2Fcomments&post=4605"}],"version-history":[{"count":4,"href":"http:\/\/pkas.cz\/index.php?rest_route=\/wp\/v2\/posts\/4605\/revisions"}],"predecessor-version":[{"id":4621,"href":"http:\/\/pkas.cz\/index.php?rest_route=\/wp\/v2\/posts\/4605\/revisions\/4621"}],"wp:featuredmedia":[{"embeddable":true,"href":"http:\/\/pkas.cz\/index.php?rest_route=\/wp\/v2\/media\/4615"}],"wp:attachment":[{"href":"http:\/\/pkas.cz\/index.php?rest_route=%2Fwp%2Fv2%2Fmedia&parent=4605"}],"wp:term":[{"taxonomy":"category","embeddable":true,"href":"http:\/\/pkas.cz\/index.php?rest_route=%2Fwp%2Fv2%2Fcategories&post=4605"},{"taxonomy":"post_tag","embeddable":true,"href":"http:\/\/pkas.cz\/index.php?rest_route=%2Fwp%2Fv2%2Ftags&post=4605"}],"curies":[{"name":"wp","href":"https:\/\/api.w.org\/{rel}","templated":true}]}}