{"id":4593,"date":"2024-07-08T10:10:00","date_gmt":"2024-07-08T08:10:00","guid":{"rendered":"http:\/\/pkas.cz\/?p=4593"},"modified":"2024-07-07T22:25:55","modified_gmt":"2024-07-07T20:25:55","slug":"ctyri-skodovaci-nominovani-na-oh-v-parizi-dvanact-medaili-z-mcr-dospelych","status":"publish","type":"post","link":"http:\/\/pkas.cz\/?p=4593","title":{"rendered":"\u010cty\u0159i \u0161kodov\u00e1ci nominov\u00e1ni na OH v Pa\u0159\u00ed\u017ei, dvan\u00e1ct medail\u00ed z M\u010cR dosp\u011bl\u00fdch"},"content":{"rendered":"\n<p>Ve Zl\u00edn\u011b se posledn\u00ed \u010dervnov\u00fd v\u00edkend konalo Mistrovstv\u00ed \u010cesk\u00e9 republiky mu\u017e\u016f a \u017een. Na n\u011bm se p\u0159edstavila \u0159ada z\u00e1pado\u010desk\u00fdch atlet\u016f a byla to tak\u00e9 posledn\u00ed mo\u017enost splnit limit na olympijsk\u00e9 hry \u010di jak se posunout v r\u00e1mci rankingu.<\/p>\n\n\n\n<div class=\"wp-block-columns is-layout-flex wp-container-core-columns-layout-1 wp-block-columns-is-layout-flex\">\n<div class=\"wp-block-column is-layout-flow wp-block-column-is-layout-flow\">\n<p>Fantastick\u00fd v\u00fdkon p\u0159edvedl v\u00fd\u0161ka\u0159 <strong>Jan \u0160tefela<\/strong>, kter\u00fd opanoval sout\u011b\u017ei v\u00fdkonem 230 cm, \u010d\u00edm\u017e si upevnil pozici v rankingu a tak\u00e9 p\u0159ekonal krajsk\u00fd rekord. D\u00edky stabiln\u00edm v\u00fdkon\u016fm a p\u00e1t\u00e9mu m\u00edstu z mistrovstv\u00ed Evropy uvid\u00edme z\u00e1vodn\u00edka AK \u0160KODY Plze\u0148 z\u00e1vodit pod p\u011bti kruhy. Sv\u016fj sen si podruh\u00e9 spln\u00ed <strong>Tereza Hrochov\u00e1<\/strong>, kterou uvid\u00edme na maratonsk\u00e9 trati. Premi\u00e9ru naopak pro\u017eij\u00ed <strong>Tereza Petr\u017eilkov\u00e1<\/strong>, kter\u00e1 ve velice nabit\u00e9 sv\u011btov\u00e9 konkurenci na distanci 400 m tvrd\u011b bojovala o nominaci do posledn\u00ed chv\u00edle, a nad\u011bjn\u00e1 mlad\u00e1 o\u0161t\u011bpa\u0159ka <strong>Petra Si\u010dakov\u00e1<\/strong>.<\/p>\n<\/div>\n\n\n\n<div class=\"wp-block-column is-layout-flow wp-block-column-is-layout-flow\"><div class=\"wp-block-image\">\n<figure class=\"aligncenter size-large is-resized\"><img loading=\"lazy\" decoding=\"async\" width=\"1024\" height=\"682\" src=\"http:\/\/pkas.cz\/wp-content\/uploads\/2024\/07\/ptrzlk-1024x682.webp\" alt=\"\" class=\"wp-image-4597\" style=\"width:386px;height:auto\" srcset=\"http:\/\/pkas.cz\/wp-content\/uploads\/2024\/07\/ptrzlk-1024x682.webp 1024w, http:\/\/pkas.cz\/wp-content\/uploads\/2024\/07\/ptrzlk-300x200.webp 300w, http:\/\/pkas.cz\/wp-content\/uploads\/2024\/07\/ptrzlk-768x512.webp 768w, http:\/\/pkas.cz\/wp-content\/uploads\/2024\/07\/ptrzlk-1536x1024.webp 1536w, http:\/\/pkas.cz\/wp-content\/uploads\/2024\/07\/ptrzlk.webp 2000w\" sizes=\"(max-width: 1024px) 100vw, 1024px\" \/><\/figure><\/div><\/div>\n<\/div>\n\n\n\n<p>Atleti AK \u0160KODY Plze\u0148 pr\u00e1v\u011b na ned\u00e1vn\u00e9m republikov\u00e9m \u0161ampion\u00e1tu ve Zl\u00edn\u011b posb\u00edrali celkem 12 cenn\u00fdch kov\u016f &#8211; 5 zlat\u00fdch, 4 bronzov\u00e9 a 3 st\u0159\u00edbrn\u00e9.<\/p>\n\n\n\n<div class=\"wp-block-columns is-layout-flex wp-container-core-columns-layout-2 wp-block-columns-is-layout-flex\">\n<div class=\"wp-block-column is-layout-flow wp-block-column-is-layout-flow\"><div class=\"wp-block-image\">\n<figure class=\"aligncenter size-large\"><img loading=\"lazy\" decoding=\"async\" width=\"1024\" height=\"682\" src=\"http:\/\/pkas.cz\/wp-content\/uploads\/2024\/07\/stfl-1024x682.webp\" alt=\"\" class=\"wp-image-4599\" srcset=\"http:\/\/pkas.cz\/wp-content\/uploads\/2024\/07\/stfl-1024x682.webp 1024w, http:\/\/pkas.cz\/wp-content\/uploads\/2024\/07\/stfl-300x200.webp 300w, http:\/\/pkas.cz\/wp-content\/uploads\/2024\/07\/stfl-768x512.webp 768w, http:\/\/pkas.cz\/wp-content\/uploads\/2024\/07\/stfl-1536x1024.webp 1536w, http:\/\/pkas.cz\/wp-content\/uploads\/2024\/07\/stfl.webp 2000w\" sizes=\"(max-width: 1024px) 100vw, 1024px\" \/><\/figure><\/div><\/div>\n\n\n\n<div class=\"wp-block-column is-layout-flow wp-block-column-is-layout-flow\">\n<p>Jan \u0160tefela, 1. m\u00edsto skok vysok\u00fd (230 cm PB, KR)<br>Daniela Voln\u00e1, 1. m\u00edsto skok dalek\u00fd (625 cm PB)<br>Barbora Tich\u00e1, 1. m\u00edsto hod diskem (53.15 m)<br>Kry\u0161tof Koza\u010d, 1. m\u00edsto hod o\u0161t\u011bpem (79.13 m PB)<br>\u0160tafeta \u017een (Zavadilov\u00e1, \u0160\u0165astn\u00e1, Jindrov\u00e1, Petr\u017eilkov\u00e1), 2. m\u00edsto 4&#215;400 m (3:42.88 min)<br>Tereza Petr\u017eilkov\u00e1, 2. m\u00edsto 400 m (52.49 s)<br>Jakub Forejt, 2. m\u00edsto hod diskem (56.24 m)<br>\u0160tafeta \u017een (Zavadilov\u00e1, Jindrov\u00e1, \u0160\u0165astn\u00e1, Voln\u00e1), 2. m\u00edsto 4&#215;100 m (46.41 s)<br>Lenka Vale\u0161ov\u00e1, 2. m\u00edsto hod kladivem (62.10 m), 3. m\u00edsto vrh koul\u00ed (15.18 m)<br>Petra Si\u010dakov\u00e1, 3. m\u00edsto hod o\u0161t\u011bpem (57.21 m)<br>Josef Ad\u00e1mek, 3. m\u00edsto skok vysok\u00fd (218 cm)<\/p>\n<\/div>\n<\/div>\n\n\n\n<p>Odkaz na celou nominaci \u010desk\u00fdch atlet\u016f na OH naleznete <a href=\"https:\/\/www.atletika.cz\/novinky\/do-parize-odcestuje-28-ceskych-atletu\/\" target=\"_blank\" rel=\"noreferrer noopener\">zde<\/a>.<br>Odkaz na kompletn\u00ed v\u00fdsledky z M\u010cR dosp\u011bl\u00fdch naleznete <a href=\"https:\/\/online.atletika.cz\/vysledky\/70002\" target=\"_blank\" rel=\"noreferrer noopener\">zde<\/a>.<\/p>\n\n\n\n<p>Foto: \u010cAS &#8211; So\u0148a Mal\u00e9terov\u00e1<\/p>\n\n\n\n<p class=\"has-text-align-right has-small-font-size\" style=\"font-style:normal;font-weight:300\"><em>PB = personal best (osobn\u00ed rekord), KR = krajsk\u00fd rekord<\/em><\/p>\n","protected":false},"excerpt":{"rendered":"<p>Ve Zl\u00edn\u011b se posledn\u00ed \u010dervnov\u00fd v\u00edkend konalo Mistrovstv\u00ed \u010cesk\u00e9 republiky mu\u017e\u016f a \u017een. Na n\u011bm se p\u0159edstavila \u0159ada z\u00e1pado\u010desk\u00fdch atlet\u016f a byla to tak\u00e9 posledn\u00ed&hellip;<\/p>\n","protected":false},"author":4,"featured_media":4600,"comment_status":"closed","ping_status":"closed","sticky":false,"template":"","format":"standard","meta":{"footnotes":""},"categories":[1],"tags":[],"jetpack_sharing_enabled":true,"jetpack_featured_media_url":"http:\/\/pkas.cz\/wp-content\/uploads\/2024\/07\/kozac.webp","_links":{"self":[{"href":"http:\/\/pkas.cz\/index.php?rest_route=\/wp\/v2\/posts\/4593"}],"collection":[{"href":"http:\/\/pkas.cz\/index.php?rest_route=\/wp\/v2\/posts"}],"about":[{"href":"http:\/\/pkas.cz\/index.php?rest_route=\/wp\/v2\/types\/post"}],"author":[{"embeddable":true,"href":"http:\/\/pkas.cz\/index.php?rest_route=\/wp\/v2\/users\/4"}],"replies":[{"embeddable":true,"href":"http:\/\/pkas.cz\/index.php?rest_route=%2Fwp%2Fv2%2Fcomments&post=4593"}],"version-history":[{"count":3,"href":"http:\/\/pkas.cz\/index.php?rest_route=\/wp\/v2\/posts\/4593\/revisions"}],"predecessor-version":[{"id":4601,"href":"http:\/\/pkas.cz\/index.php?rest_route=\/wp\/v2\/posts\/4593\/revisions\/4601"}],"wp:featuredmedia":[{"embeddable":true,"href":"http:\/\/pkas.cz\/index.php?rest_route=\/wp\/v2\/media\/4600"}],"wp:attachment":[{"href":"http:\/\/pkas.cz\/index.php?rest_route=%2Fwp%2Fv2%2Fmedia&parent=4593"}],"wp:term":[{"taxonomy":"category","embeddable":true,"href":"http:\/\/pkas.cz\/index.php?rest_route=%2Fwp%2Fv2%2Fcategories&post=4593"},{"taxonomy":"post_tag","embeddable":true,"href":"http:\/\/pkas.cz\/index.php?rest_route=%2Fwp%2Fv2%2Ftags&post=4593"}],"curies":[{"name":"wp","href":"https:\/\/api.w.org\/{rel}","templated":true}]}}