{"id":4582,"date":"2024-07-07T19:32:03","date_gmt":"2024-07-07T17:32:03","guid":{"rendered":"http:\/\/pkas.cz\/?p=4582"},"modified":"2024-07-07T19:34:38","modified_gmt":"2024-07-07T17:34:38","slug":"zaci-vybojovali-na-odm-2024-devet-cennych-kovu","status":"publish","type":"post","link":"http:\/\/pkas.cz\/?p=4582","title":{"rendered":"\u017d\u00e1ci vybojovali na ODM 2024 dev\u011bt cenn\u00fdch kov\u016f"},"content":{"rendered":"\n<p>Vrcholn\u00fdm z\u00e1vodem sez\u00f3ny byla pro \u017e\u00e1kovsk\u00e9 kategorie Olympi\u00e1da d\u011bt\u00ed a ml\u00e1de\u017ee 2024, kterou od 23. do 27. \u010dervna hostil Jiho\u010desk\u00fd kraj. Atletick\u00e9 sout\u011b\u017ee prob\u00edhaly na stadionu v \u010cesk\u00fdch Bud\u011bjovic\u00edch. V dresech Plze\u0148sk\u00e9ho kraje jsme vid\u011bli 30 z\u00e1vodn\u00edk\u016f kategori\u00ed star\u0161\u00ed \u017e\u00e1ci, star\u0161\u00ed \u017e\u00e1kyn\u011b, mlad\u0161\u00ed \u017e\u00e1ci a mlad\u0161\u00ed \u017e\u00e1kyn\u011b. Celkem vybojovali dev\u011bt medail\u00ed &#8211; 2 zlat\u00e9, 2 st\u0159\u00edbrn\u00e9 a 5 bronzov\u00fdch, a poko\u0159eny byly tak\u00e9 dva krajsk\u00e9 rekordy.<\/p>\n\n\n\n<p>Sestaven\u00ed nominace jednotliv\u00fdch kategori\u00ed a atletickou v\u00fdpravu m\u011bli na starosti tren\u00e9\u0159i Adriana Ujkanovi\u010dov\u00e1 (AK \u0160KODA Plze\u0148), Denisa Bene\u0161ov\u00e1 (AK \u0160KODA Plze\u0148), Martin Pivo\u0148ka (AC Doma\u017elice) a Franti\u0161ek Cihl\u00e1\u0159 (Aktiv Sport Hor\u0161ovsk\u00fd T\u00fdn).<\/p>\n\n\n\n<div class=\"wp-block-columns is-layout-flex wp-container-core-columns-layout-1 wp-block-columns-is-layout-flex\">\n<div class=\"wp-block-column is-layout-flow wp-block-column-is-layout-flow\">\n<p>Zlatou medail\u00ed se bl\u00fdskla star\u0161\u00ed \u017e\u00e1kyn\u011b Krist\u00fdna Z\u00e1ho\u0159ov\u00e1 (AK \u0160KODA Plze\u0148), kter\u00e1 ve skoku dalek\u00e9m zapsala v\u00fdkon 579 cm. K tomu p\u0159idala tak\u00e9 p\u00e1t\u00e9 m\u00edsto na distanci 60 m. O skv\u011bl\u00e9 p\u0159ekvapen\u00ed se postaral David Krej\u010d\u00ed (TJ Ban\u00edk St\u0159\u00edbro), kter\u00fd d\u00edky nov\u00e9mu osobn\u00edmu rekordu 9,22 s nena\u0161el na distanci 60 m p\u0159ek\u00e1\u017eek mlad\u0161\u00edch \u017e\u00e1k\u016f \u017e\u00e1dn\u00e9ho p\u0159emo\u017eitele.<\/p>\n<\/div>\n\n\n\n<div class=\"wp-block-column is-layout-flow wp-block-column-is-layout-flow\"><div class=\"wp-block-image\">\n<figure class=\"aligncenter size-large is-resized\"><img loading=\"lazy\" decoding=\"async\" width=\"1024\" height=\"683\" src=\"http:\/\/pkas.cz\/wp-content\/uploads\/2024\/07\/IMG_20240627_190050-1024x683.jpg\" alt=\"\" class=\"wp-image-4583\" style=\"width:315px;height:auto\" srcset=\"http:\/\/pkas.cz\/wp-content\/uploads\/2024\/07\/IMG_20240627_190050-1024x683.jpg 1024w, http:\/\/pkas.cz\/wp-content\/uploads\/2024\/07\/IMG_20240627_190050-300x200.jpg 300w, http:\/\/pkas.cz\/wp-content\/uploads\/2024\/07\/IMG_20240627_190050-768x512.jpg 768w, http:\/\/pkas.cz\/wp-content\/uploads\/2024\/07\/IMG_20240627_190050-1536x1024.jpg 1536w, http:\/\/pkas.cz\/wp-content\/uploads\/2024\/07\/IMG_20240627_190050-2048x1365.jpg 2048w\" sizes=\"(max-width: 1024px) 100vw, 1024px\" \/><figcaption class=\"wp-element-caption\"><em>David Krej\u010d\u00ed na stupn\u00edch v\u00edt\u011bz\u016f<\/em><\/figcaption><\/figure><\/div><\/div>\n<\/div>\n\n\n\n<div class=\"wp-block-columns is-layout-flex wp-container-core-columns-layout-4 wp-block-columns-is-layout-flex\">\n<div class=\"wp-block-column is-layout-flow wp-block-column-is-layout-flow\">\n<p>St\u0159\u00edbrn\u00fd cenn\u00fd kov vybojoval mlad\u0161\u00ed \u017e\u00e1k David Bos\u00e1k (Aktiv Sport Hor\u0161ovsk\u00fd T\u00fdn) ve skoku vysok\u00e9m, kdy\u017e se v nap\u00ednav\u00e9 sout\u011b\u017ei dok\u00e1zal p\u0159en\u00e9st p\u0159es la\u0165ku 164 cm. Skv\u011ble si vedla mixov\u00e1 \u0161tafeta mlad\u0161\u00edho \u017eactva na 4&#215;60 m. Ta ve slo\u017een\u00ed David Krej\u010d\u00ed, Pavel Faukner (Aktiv Sport Hor\u0161ovsk\u00fd T\u00fdn), Leona Fi\u0161\u00e1kov\u00e1 (TJ Ban\u00edk St\u0159\u00edbro) a Am\u00e1lie Matulkov\u00e1 (TJ Ban\u00edk St\u0159\u00edbro) pro\u0165ala c\u00edlovou p\u00e1sku na druh\u00e9m m\u00edst\u011b v \u010dase 30.25 s.<\/p>\n\n\n\n<div class=\"wp-block-columns is-layout-flex wp-container-core-columns-layout-2 wp-block-columns-is-layout-flex\">\n<div class=\"wp-block-column is-layout-flow wp-block-column-is-layout-flow\"><div class=\"wp-block-image\">\n<figure class=\"aligncenter size-large is-resized\"><img loading=\"lazy\" decoding=\"async\" width=\"1024\" height=\"684\" src=\"http:\/\/pkas.cz\/wp-content\/uploads\/2024\/07\/1cb6ddee-1ff8-408f-b1db-a8286c0b878a-1024x684.jpg\" alt=\"\" class=\"wp-image-4587\" style=\"width:298px;height:auto\" srcset=\"http:\/\/pkas.cz\/wp-content\/uploads\/2024\/07\/1cb6ddee-1ff8-408f-b1db-a8286c0b878a-1024x684.jpg 1024w, http:\/\/pkas.cz\/wp-content\/uploads\/2024\/07\/1cb6ddee-1ff8-408f-b1db-a8286c0b878a-300x200.jpg 300w, http:\/\/pkas.cz\/wp-content\/uploads\/2024\/07\/1cb6ddee-1ff8-408f-b1db-a8286c0b878a-768x513.jpg 768w, http:\/\/pkas.cz\/wp-content\/uploads\/2024\/07\/1cb6ddee-1ff8-408f-b1db-a8286c0b878a.jpg 1200w\" sizes=\"(max-width: 1024px) 100vw, 1024px\" \/><figcaption class=\"wp-element-caption\"><em>Sout\u011b\u017e diska\u0159ek s Terezou \u017demli\u010dkovou a bronzovou Eli\u0161kou Ma\u0159\u00edkovou<\/em><\/figcaption><\/figure><\/div><\/div>\n\n\n\n<div class=\"wp-block-column is-layout-flow wp-block-column-is-layout-flow\">\n<p>O v\u016fbec prvn\u00ed medaili cel\u00e9 sb\u00edrky na ODM se postarala Eli\u0161ka Ma\u0159\u00edkov\u00e1 (AK \u0160KODA Plze\u0148), kter\u00e1 v\u00fdkonem 40,08 m p\u0159ekonala krajsk\u00fd rekord v hodu diskem a na krk si pov\u011bsila bronz. Na t\u0159et\u00edm m\u00edst\u011b dob\u011bhla Am\u00e1lie Matulkov\u00e1 (TJ Ban\u00edk St\u0159\u00edbro), a to na 60 m p\u0159ek\u00e1\u017eek mlad\u0161\u00edch \u017e\u00e1ky\u0148 v\u00fdkonem 9,50 s. Velice nap\u00ednav\u00fd fini\u0161 p\u0159edvedli na\u0161i z\u00e1vodn\u00edci na distanci 800 m mlad\u0161\u00edch \u017e\u00e1k\u016f. Z bronzov\u00e9ho kovu se nakonec o setinu sekundy radoval Adam Soukup (Aktiv Sport Hor\u0161ovsk\u00fd T\u00fdn) za v\u00fdkon 2:19.56 min.<\/p>\n<\/div>\n<\/div>\n\n\n\n<p>Tak\u00e9 ob\u011b \u0161tafety na 4&#215;60 m v kategorii star\u0161\u00edho \u017eactva vybojovaly bronzov\u00e9 medaile. Chlapeck\u00e1 \u010dtve\u0159ice ve slo\u017een\u00ed Anton\u00edn Pt\u00e1k, Jakub Nygr\u00fdn, V\u00edt \u010cechura a Josef Kr\u00e1lovec pro\u0165ala c\u00edlovou p\u00e1sku v \u010dase 26.98 s. V\u0161ichni z\u00e1vodn\u00edci pat\u0159\u00ed do klubu AK \u0160KODA Plze\u0148, a tak se jim povedlo p\u0159ekonat \u017e\u00e1kovsk\u00fd krajsk\u00fd rekord na 4&#215;60 m. Na bronzov\u00fd stup\u00ednek vysko\u010dilo tak\u00e9 kvarteto star\u0161\u00edch \u017e\u00e1ky\u0148 ve slo\u017een\u00ed Krist\u00fdna Z\u00e1ho\u0159ov\u00e1, Ema Nov\u00e1kov\u00e1 (AK \u0160KODA Plze\u0148), Ad\u00e9la \u0160offrov\u00e1 (AK \u0160KODA Plze\u0148) a Al\u017eb\u011bta Kr\u00e1lov\u00e1 (AKM Viktoria Plze\u0148).<\/p>\n\n\n\n<p>V\u0161em z\u00fa\u010dastn\u011bn\u00fdm d\u011bkujeme za skv\u011blou reprezentaci kraje!<\/p>\n\n\n\n<div class=\"wp-block-columns is-layout-flex wp-container-core-columns-layout-3 wp-block-columns-is-layout-flex\">\n<div class=\"wp-block-column is-layout-flow wp-block-column-is-layout-flow\"><div class=\"wp-block-image\">\n<figure class=\"aligncenter size-large is-resized\"><img loading=\"lazy\" decoding=\"async\" width=\"1024\" height=\"955\" src=\"http:\/\/pkas.cz\/wp-content\/uploads\/2024\/07\/181b580a-80c6-4e0c-aebf-391c34d1758a-1024x955.jpg\" alt=\"\" class=\"wp-image-4588\" style=\"width:353px;height:auto\" srcset=\"http:\/\/pkas.cz\/wp-content\/uploads\/2024\/07\/181b580a-80c6-4e0c-aebf-391c34d1758a-1024x955.jpg 1024w, http:\/\/pkas.cz\/wp-content\/uploads\/2024\/07\/181b580a-80c6-4e0c-aebf-391c34d1758a-300x280.jpg 300w, http:\/\/pkas.cz\/wp-content\/uploads\/2024\/07\/181b580a-80c6-4e0c-aebf-391c34d1758a-768x716.jpg 768w, http:\/\/pkas.cz\/wp-content\/uploads\/2024\/07\/181b580a-80c6-4e0c-aebf-391c34d1758a.jpg 1146w\" sizes=\"(max-width: 1024px) 100vw, 1024px\" \/><figcaption class=\"wp-element-caption\"><em>Bronzov\u00e1 \u0161tafeta star\u0161\u00edch \u017e\u00e1k\u016f s tren\u00e9rkou: Kr\u00e1lovec, Pt\u00e1k, Bene\u0161ov\u00e1, Nygr\u00fdn, \u010cechura<\/em><\/figcaption><\/figure><\/div><\/div>\n\n\n\n<div class=\"wp-block-column is-layout-flow wp-block-column-is-layout-flow\"><div class=\"wp-block-image\">\n<figure class=\"aligncenter size-large is-resized\"><img loading=\"lazy\" decoding=\"async\" width=\"981\" height=\"1024\" src=\"http:\/\/pkas.cz\/wp-content\/uploads\/2024\/07\/IMG_20240627_190347-2-981x1024.jpg\" alt=\"\" class=\"wp-image-4589\" style=\"width:320px;height:auto\" srcset=\"http:\/\/pkas.cz\/wp-content\/uploads\/2024\/07\/IMG_20240627_190347-2-981x1024.jpg 981w, http:\/\/pkas.cz\/wp-content\/uploads\/2024\/07\/IMG_20240627_190347-2-287x300.jpg 287w, http:\/\/pkas.cz\/wp-content\/uploads\/2024\/07\/IMG_20240627_190347-2-768x802.jpg 768w, http:\/\/pkas.cz\/wp-content\/uploads\/2024\/07\/IMG_20240627_190347-2-1471x1536.jpg 1471w, http:\/\/pkas.cz\/wp-content\/uploads\/2024\/07\/IMG_20240627_190347-2.jpg 1728w\" sizes=\"(max-width: 981px) 100vw, 981px\" \/><figcaption class=\"wp-element-caption\"><em>Bronzov\u00e1 \u0161tafeta star\u0161\u00edch \u017e\u00e1ky\u0148: Z\u00e1ho\u0159ov\u00e1, \u0160offrov\u00e1, Nov\u00e1kov\u00e1, Kr\u00e1lov\u00e1<\/em><\/figcaption><\/figure><\/div><\/div>\n<\/div>\n<\/div>\n<\/div>\n","protected":false},"excerpt":{"rendered":"<p>Vrcholn\u00fdm z\u00e1vodem sez\u00f3ny byla pro \u017e\u00e1kovsk\u00e9 kategorie Olympi\u00e1da d\u011bt\u00ed a ml\u00e1de\u017ee 2024, kterou od 23. do 27. \u010dervna hostil Jiho\u010desk\u00fd kraj. Atletick\u00e9 sout\u011b\u017ee prob\u00edhaly na&hellip;<\/p>\n","protected":false},"author":4,"featured_media":4590,"comment_status":"closed","ping_status":"closed","sticky":false,"template":"","format":"standard","meta":{"footnotes":""},"categories":[1],"tags":[],"jetpack_sharing_enabled":true,"jetpack_featured_media_url":"http:\/\/pkas.cz\/wp-content\/uploads\/2024\/07\/20240627133000_IMG_2668-scaled.jpg","_links":{"self":[{"href":"http:\/\/pkas.cz\/index.php?rest_route=\/wp\/v2\/posts\/4582"}],"collection":[{"href":"http:\/\/pkas.cz\/index.php?rest_route=\/wp\/v2\/posts"}],"about":[{"href":"http:\/\/pkas.cz\/index.php?rest_route=\/wp\/v2\/types\/post"}],"author":[{"embeddable":true,"href":"http:\/\/pkas.cz\/index.php?rest_route=\/wp\/v2\/users\/4"}],"replies":[{"embeddable":true,"href":"http:\/\/pkas.cz\/index.php?rest_route=%2Fwp%2Fv2%2Fcomments&post=4582"}],"version-history":[{"count":3,"href":"http:\/\/pkas.cz\/index.php?rest_route=\/wp\/v2\/posts\/4582\/revisions"}],"predecessor-version":[{"id":4592,"href":"http:\/\/pkas.cz\/index.php?rest_route=\/wp\/v2\/posts\/4582\/revisions\/4592"}],"wp:featuredmedia":[{"embeddable":true,"href":"http:\/\/pkas.cz\/index.php?rest_route=\/wp\/v2\/media\/4590"}],"wp:attachment":[{"href":"http:\/\/pkas.cz\/index.php?rest_route=%2Fwp%2Fv2%2Fmedia&parent=4582"}],"wp:term":[{"taxonomy":"category","embeddable":true,"href":"http:\/\/pkas.cz\/index.php?rest_route=%2Fwp%2Fv2%2Fcategories&post=4582"},{"taxonomy":"post_tag","embeddable":true,"href":"http:\/\/pkas.cz\/index.php?rest_route=%2Fwp%2Fv2%2Ftags&post=4582"}],"curies":[{"name":"wp","href":"https:\/\/api.w.org\/{rel}","templated":true}]}}