{"id":4560,"date":"2024-06-20T14:08:26","date_gmt":"2024-06-20T12:08:26","guid":{"rendered":"http:\/\/pkas.cz\/?p=4560"},"modified":"2024-06-20T14:16:27","modified_gmt":"2024-06-20T12:16:27","slug":"patnact-cennych-kovu-z-juniorskeho-a-dorosteneckeho-mcr-pro-nas-kraj","status":"publish","type":"post","link":"http:\/\/pkas.cz\/?p=4560","title":{"rendered":"Patn\u00e1ct cenn\u00fdch kov\u016f z juniorsk\u00e9ho a dorosteneck\u00e9ho M\u010cR pro n\u00e1\u0161 kraj"},"content":{"rendered":"\n<p>O v\u00edkendu 15. a 16. \u010dervna se v Ostrav\u011b konalo Mistrovstv\u00ed \u010cesk\u00e9 republiky junior\u016f, juniorek, dorostenc\u016f a dorostenek. Atleti Plze\u0148sk\u00e9ho kraje na n\u011bm vedle \u0159ady osobn\u00edch rekord\u016f a fin\u00e1lov\u00fdch um\u00edst\u011bn\u00ed vybojovali celkem 15 medail\u00ed &#8211; 3 zlat\u00e9, 7 st\u0159\u00edbrn\u00fdch a 5 bronzov\u00fdch.<\/p>\n\n\n\n<div class=\"wp-block-columns is-layout-flex wp-container-core-columns-layout-1 wp-block-columns-is-layout-flex\">\n<div class=\"wp-block-column is-vertically-aligned-top is-layout-flow wp-block-column-is-layout-flow\">\n<figure class=\"wp-block-image size-large is-resized\"><img loading=\"lazy\" decoding=\"async\" width=\"1024\" height=\"683\" src=\"http:\/\/pkas.cz\/wp-content\/uploads\/2024\/06\/fronek-1024x683.jpg\" alt=\"\" class=\"wp-image-4561\" style=\"width:405px;height:auto\" srcset=\"http:\/\/pkas.cz\/wp-content\/uploads\/2024\/06\/fronek-1024x683.jpg 1024w, http:\/\/pkas.cz\/wp-content\/uploads\/2024\/06\/fronek-300x200.jpg 300w, http:\/\/pkas.cz\/wp-content\/uploads\/2024\/06\/fronek-768x512.jpg 768w, http:\/\/pkas.cz\/wp-content\/uploads\/2024\/06\/fronek-1536x1024.jpg 1536w, http:\/\/pkas.cz\/wp-content\/uploads\/2024\/06\/fronek.jpg 1920w\" sizes=\"(max-width: 1024px) 100vw, 1024px\" \/><\/figure>\n<\/div>\n\n\n\n<div class=\"wp-block-column is-layout-flow wp-block-column-is-layout-flow\">\n<p style=\"font-size:15px;font-style:normal;font-weight:300\"><span style=\"text-decoration: underline;\">Juniorsk\u00e1 kategorie:<\/span><br>Pavel Fron\u011bk (AC Doma\u017elice) 1. m\u00edsto skok vysok\u00fd, 201 cm<br>Ji\u0159\u00ed \u0160piroch (TJ Ban\u00edk St\u0159\u00edbro) 1. m\u00edsto 5000 m, 15:14.05 min, 2. m\u00edsto 1500 m, 3:59.18 min<br>Martin Honl (AK \u0160KODA Plze\u0148) 2. m\u00edsto 800 m, 1:53.43 min, 3. m\u00edsto 1500 m, 4:00.27 min<br>Jan \u0160karban (AK \u0160KODA Plze\u0148) 2. m\u00edsto 3000 m p\u0159., 9:29.89 min<br>Eli\u0161ka Dobe\u0161ov\u00e1 (AK \u0160KODA Plze\u0148) 2. m\u00edsto disk, 47.40 m<br>Anna S\u00fdkorov\u00e1 (AK \u0160KODA Plze\u0148) 2. m\u00edsto kladivo, 56.88 m<br>AK \u0160KODA Plze\u0148 juniorky (Lobovsk\u00e1, \u010cern\u00e1, Kr\u00e1lov\u00e1, Jindrov\u00e1) 2. m\u00edsto 4&#215;400 m, 3:49.93 min<br>Ad\u00e9la Han\u00e1kov\u00e1 (AK \u0160KODA Plze\u0148) 3. m\u00edsto ty\u010d, 370 cm <br>AK \u0160KODA Plze\u0148 juniorky (Kr\u00e1lov\u00e1, Jindrov\u00e1, B\u00f6hmov\u00e1, Salcmanov\u00e1) 3. m\u00edsto 4&#215;100 m, 47.10 s<\/p>\n<\/div>\n<\/div>\n\n\n\n<div class=\"wp-block-columns is-layout-flex wp-container-core-columns-layout-2 wp-block-columns-is-layout-flex\">\n<div class=\"wp-block-column is-layout-flow wp-block-column-is-layout-flow\">\n<p style=\"font-style:normal;font-weight:300\"><span style=\"text-decoration: underline;\">Dorosteneck\u00e1 kategorie:<\/span><br>Lucie Danielov\u00e1 (AK \u0160KODA Plze\u0148) 1. m\u00edsto kladivo, 51.06 m<br>Ond\u0159ej \u0160piroch (TJ Ban\u00edk St\u0159\u00edbro) 2. m\u00edsto 2000 m p\u0159., 6:04.02 min<br>Stella Pa\u0161kov\u00e1 (AK \u0160KODA Plze\u0148) 3. m\u00edsto kladivo, 50.67 m<br>AK \u0160KODA Plze\u0148 dorostenci (Pod\u011bbradsk\u00fd, Lavi\u010dka, B\u00edman, Vesel\u00fd) 3. m\u00edsto 4&#215;100 m, 42.48 s<\/p>\n<\/div>\n\n\n\n<div class=\"wp-block-column is-layout-flow wp-block-column-is-layout-flow\">\n<figure class=\"wp-block-image size-large\"><img loading=\"lazy\" decoding=\"async\" width=\"1024\" height=\"682\" src=\"http:\/\/pkas.cz\/wp-content\/uploads\/2024\/06\/spiroch-1024x682.jpg\" alt=\"\" class=\"wp-image-4566\" srcset=\"http:\/\/pkas.cz\/wp-content\/uploads\/2024\/06\/spiroch-1024x682.jpg 1024w, http:\/\/pkas.cz\/wp-content\/uploads\/2024\/06\/spiroch-300x200.jpg 300w, http:\/\/pkas.cz\/wp-content\/uploads\/2024\/06\/spiroch-768x512.jpg 768w, http:\/\/pkas.cz\/wp-content\/uploads\/2024\/06\/spiroch-1536x1024.jpg 1536w, http:\/\/pkas.cz\/wp-content\/uploads\/2024\/06\/spiroch.jpg 2000w\" sizes=\"(max-width: 1024px) 100vw, 1024px\" \/><\/figure>\n<\/div>\n<\/div>\n\n\n\n<p>Odkaz na kompletn\u00ed v\u00fdsledky <a href=\"https:\/\/online.atletika.cz\/vysledky\/69943\" target=\"_blank\" rel=\"noreferrer noopener\">zde<\/a>.<br>V\u0161em medailist\u016fm gratulujeme a d\u011bkujeme za reprezentaci kraje.<\/p>\n","protected":false},"excerpt":{"rendered":"<p>O v\u00edkendu 15. a 16. \u010dervna se v Ostrav\u011b konalo Mistrovstv\u00ed \u010cesk\u00e9 republiky junior\u016f, juniorek, dorostenc\u016f a dorostenek. Atleti Plze\u0148sk\u00e9ho kraje na n\u011bm vedle \u0159ady&hellip;<\/p>\n","protected":false},"author":4,"featured_media":4572,"comment_status":"closed","ping_status":"closed","sticky":false,"template":"","format":"standard","meta":{"footnotes":""},"categories":[1],"tags":[],"jetpack_sharing_enabled":true,"jetpack_featured_media_url":"http:\/\/pkas.cz\/wp-content\/uploads\/2024\/06\/janikova.jpg","_links":{"self":[{"href":"http:\/\/pkas.cz\/index.php?rest_route=\/wp\/v2\/posts\/4560"}],"collection":[{"href":"http:\/\/pkas.cz\/index.php?rest_route=\/wp\/v2\/posts"}],"about":[{"href":"http:\/\/pkas.cz\/index.php?rest_route=\/wp\/v2\/types\/post"}],"author":[{"embeddable":true,"href":"http:\/\/pkas.cz\/index.php?rest_route=\/wp\/v2\/users\/4"}],"replies":[{"embeddable":true,"href":"http:\/\/pkas.cz\/index.php?rest_route=%2Fwp%2Fv2%2Fcomments&post=4560"}],"version-history":[{"count":12,"href":"http:\/\/pkas.cz\/index.php?rest_route=\/wp\/v2\/posts\/4560\/revisions"}],"predecessor-version":[{"id":4577,"href":"http:\/\/pkas.cz\/index.php?rest_route=\/wp\/v2\/posts\/4560\/revisions\/4577"}],"wp:featuredmedia":[{"embeddable":true,"href":"http:\/\/pkas.cz\/index.php?rest_route=\/wp\/v2\/media\/4572"}],"wp:attachment":[{"href":"http:\/\/pkas.cz\/index.php?rest_route=%2Fwp%2Fv2%2Fmedia&parent=4560"}],"wp:term":[{"taxonomy":"category","embeddable":true,"href":"http:\/\/pkas.cz\/index.php?rest_route=%2Fwp%2Fv2%2Fcategories&post=4560"},{"taxonomy":"post_tag","embeddable":true,"href":"http:\/\/pkas.cz\/index.php?rest_route=%2Fwp%2Fv2%2Ftags&post=4560"}],"curies":[{"name":"wp","href":"https:\/\/api.w.org\/{rel}","templated":true}]}}