{"id":4529,"date":"2024-06-18T10:44:30","date_gmt":"2024-06-18T08:44:30","guid":{"rendered":"http:\/\/pkas.cz\/?p=4529"},"modified":"2024-06-18T11:14:56","modified_gmt":"2024-06-18T09:14:56","slug":"ctyri-zapadocesi-na-mistrovstvi-evropy-v-rime","status":"publish","type":"post","link":"http:\/\/pkas.cz\/?p=4529","title":{"rendered":"\u010cty\u0159i Z\u00e1pado\u010de\u0161i na Mistrovstv\u00ed Evropy v \u0158\u00edm\u011b"},"content":{"rendered":"\n<div class=\"wp-block-columns is-layout-flex wp-container-core-columns-layout-1 wp-block-columns-is-layout-flex\">\n<div class=\"wp-block-column is-layout-flow wp-block-column-is-layout-flow\" style=\"flex-basis:100%\"><div class=\"wp-block-image\">\n<figure data-wp-context=\"{ &quot;core&quot;:\n\t\t\t\t{ &quot;image&quot;:\n\t\t\t\t\t{   &quot;imageLoaded&quot;: false,\n\t\t\t\t\t\t&quot;initialized&quot;: false,\n\t\t\t\t\t\t&quot;lightboxEnabled&quot;: false,\n\t\t\t\t\t\t&quot;hideAnimationEnabled&quot;: false,\n\t\t\t\t\t\t&quot;preloadInitialized&quot;: false,\n\t\t\t\t\t\t&quot;lightboxAnimation&quot;: &quot;zoom&quot;,\n\t\t\t\t\t\t&quot;imageUploadedSrc&quot;: &quot;http:\/\/pkas.cz\/wp-content\/uploads\/2024\/06\/stefis.jpg&quot;,\n\t\t\t\t\t\t&quot;imageCurrentSrc&quot;: &quot;&quot;,\n\t\t\t\t\t\t&quot;targetWidth&quot;: &quot;2000&quot;,\n\t\t\t\t\t\t&quot;targetHeight&quot;: &quot;1334&quot;,\n\t\t\t\t\t\t&quot;scaleAttr&quot;: &quot;&quot;,\n\t\t\t\t\t\t&quot;dialogLabel&quot;: &quot;Zv\u011bt\u0161en\u00fd obr\u00e1zek&quot;\n\t\t\t\t\t}\n\t\t\t\t}\n\t\t\t}\" data-wp-interactive class=\"aligncenter size-large is-resized wp-lightbox-container\"><img loading=\"lazy\" decoding=\"async\" width=\"1024\" height=\"683\" data-wp-effect--setStylesOnResize=\"effects.core.image.setStylesOnResize\" data-wp-effect=\"effects.core.image.setButtonStyles\" data-wp-init=\"effects.core.image.initOriginImage\" data-wp-on--click=\"actions.core.image.showLightbox\" data-wp-on--load=\"actions.core.image.handleLoad\" src=\"http:\/\/pkas.cz\/wp-content\/uploads\/2024\/06\/stefis-1024x683.jpg\" alt=\"\" class=\"wp-image-4540\" style=\"width:308px;height:auto\" srcset=\"http:\/\/pkas.cz\/wp-content\/uploads\/2024\/06\/stefis-1024x683.jpg 1024w, http:\/\/pkas.cz\/wp-content\/uploads\/2024\/06\/stefis-300x200.jpg 300w, http:\/\/pkas.cz\/wp-content\/uploads\/2024\/06\/stefis-768x512.jpg 768w, http:\/\/pkas.cz\/wp-content\/uploads\/2024\/06\/stefis-1536x1025.jpg 1536w, http:\/\/pkas.cz\/wp-content\/uploads\/2024\/06\/stefis.jpg 2000w\" sizes=\"(max-width: 1024px) 100vw, 1024px\" \/><button\n\t\t\tclass=\"lightbox-trigger\"\n\t\t\ttype=\"button\"\n\t\t\taria-haspopup=\"dialog\"\n\t\t\taria-label=\"Zv\u011bt\u0161it obr\u00e1zek\"\n\t\t\tdata-wp-on--click=\"actions.core.image.showLightbox\"\n\t\t\tdata-wp-style--right=\"context.core.image.imageButtonRight\"\n\t\t\tdata-wp-style--top=\"context.core.image.imageButtonTop\"\n\t\t>\n\t\t\t<svg xmlns=\"http:\/\/www.w3.org\/2000\/svg\" width=\"12\" height=\"12\" fill=\"none\" viewBox=\"0 0 12 12\">\n\t\t\t\t<path fill=\"#fff\" d=\"M2 0a2 2 0 0 0-2 2v2h1.5V2a.5.5 0 0 1 .5-.5h2V0H2Zm2 10.5H2a.5.5 0 0 1-.5-.5V8H0v2a2 2 0 0 0 2 2h2v-1.5ZM8 12v-1.5h2a.5.5 0 0 0 .5-.5V8H12v2a2 2 0 0 1-2 2H8Zm2-12a2 2 0 0 1 2 2v2h-1.5V2a.5.5 0 0 0-.5-.5H8V0h2Z\" \/>\n\t\t\t<\/svg>\n\t\t<\/button>        <div data-wp-body=\"\" class=\"wp-lightbox-overlay zoom\"\n            data-wp-bind--role=\"selectors.core.image.roleAttribute\"\n            data-wp-bind--aria-label=\"selectors.core.image.dialogLabel\"\n            data-wp-class--initialized=\"context.core.image.initialized\"\n            data-wp-class--active=\"context.core.image.lightboxEnabled\"\n            data-wp-class--hideAnimationEnabled=\"context.core.image.hideAnimationEnabled\"\n            data-wp-bind--aria-modal=\"selectors.core.image.ariaModal\"\n            data-wp-effect=\"effects.core.image.initLightbox\"\n            data-wp-on--keydown=\"actions.core.image.handleKeydown\"\n            data-wp-on--touchstart=\"actions.core.image.handleTouchStart\"\n            data-wp-on--touchmove=\"actions.core.image.handleTouchMove\"\n            data-wp-on--touchend=\"actions.core.image.handleTouchEnd\"\n            data-wp-on--click=\"actions.core.image.hideLightbox\"\n            tabindex=\"-1\"\n            >\n                <button type=\"button\" aria-label=\"Zav\u0159\u00edt\" style=\"fill: #000\" class=\"close-button\" data-wp-on--click=\"actions.core.image.hideLightbox\">\n                    <svg xmlns=\"http:\/\/www.w3.org\/2000\/svg\" viewBox=\"0 0 24 24\" width=\"20\" height=\"20\" aria-hidden=\"true\" focusable=\"false\"><path d=\"M13 11.8l6.1-6.3-1-1-6.1 6.2-6.1-6.2-1 1 6.1 6.3-6.5 6.7 1 1 6.5-6.6 6.5 6.6 1-1z\"><\/path><\/svg>\n                <\/button>\n                <div class=\"lightbox-image-container\"><div class=\"wp-block-image\">\n<figure class=\"aligncenter size-large is-resized responsive-image\"><img decoding=\"async\" data-wp-bind--src=\"context.core.image.imageCurrentSrc\" data-wp-style--object-fit=\"selectors.core.image.lightboxObjectFit\" src=\"\" alt=\"\" class=\"wp-image-4540\" style=\"width:308px;height:auto\"\/><\/figure><\/div><\/div>\n                <div class=\"lightbox-image-container\"><div class=\"wp-block-image\">\n<figure class=\"aligncenter size-large is-resized enlarged-image\"><img decoding=\"async\" data-wp-bind--src=\"selectors.core.image.enlargedImgSrc\" data-wp-style--object-fit=\"selectors.core.image.lightboxObjectFit\" src=\"\" alt=\"\" class=\"wp-image-4540\" style=\"width:308px;height:auto\"\/><\/figure><\/div><\/div>\n                <div class=\"scrim\" style=\"background-color: #fff\" aria-hidden=\"true\"><\/div>\n        <\/div><\/figure><\/div><\/div>\n<\/div>\n\n\n\n<p>Prvn\u00ed z vrchol\u016f leto\u0161n\u00ed sez\u00f3ny prob\u00edhal v italsk\u00e9m hlavn\u00edm m\u011bst\u011b \u0158\u00edm, kde se od 7. do 12. \u010dervna konalo Mistrovstv\u00ed Evropy. Nominov\u00e1na byla na tento \u0161ampion\u00e1t hned \u010dtve\u0159ice z\u00e1pado\u010desk\u00fdch atlet\u016f z klubu AK \u0160KODA Plze\u0148.<\/p>\n\n\n\n<div class=\"wp-block-columns is-layout-flex wp-container-core-columns-layout-3 wp-block-columns-is-layout-flex\">\n<div class=\"wp-block-column is-layout-flow wp-block-column-is-layout-flow\" style=\"flex-basis:100%\">\n<div class=\"wp-block-columns is-layout-flex wp-container-core-columns-layout-2 wp-block-columns-is-layout-flex\">\n<div class=\"wp-block-column is-layout-flow wp-block-column-is-layout-flow\">\n<figure class=\"wp-block-image size-large is-resized\"><img loading=\"lazy\" decoding=\"async\" width=\"1024\" height=\"683\" src=\"http:\/\/pkas.cz\/wp-content\/uploads\/2024\/06\/petrzilek-1024x683.jpg\" alt=\"\" class=\"wp-image-4531\" style=\"width:336px;height:auto\" srcset=\"http:\/\/pkas.cz\/wp-content\/uploads\/2024\/06\/petrzilek-1024x683.jpg 1024w, http:\/\/pkas.cz\/wp-content\/uploads\/2024\/06\/petrzilek-300x200.jpg 300w, http:\/\/pkas.cz\/wp-content\/uploads\/2024\/06\/petrzilek-768x512.jpg 768w, http:\/\/pkas.cz\/wp-content\/uploads\/2024\/06\/petrzilek-1536x1025.jpg 1536w, http:\/\/pkas.cz\/wp-content\/uploads\/2024\/06\/petrzilek.jpg 2000w\" sizes=\"(max-width: 1024px) 100vw, 1024px\" \/><\/figure>\n<\/div>\n\n\n\n<div class=\"wp-block-column is-layout-flow wp-block-column-is-layout-flow\">\n<p>Nejlep\u0161\u00edho um\u00edst\u011bn\u00ed dos\u00e1hl v\u00fd\u0161ka\u0159 Jan \u0160tefela, kter\u00fd se hladce probil z kvalifikace do fin\u00e1le. V n\u011bm se sv\u011b\u0159enec Jaroslava B\u00e1by d\u00edky v\u00fdkonu 226 cm um\u00edstil na p\u00e1t\u00e9 pozici. To Tereza Petr\u017eilkov\u00e1 se nejprve \u010dasem 51.96 s probojovala do semifin\u00e1le, ve kter\u00e9m pak pro\u0165ala c\u00edlovou p\u00e1sku v \u010dase 52.05 s, kter\u00fd j\u00ed sta\u010dil na kr\u00e1sn\u00e9 14. m\u00edsto. Sv\u011b\u0159enkyni Jana Hanzla jsme vid\u011bli tak\u00e9 jako \u010dlenku \u017eensk\u00e9 \u0161tafety na 4&#215;400 m, kter\u00e1 ale po kolizi na jedn\u00e9 z p\u0159ed\u00e1vek byla diskvalifikov\u00e1na.<\/p>\n<\/div>\n<\/div>\n<\/div>\n<\/div>\n\n\n\n<div class=\"wp-block-columns alignwide is-layout-flex wp-container-core-columns-layout-6 wp-block-columns-is-layout-flex\">\n<div class=\"wp-block-column is-vertically-aligned-center is-layout-flow wp-block-column-is-layout-flow\" style=\"flex-basis:100%\">\n<div class=\"wp-block-columns is-layout-flex wp-container-core-columns-layout-5 wp-block-columns-is-layout-flex\">\n<div class=\"wp-block-column is-layout-flow wp-block-column-is-layout-flow\" style=\"flex-basis:100%\">\n<div class=\"wp-block-columns is-layout-flex wp-container-core-columns-layout-4 wp-block-columns-is-layout-flex\">\n<div class=\"wp-block-column is-layout-flow wp-block-column-is-layout-flow\">\n<p>Na start p\u016flmaratonsk\u00e9 trati se postavila v\u0161estrann\u00e1 b\u011b\u017ekyn\u011b Tereza Hrochov\u00e1, kter\u00e1 se p\u0159ipravuje pod veden\u00edm Vladim\u00edra Bart\u016f\u0148ka. Ta si vylep\u0161ila sv\u00e9 osobn\u00ed maximum na 1:11.38 min a krom\u011b celkov\u00e9ho 23. m\u00edsta mezi Evropankami dok\u00e1zala op\u011bt posunout hodnotu krajsk\u00e9ho rekordu. Do fin\u00e1lov\u00e9ho kl\u00e1n\u00ed naopak nedok\u00e1zala postoupit sv\u011b\u0159enkyn\u011b Davida Seker\u00e1ka o\u0161t\u011bpa\u0159ka Petra Si\u010dakov\u00e1, kter\u00e1 v\u00fdkonem 52.86 m bere 24. p\u0159\u00ed\u010dku.<\/p>\n\n\n\n<p>Foto: \u010cAS &#8211; So\u0148a Mal\u00e9terov\u00e1<\/p>\n<\/div>\n\n\n\n<div class=\"wp-block-column is-layout-flow wp-block-column-is-layout-flow\"><div class=\"wp-block-image\">\n<figure class=\"aligncenter size-large is-resized\"><img loading=\"lazy\" decoding=\"async\" width=\"1024\" height=\"683\" src=\"http:\/\/pkas.cz\/wp-content\/uploads\/2024\/06\/hroch-1024x683.jpg\" alt=\"\" class=\"wp-image-4530\" style=\"width:364px;height:auto\" srcset=\"http:\/\/pkas.cz\/wp-content\/uploads\/2024\/06\/hroch-1024x683.jpg 1024w, http:\/\/pkas.cz\/wp-content\/uploads\/2024\/06\/hroch-300x200.jpg 300w, http:\/\/pkas.cz\/wp-content\/uploads\/2024\/06\/hroch-768x512.jpg 768w, http:\/\/pkas.cz\/wp-content\/uploads\/2024\/06\/hroch-1536x1025.jpg 1536w, http:\/\/pkas.cz\/wp-content\/uploads\/2024\/06\/hroch.jpg 2000w\" sizes=\"(max-width: 1024px) 100vw, 1024px\" \/><\/figure><\/div><\/div>\n<\/div>\n<\/div>\n<\/div>\n<\/div>\n<\/div>\n\n\n<div class=\"wp-block-image\">\n<figure class=\"aligncenter size-large is-resized\"><img loading=\"lazy\" decoding=\"async\" width=\"1024\" height=\"683\" src=\"http:\/\/pkas.cz\/wp-content\/uploads\/2024\/06\/sicak-1024x683.jpg\" alt=\"\" class=\"wp-image-4536\" style=\"width:366px;height:auto\" srcset=\"http:\/\/pkas.cz\/wp-content\/uploads\/2024\/06\/sicak-1024x683.jpg 1024w, http:\/\/pkas.cz\/wp-content\/uploads\/2024\/06\/sicak-300x200.jpg 300w, http:\/\/pkas.cz\/wp-content\/uploads\/2024\/06\/sicak-768x512.jpg 768w, http:\/\/pkas.cz\/wp-content\/uploads\/2024\/06\/sicak-1536x1025.jpg 1536w, http:\/\/pkas.cz\/wp-content\/uploads\/2024\/06\/sicak.jpg 2000w\" sizes=\"(max-width: 1024px) 100vw, 1024px\" \/><\/figure><\/div>","protected":false},"excerpt":{"rendered":"<p>Prvn\u00ed z vrchol\u016f leto\u0161n\u00ed sez\u00f3ny prob\u00edhal v italsk\u00e9m hlavn\u00edm m\u011bst\u011b \u0158\u00edm, kde se od 7. do 12. \u010dervna konalo Mistrovstv\u00ed Evropy. Nominov\u00e1na byla na tento&hellip;<\/p>\n","protected":false},"author":4,"featured_media":4533,"comment_status":"closed","ping_status":"closed","sticky":false,"template":"","format":"standard","meta":{"footnotes":""},"categories":[1],"tags":[],"jetpack_sharing_enabled":true,"jetpack_featured_media_url":"http:\/\/pkas.cz\/wp-content\/uploads\/2024\/06\/stefela.jpg","_links":{"self":[{"href":"http:\/\/pkas.cz\/index.php?rest_route=\/wp\/v2\/posts\/4529"}],"collection":[{"href":"http:\/\/pkas.cz\/index.php?rest_route=\/wp\/v2\/posts"}],"about":[{"href":"http:\/\/pkas.cz\/index.php?rest_route=\/wp\/v2\/types\/post"}],"author":[{"embeddable":true,"href":"http:\/\/pkas.cz\/index.php?rest_route=\/wp\/v2\/users\/4"}],"replies":[{"embeddable":true,"href":"http:\/\/pkas.cz\/index.php?rest_route=%2Fwp%2Fv2%2Fcomments&post=4529"}],"version-history":[{"count":13,"href":"http:\/\/pkas.cz\/index.php?rest_route=\/wp\/v2\/posts\/4529\/revisions"}],"predecessor-version":[{"id":4549,"href":"http:\/\/pkas.cz\/index.php?rest_route=\/wp\/v2\/posts\/4529\/revisions\/4549"}],"wp:featuredmedia":[{"embeddable":true,"href":"http:\/\/pkas.cz\/index.php?rest_route=\/wp\/v2\/media\/4533"}],"wp:attachment":[{"href":"http:\/\/pkas.cz\/index.php?rest_route=%2Fwp%2Fv2%2Fmedia&parent=4529"}],"wp:term":[{"taxonomy":"category","embeddable":true,"href":"http:\/\/pkas.cz\/index.php?rest_route=%2Fwp%2Fv2%2Fcategories&post=4529"},{"taxonomy":"post_tag","embeddable":true,"href":"http:\/\/pkas.cz\/index.php?rest_route=%2Fwp%2Fv2%2Ftags&post=4529"}],"curies":[{"name":"wp","href":"https:\/\/api.w.org\/{rel}","templated":true}]}}