{"id":4503,"date":"2024-05-28T10:15:08","date_gmt":"2024-05-28T08:15:08","guid":{"rendered":"http:\/\/pkas.cz\/?p=4503"},"modified":"2024-05-28T10:36:23","modified_gmt":"2024-05-28T08:36:23","slug":"zverejnena-nominace-na-lodm-2024","status":"publish","type":"post","link":"http:\/\/pkas.cz\/?p=4503","title":{"rendered":"Zve\u0159ejn\u011bna nominace na LODM 2024"},"content":{"rendered":"\n<p>V ned\u011bli byla uzav\u0159ena nominace na XI. Letn\u00ed olympi\u00e1du d\u011bt\u00ed a ml\u00e1de\u017ee 2024, kterou bude od 23. do 26. \u010dervna hostit Jiho\u010desk\u00fd kraj. Atletick\u00e9 sout\u011b\u017ee budou prob\u00edhat 25.-27. 6. na atletick\u00e9m stadionu v \u010cesk\u00fdch Bud\u011bjovic\u00edch.<\/p>\n\n\n<div class=\"wp-block-image\">\n<figure class=\"aligncenter size-large is-resized\"><img loading=\"lazy\" decoding=\"async\" width=\"1024\" height=\"768\" src=\"http:\/\/pkas.cz\/wp-content\/uploads\/2024\/05\/lodm-medaile-1024x768.webp\" alt=\"\" class=\"wp-image-4513\" style=\"width:255px;height:auto\" srcset=\"http:\/\/pkas.cz\/wp-content\/uploads\/2024\/05\/lodm-medaile-1024x768.webp 1024w, http:\/\/pkas.cz\/wp-content\/uploads\/2024\/05\/lodm-medaile-300x225.webp 300w, http:\/\/pkas.cz\/wp-content\/uploads\/2024\/05\/lodm-medaile-768x576.webp 768w, http:\/\/pkas.cz\/wp-content\/uploads\/2024\/05\/lodm-medaile.webp 1189w\" sizes=\"(max-width: 1024px) 100vw, 1024px\" \/><\/figure><\/div>\n\n\n<p>V pond\u011bl\u00ed byla zve\u0159ejn\u011bna jednotliv\u00e1 jm\u00e9na z\u00e1vodn\u00edk\u016f, kte\u0159\u00ed budou h\u00e1jit barvy Plze\u0148sk\u00e9ho kraje.<\/p>\n\n\n\n<p>Vedouc\u00ed v\u00fdpravy: Mgr. Adriana Ujkanovi\u010dov\u00e1 (adrianaujkanovicova@email.cz)<\/p>\n\n\n\n<div class=\"wp-block-columns is-layout-flex wp-container-core-columns-layout-2 wp-block-columns-is-layout-flex\">\n<div class=\"wp-block-column is-vertically-aligned-top is-layout-flow wp-block-column-is-layout-flow\" style=\"flex-basis:100%\">\n<div class=\"wp-block-group is-layout-constrained wp-block-group-is-layout-constrained\"><div class=\"wp-block-group__inner-container\">\n<div class=\"wp-block-columns is-layout-flex wp-container-core-columns-layout-1 wp-block-columns-is-layout-flex\">\n<div class=\"wp-block-column is-layout-flow wp-block-column-is-layout-flow\" style=\"flex-basis:50%\">\n<p style=\"font-size:15px;font-style:normal;font-weight:200\"><strong><span style=\"text-decoration: underline;\">Star\u0161\u00ed \u017e\u00e1kyn\u011b<\/span><\/strong><br><strong>B\u0159\u00edzov\u00e1 Veronika<\/strong> (AK \u0160KODA PLZE\u0147) &#8211; 800m<br><strong>Houdkov\u00e1 Matylda<\/strong> (AK \u0160KODA PLZE\u0147) &#8211; hod o\u0161t\u011bpem<br><strong>Kr\u00e1lov\u00e1 Al\u017eb\u011bta<\/strong> (AKM Viktoria Plze\u0148) &#8211; skok dalek\u00fd, hod o\u0161t\u011bpem, 4x60m<br><strong>Ma\u0159\u00edkov\u00e1 Eli\u0161ka<\/strong> (AK \u0160KODA PLZE\u0147) &#8211; hod diskem, vrh koul\u00ed\u00a0<br><strong>Nov\u00e1kov\u00e1 Ema<\/strong> (AK \u0160KODA PLZE\u0147) &#8211; 300m, 4x60m<br><strong>\u0160offrov\u00e1 Ad\u00e9la<\/strong> (AK \u0160KODA PLZE\u0147) &#8211; 60m, 300m, 4x60m<br><strong>Z\u00e1ho\u0159ov\u00e1 Krist\u00fdna<\/strong> (AK \u0160KODA PLZE\u0147) &#8211; 60m, skok dalek\u00fd, 4x60m<br><strong>Zikmundov\u00e1 Valent\u00fdna<\/strong> (TJ Sokol SG Plze\u0148-Pet\u0159\u00edn) &#8211; vrh koul\u00ed<br><strong>\u017demli\u010dkov\u00e1 Tereza<\/strong> (AK \u0160KODA PLZE\u0147) &#8211; hod diskem<\/p>\n\n\n\n<p style=\"font-size:15px;font-style:normal;font-weight:200\"><span style=\"text-decoration: underline;\">N\u00e1hradnice:<\/span><br>Volfov\u00e1 Eli\u0161ka (TJ Sokol SG Plze\u0148-Pet\u0159\u00edn) &#8211; 800m<br>Matou\u0161kov\u00e1 Alena (TJ SU\u0160ICE) &#8211; 60m, 4x60m<\/p>\n\n\n\n<p class=\"has-text-align-right\" style=\"font-size:15px;font-style:normal;font-weight:400\">Vedouc\u00ed dru\u017estva<br>Mgr. Adriana Ujkanovi\u010dov\u00e1<br>(adrianaujkanovicova@email.cz)<\/p>\n<\/div>\n\n\n\n<div class=\"wp-block-column is-layout-flow wp-block-column-is-layout-flow\" style=\"flex-basis:50%\">\n<p style=\"font-size:15px;font-style:normal;font-weight:200\"><span style=\"text-decoration: underline;\"><strong>Star\u0161\u00ed \u017e\u00e1ci<\/strong><\/span><br><strong>\u010cechura V\u00edt<\/strong> (AK \u0160KODA Plze\u0148) &#8211; 60m, 300m, 4x60m<br><strong>Koz\u00e1k Jakub<\/strong> (ATLETCLUB N\u00fd\u0159any) &#8211; skok vysok\u00fd<br><strong>Ko\u017eeluh Vojt\u011bch<\/strong> (TJ Sokol SG Plze\u0148-Pet\u0159\u00edn) &#8211; 1 500m<br><strong>Kr\u00e1lovec Josef<\/strong> (AK \u0160KODA Plze\u0148) &#8211; 60m, 4x60m<br><strong>Man Miroslav<\/strong> (Aktiv Sport Hor\u0161ovsk\u00fd T\u00fdn) &#8211; skok dalek\u00fd, 100m p\u0159.<br><strong>Nygr\u00fdn Jakub<\/strong> (AK \u0160KODA Plze\u0148) &#8211; skok vysok\u00fd, hod o\u0161t\u011bpem, 4x60m<br><strong>Princl Radek<\/strong> (Aktiv Sport Hor\u0161ovsk\u00fd T\u00fdn) &#8211; vrh koul\u00ed, hod diskem<br><strong>Pt\u00e1k Anton\u00edn<\/strong> (AK \u0160KODA Plze\u0148) &#8211; 300m, 100m p\u0159., 4x60m<br><strong>Svojanovsk\u00fd Pavel<\/strong> (Aktiv Sport Hor\u0161ovsk\u00fd T\u00fdn) &#8211; hod diskem, hod o\u0161t\u011bpem<\/p>\n\n\n\n<p style=\"font-size:15px;font-style:normal;font-weight:200\"><span style=\"text-decoration: underline;\">N\u00e1hradn\u00edci<\/span><br>Coufal Daniel (TJ Ban\u00edk St\u0159\u00edbro) &#8211; 60m<br>Hrub\u00fd Mat\u011bj (AK \u0160KODA Plze\u0148) &#8211; 100m p\u0159., skok dalek\u00fd<br>\u0160m\u00edd Jan (AK \u0160KODA Plze\u0148) &#8211; 1 500m<\/p>\n\n\n\n<p class=\"has-text-align-right\" style=\"font-size:15px;font-style:normal;font-weight:400\">Vedouc\u00ed dru\u017estva<br>Mgr. Denisa Bene\u0161ov\u00e1, M.Sc.<br>(benesovaden@gmail.com)<\/p>\n<\/div>\n<\/div>\n<\/div><\/div>\n<\/div>\n<\/div>\n\n\n\n<div class=\"wp-block-columns is-layout-flex wp-container-core-columns-layout-3 wp-block-columns-is-layout-flex\">\n<div class=\"wp-block-column is-layout-flow wp-block-column-is-layout-flow\" style=\"flex-basis:50%\">\n<p style=\"font-size:15px;font-style:normal;font-weight:200\"><strong><span style=\"text-decoration: underline;\">Mlad\u0161\u00ed \u017e\u00e1kyn\u011b<\/span><\/strong><br><strong>Fi\u0161\u00e1kov\u00e1 Leona<\/strong> (TJ Ban\u00edk St\u0159\u00edbro) &#8211; skok dalek\u00fd, hod o\u0161t\u011bpem, 4x60m<br><strong>Hutov\u00e1 Anna<\/strong> (AC Doma\u017elice) &#8211; skok vysok\u00fd<br><strong>Matulkov\u00e1 Am\u00e1lie<\/strong> (TJ Ban\u00edk St\u0159\u00edbro) &#8211; 60m, 60m p\u0159., 4x60m<br><strong>Pod\u011bbradsk\u00e1 Viktorie<\/strong> (AK \u0160KODA Plze\u0148) &#8211; skok dalek\u00fd, skok vysok\u00fd<br><strong>Sta\u0148kov\u00e1 Anna<\/strong> (TJ Su\u0161ice) &#8211; hod o\u0161t\u011bpem<br><strong>\u0160petov\u00e1 Viktorie<\/strong> (AK \u0160KODA Plze\u0148) &#8211; 800m<\/p>\n\n\n\n<p style=\"font-size:15px;font-style:normal;font-weight:200\"><span style=\"text-decoration: underline;\">N\u00e1hradnice<\/span><br>Val\u00ed\u010dkov\u00e1 Ema (TJ Ban\u00edk St\u0159\u00edbro) &#8211; 60m<br>Machalek Tea (TJ Sokol SG Plze\u0148-Pet\u0159\u00edn) &#8211; 60m<\/p>\n\n\n\n<p class=\"has-text-align-right\" style=\"font-size:15px\">Vedouc\u00ed dru\u017estva<br>Mgr. Martin Pivo\u0148ka<br>(pivonka42@seznam.cz)<\/p>\n<\/div>\n\n\n\n<div class=\"wp-block-column is-layout-flow wp-block-column-is-layout-flow\" style=\"flex-basis:50%\">\n<p style=\"font-size:15px;font-style:normal;font-weight:200\"><strong><span style=\"text-decoration: underline;\">Mlad\u0161\u00ed \u017e\u00e1ci<\/span><\/strong><br><strong>David Bos\u00e1k<\/strong>\u00a0(Aktiv Sport Hor\u0161ovsk\u00fd T\u00fdn) &#8211; skok dalek\u00fd, skok vysok\u00fd<br><strong>Alex Carda<\/strong>\u00a0(AC Doma\u017elice)\u00a0&#8211; hod o\u0161t\u011bpem<br><strong>Pavel Faukner<\/strong> (Aktiv Sport Hor\u0161ovsk\u00fd T\u00fdn)\u00a0&#8211; 60m, skok vysok\u00fd<br><strong>David Krej\u010d\u00ed<\/strong>\u00a0(TJ Ban\u00edk St\u0159\u00edbro)\u00a0&#8211; 60m p\u0159., hod o\u0161t\u011bpem<br><strong>Vojt\u011bch Musil<\/strong>\u00a0(AK \u0160KODA Plze\u0148)\u00a0&#8211; 60m, 800m<br><strong>Adam Soukup<\/strong>\u00a0(Aktiv Sport Hor\u0161ovsk\u00fd T\u00fdn)\u00a0&#8211; 800 m, 60m p\u0159.<\/p>\n\n\n\n<p class=\"has-text-align-right\" style=\"font-size:15px\">Vedouc\u00ed dru\u017estva<br>Mgr. Franti\u0161ek Cihl\u00e1\u0159<br>(fcihlar@post.cz)<\/p>\n<\/div>\n<\/div>\n\n\n\n<p>V\u0161em nominovan\u00fdm gratulujeme!<\/p>\n\n\n\n<p>Odkaz na webov\u00e9 str\u00e1nky LODM 2024 naleznete <a href=\"https:\/\/www.olympijskytym.cz\/olympic\/olympiada-deti-a-mladeze-2024?page=sport&amp;id=129\" target=\"_blank\" rel=\"noreferrer noopener\">zde<\/a>.<\/p>\n","protected":false},"excerpt":{"rendered":"<p>V ned\u011bli byla uzav\u0159ena nominace na XI. Letn\u00ed olympi\u00e1du d\u011bt\u00ed a ml\u00e1de\u017ee 2024, kterou bude od 23. do 26. \u010dervna hostit Jiho\u010desk\u00fd kraj. Atletick\u00e9 sout\u011b\u017ee&hellip;<\/p>\n","protected":false},"author":4,"featured_media":4515,"comment_status":"closed","ping_status":"closed","sticky":false,"template":"","format":"standard","meta":{"footnotes":""},"categories":[27],"tags":[],"jetpack_sharing_enabled":true,"jetpack_featured_media_url":"http:\/\/pkas.cz\/wp-content\/uploads\/2024\/05\/lodm-vydra.webp","_links":{"self":[{"href":"http:\/\/pkas.cz\/index.php?rest_route=\/wp\/v2\/posts\/4503"}],"collection":[{"href":"http:\/\/pkas.cz\/index.php?rest_route=\/wp\/v2\/posts"}],"about":[{"href":"http:\/\/pkas.cz\/index.php?rest_route=\/wp\/v2\/types\/post"}],"author":[{"embeddable":true,"href":"http:\/\/pkas.cz\/index.php?rest_route=\/wp\/v2\/users\/4"}],"replies":[{"embeddable":true,"href":"http:\/\/pkas.cz\/index.php?rest_route=%2Fwp%2Fv2%2Fcomments&post=4503"}],"version-history":[{"count":15,"href":"http:\/\/pkas.cz\/index.php?rest_route=\/wp\/v2\/posts\/4503\/revisions"}],"predecessor-version":[{"id":4521,"href":"http:\/\/pkas.cz\/index.php?rest_route=\/wp\/v2\/posts\/4503\/revisions\/4521"}],"wp:featuredmedia":[{"embeddable":true,"href":"http:\/\/pkas.cz\/index.php?rest_route=\/wp\/v2\/media\/4515"}],"wp:attachment":[{"href":"http:\/\/pkas.cz\/index.php?rest_route=%2Fwp%2Fv2%2Fmedia&parent=4503"}],"wp:term":[{"taxonomy":"category","embeddable":true,"href":"http:\/\/pkas.cz\/index.php?rest_route=%2Fwp%2Fv2%2Fcategories&post=4503"},{"taxonomy":"post_tag","embeddable":true,"href":"http:\/\/pkas.cz\/index.php?rest_route=%2Fwp%2Fv2%2Ftags&post=4503"}],"curies":[{"name":"wp","href":"https:\/\/api.w.org\/{rel}","templated":true}]}}