{"id":4494,"date":"2024-05-13T21:23:04","date_gmt":"2024-05-13T19:23:04","guid":{"rendered":"http:\/\/pkas.cz\/?p=4494"},"modified":"2024-05-20T12:21:54","modified_gmt":"2024-05-20T10:21:54","slug":"valna-hromada-pkas-4","status":"publish","type":"post","link":"http:\/\/pkas.cz\/?p=4494","title":{"rendered":"Valn\u00e1 hromada PKAS"},"content":{"rendered":"\n<p><strong>POZV\u00c1NKA na valnou hromadu Plze\u0148sk\u00e9ho krajsk\u00e9ho atletick\u00e9ho svazu<\/strong><\/p>\n\n\n\n<p><strong>M\u00edsto kon\u00e1n\u00ed:<\/strong>&nbsp;&nbsp;&nbsp;&nbsp;&nbsp;&nbsp;&nbsp;&nbsp;&nbsp;&nbsp;&nbsp;&nbsp;&nbsp;&nbsp;&nbsp;&nbsp;&nbsp; Plze\u0148 &#8211; Hotel Central, N\u00e1m\u011bst\u00ed Republiky 358\/33<\/p>\n\n\n\n<p><strong>Term\u00edn:&nbsp;&nbsp;&nbsp;&nbsp;&nbsp;&nbsp;&nbsp;&nbsp;&nbsp;&nbsp;&nbsp;&nbsp;&nbsp;&nbsp; <\/strong>&nbsp;&nbsp;&nbsp;&nbsp;&nbsp;&nbsp;&nbsp;&nbsp;&nbsp;&nbsp;&nbsp;&nbsp;&nbsp;&nbsp; st\u0159eda, 12. 6. 2024 od 17 hod<\/p>\n\n\n\n<p><strong>Program:<\/strong><\/p>\n\n\n\n<ol>\n<li>Prezentace a zah\u00e1jen\u00ed<\/li>\n\n\n\n<li>Schv\u00e1len\u00ed programu VH<\/li>\n\n\n\n<li>Volba p\u0159edsedaj\u00edc\u00edho, skrut\u00e1tor\u016f, mand\u00e1tov\u00e9 komise, n\u00e1vrhov\u00e9 komise<\/li>\n\n\n\n<li>Zpr\u00e1va o \u010dinnosti KAS a VV KAS za obdob\u00ed 2023<\/li>\n\n\n\n<li>Zpr\u00e1va hospod\u00e1\u0159e KAS za rok 2023 a n\u00e1vrh rozpo\u010dtu na rok 2024<\/li>\n\n\n\n<li>Zpr\u00e1va revizora KAS<\/li>\n\n\n\n<li>Diskuse<\/li>\n\n\n\n<li>N\u00e1vrh usnesen\u00ed VH<\/li>\n\n\n\n<li>Z\u00e1v\u011br, ob\u010derstven\u00ed&nbsp;<\/li>\n<\/ol>\n\n\n\n<p>Pr\u00e1vo \u00fa\u010dasti na VH maj\u00ed pouze statut\u00e1rn\u00ed z\u00e1stupci klub\u016f, p\u0159\u00edpadn\u011b pov\u011b\u0159en\u00e9 osoby na z\u00e1klad\u011b pln\u00e9 moci v po\u010dtu dle p\u0159\u00edlohy.<\/p>\n\n\n\n<p>Pozv\u00e1nka ke sta\u017een\u00ed <a href=\"http:\/\/pkas.cz\/wp-content\/uploads\/2024\/05\/Pozvanka_VH_PKAS_2024.pdf\">ZDE<\/a>.<\/p>\n\n\n\n<p>Pln\u00e1 moc ke sta\u017een\u00ed <a href=\"http:\/\/pkas.cz\/wp-content\/uploads\/2024\/05\/Plna-moc-VH-KAS-2024.doc\">ZDE<\/a>.<\/p>\n\n\n\n<p><strong>Po\u010det AO\/AK: 20 (+1 Atletick\u00fd krou\u017eek)<\/strong><\/p>\n\n\n\n<p><strong>Po\u010det deleg\u00e1t\u016f: 27<\/strong><\/p>\n\n\n\n<p><strong>Pozvan\u00e9 kluby Plze\u0148sk\u00e9ho KAS:&nbsp;<\/strong><\/p>\n\n\n\n<ol start=\"1\">\n<li>AK \u0160koda Plze\u0148 &#8211; 6 deleg\u00e1t\u016f&nbsp;<\/li>\n\n\n\n<li>TJ Ban\u00edk St\u0159\u00edbro, spolek &#8211; 2 deleg\u00e1ty<\/li>\n\n\n\n<li>TJ Sokol SG Plze\u0148 &#8211; Pet\u0159\u00edn &#8211; 2 deleg\u00e1ty<\/li>\n<\/ol>\n\n\n\n<p><strong>Ostatn\u00ed kluby v kraji v\u017edy jednoho deleg\u00e1ta:&nbsp;<\/strong><\/p>\n\n\n\n<ol start=\"4\">\n<li>AC Doma\u017elice, z.s.<\/li>\n\n\n\n<li>AC Falcon Rokycany z.s.<\/li>\n\n\n\n<li>ACK Doma\u017elice, z.s.&nbsp;<\/li>\n\n\n\n<li>AKM Viktoria Plze\u0148<\/li>\n\n\n\n<li>Aktiv Sport Hor\u0161ovsk\u00fd T\u00fdn, z.s.<\/li>\n\n\n\n<li>ATLETCLUB N\u00fd\u0159any, z.s.<\/li>\n\n\n\n<li>Atletika Klatovy z.s.<\/li>\n\n\n\n<li>DDM Tachov<\/li>\n\n\n\n<li>M\u00cdLA\u0158I Doma\u017elice<\/li>\n\n\n\n<li>Plze\u0148sk\u00e1 sportovn\u00ed o.p.s.<\/li>\n\n\n\n<li>Rozb\u011bh\u00e1me \u010cesko, z.\u00fa.<\/li>\n\n\n\n<li>SC MARATHON PLZE\u0147, z.s.<\/li>\n\n\n\n<li>\u0160AK p\u0159i Z\u0160 P\u0159e\u0161tice<\/li>\n\n\n\n<li>TJ N\u00fdrsko<\/li>\n\n\n\n<li>TJ Slavoj Chodov\u00e1 Plan\u00e1, z.s.<\/li>\n\n\n\n<li>TJ Sokol Bor z. s.<\/li>\n\n\n\n<li>TJ Su\u0161ice, z.s.<\/li>\n<\/ol>\n\n\n\n<p>AKR \u017delezn\u00e1 Ruda (bez hlasovac\u00edho pr\u00e1va)&nbsp;&nbsp;&nbsp;&nbsp;&nbsp;&nbsp;&nbsp;&nbsp;&nbsp;&nbsp;<\/p>\n\n\n<div class=\"wp-block-image\">\n<figure class=\"aligncenter size-full is-resized\"><img loading=\"lazy\" decoding=\"async\" width=\"533\" height=\"533\" src=\"http:\/\/pkas.cz\/wp-content\/uploads\/2024\/02\/transparent-PKAS_logo-pruhledny.png\" alt=\"logo\" class=\"wp-image-4308\" style=\"width:135px;height:auto\" srcset=\"http:\/\/pkas.cz\/wp-content\/uploads\/2024\/02\/transparent-PKAS_logo-pruhledny.png 533w, http:\/\/pkas.cz\/wp-content\/uploads\/2024\/02\/transparent-PKAS_logo-pruhledny-300x300.png 300w, http:\/\/pkas.cz\/wp-content\/uploads\/2024\/02\/transparent-PKAS_logo-pruhledny-150x150.png 150w\" sizes=\"(max-width: 533px) 100vw, 533px\" \/><\/figure><\/div>","protected":false},"excerpt":{"rendered":"<p>POZV\u00c1NKA na valnou hromadu Plze\u0148sk\u00e9ho krajsk\u00e9ho atletick\u00e9ho svazu M\u00edsto kon\u00e1n\u00ed:&nbsp;&nbsp;&nbsp;&nbsp;&nbsp;&nbsp;&nbsp;&nbsp;&nbsp;&nbsp;&nbsp;&nbsp;&nbsp;&nbsp;&nbsp;&nbsp;&nbsp; Plze\u0148 &#8211; Hotel Central, N\u00e1m\u011bst\u00ed Republiky 358\/33 Term\u00edn:&nbsp;&nbsp;&nbsp;&nbsp;&nbsp;&nbsp;&nbsp;&nbsp;&nbsp;&nbsp;&nbsp;&nbsp;&nbsp;&nbsp; &nbsp;&nbsp;&nbsp;&nbsp;&nbsp;&nbsp;&nbsp;&nbsp;&nbsp;&nbsp;&nbsp;&nbsp;&nbsp;&nbsp; st\u0159eda, 12. 6. 2024 od 17&hellip;<\/p>\n","protected":false},"author":3,"featured_media":4287,"comment_status":"closed","ping_status":"closed","sticky":false,"template":"","format":"standard","meta":{"footnotes":""},"categories":[3],"tags":[],"jetpack_sharing_enabled":true,"jetpack_featured_media_url":"http:\/\/pkas.cz\/wp-content\/uploads\/2024\/02\/PKAS-logo-right-vetsi.png","_links":{"self":[{"href":"http:\/\/pkas.cz\/index.php?rest_route=\/wp\/v2\/posts\/4494"}],"collection":[{"href":"http:\/\/pkas.cz\/index.php?rest_route=\/wp\/v2\/posts"}],"about":[{"href":"http:\/\/pkas.cz\/index.php?rest_route=\/wp\/v2\/types\/post"}],"author":[{"embeddable":true,"href":"http:\/\/pkas.cz\/index.php?rest_route=\/wp\/v2\/users\/3"}],"replies":[{"embeddable":true,"href":"http:\/\/pkas.cz\/index.php?rest_route=%2Fwp%2Fv2%2Fcomments&post=4494"}],"version-history":[{"count":5,"href":"http:\/\/pkas.cz\/index.php?rest_route=\/wp\/v2\/posts\/4494\/revisions"}],"predecessor-version":[{"id":4502,"href":"http:\/\/pkas.cz\/index.php?rest_route=\/wp\/v2\/posts\/4494\/revisions\/4502"}],"wp:featuredmedia":[{"embeddable":true,"href":"http:\/\/pkas.cz\/index.php?rest_route=\/wp\/v2\/media\/4287"}],"wp:attachment":[{"href":"http:\/\/pkas.cz\/index.php?rest_route=%2Fwp%2Fv2%2Fmedia&parent=4494"}],"wp:term":[{"taxonomy":"category","embeddable":true,"href":"http:\/\/pkas.cz\/index.php?rest_route=%2Fwp%2Fv2%2Fcategories&post=4494"},{"taxonomy":"post_tag","embeddable":true,"href":"http:\/\/pkas.cz\/index.php?rest_route=%2Fwp%2Fv2%2Ftags&post=4494"}],"curies":[{"name":"wp","href":"https:\/\/api.w.org\/{rel}","templated":true}]}}