{"id":445,"date":"2019-09-24T19:53:07","date_gmt":"2019-09-24T17:53:07","guid":{"rendered":"http:\/\/pkas.cz\/?p=445"},"modified":"2019-09-24T19:53:10","modified_gmt":"2019-09-24T17:53:10","slug":"tym-junioru-ak-skoda-plzen-zvitezil-na-evropskem-poharu-mistru","status":"publish","type":"post","link":"http:\/\/pkas.cz\/?p=445","title":{"rendered":"T\u00fdm junior\u016f AK \u0160KODA Plze\u0148 zv\u00edt\u011bzil na Evropsk\u00e9m poh\u00e1ru mistr\u016f!!"},"content":{"rendered":"\n<h1 class=\"wp-block-heading\">T\u00fdm junior\u016f AK \u0160KODA Plze\u0148 zv\u00edt\u011bzil na Evropsk\u00e9m poh\u00e1ru mistr\u016f!!<\/h1>\n\n\n\n<figure class=\"wp-block-image\"><img loading=\"lazy\" decoding=\"async\" width=\"960\" height=\"960\" src=\"http:\/\/pkas.cz\/wp-content\/uploads\/2019\/09\/skodaplzenjuniorileira2019.jpg\" alt=\"\" class=\"wp-image-446\" srcset=\"http:\/\/pkas.cz\/wp-content\/uploads\/2019\/09\/skodaplzenjuniorileira2019.jpg 960w, http:\/\/pkas.cz\/wp-content\/uploads\/2019\/09\/skodaplzenjuniorileira2019-150x150.jpg 150w, http:\/\/pkas.cz\/wp-content\/uploads\/2019\/09\/skodaplzenjuniorileira2019-300x300.jpg 300w, http:\/\/pkas.cz\/wp-content\/uploads\/2019\/09\/skodaplzenjuniorileira2019-768x768.jpg 768w\" sizes=\"(max-width: 960px) 100vw, 960px\" \/><figcaption>Dru\u017estvo junior\u016f AK \u0160koda Plze\u0148<\/figcaption><\/figure>\n\n\n\n<p><em>autor zdroj AK \u0160KODA Plze\u0148<\/em><\/p>\n\n\n\n<p>T\u00fdm junior\u016f AK \u0160KODA Plze\u0148 zv\u00edt\u011bz\u00edl v evropsk\u00e9m poh\u00e1ru mistr\u016f sv\u00e9 skupiny. Neskute\u010dn\u00fd v\u00fdkon cel\u00e9ho t\u00fdmu, kter\u00fd byl v cel\u00e9 sout\u011b\u017ei nov\u00e1\u010dkem a v\u016fbec poprv\u00e9 v 70 let\u00e9 historii klubu mohl reprezentovat \u010ceskou republiku na tomto poh\u00e1rov\u00e9m kl\u00e1n\u00ed mistr\u016f evropsk\u00fdch zem\u00ed. U\u017e 17 m\u011bs\u00edc\u016f tento t\u00fdm nepoznal por\u00e1\u017eku nap\u0159\u00ed\u010d zem\u00ed. Nyn\u00ed tuto nev\u00eddanou s\u00e9rii v\u00edt\u011bzstv\u00ed v \u0159ad\u011b prot\u00e1hl i v souboj\u00edch mistr\u016f Evropy. Dal\u0161\u00ed podrobnosti p\u0159ipravujeme&#8230; <\/p>\n","protected":false},"excerpt":{"rendered":"<p>T\u00fdm junior\u016f AK \u0160KODA Plze\u0148 zv\u00edt\u011bzil na Evropsk\u00e9m poh\u00e1ru mistr\u016f!! autor zdroj AK \u0160KODA Plze\u0148 T\u00fdm junior\u016f AK \u0160KODA Plze\u0148 zv\u00edt\u011bz\u00edl v evropsk\u00e9m poh\u00e1ru mistr\u016f&hellip;<\/p>\n","protected":false},"author":1,"featured_media":446,"comment_status":"open","ping_status":"open","sticky":false,"template":"","format":"standard","meta":{"footnotes":""},"categories":[1],"tags":[],"jetpack_sharing_enabled":true,"jetpack_featured_media_url":"http:\/\/pkas.cz\/wp-content\/uploads\/2019\/09\/skodaplzenjuniorileira2019.jpg","_links":{"self":[{"href":"http:\/\/pkas.cz\/index.php?rest_route=\/wp\/v2\/posts\/445"}],"collection":[{"href":"http:\/\/pkas.cz\/index.php?rest_route=\/wp\/v2\/posts"}],"about":[{"href":"http:\/\/pkas.cz\/index.php?rest_route=\/wp\/v2\/types\/post"}],"author":[{"embeddable":true,"href":"http:\/\/pkas.cz\/index.php?rest_route=\/wp\/v2\/users\/1"}],"replies":[{"embeddable":true,"href":"http:\/\/pkas.cz\/index.php?rest_route=%2Fwp%2Fv2%2Fcomments&post=445"}],"version-history":[{"count":1,"href":"http:\/\/pkas.cz\/index.php?rest_route=\/wp\/v2\/posts\/445\/revisions"}],"predecessor-version":[{"id":447,"href":"http:\/\/pkas.cz\/index.php?rest_route=\/wp\/v2\/posts\/445\/revisions\/447"}],"wp:featuredmedia":[{"embeddable":true,"href":"http:\/\/pkas.cz\/index.php?rest_route=\/wp\/v2\/media\/446"}],"wp:attachment":[{"href":"http:\/\/pkas.cz\/index.php?rest_route=%2Fwp%2Fv2%2Fmedia&parent=445"}],"wp:term":[{"taxonomy":"category","embeddable":true,"href":"http:\/\/pkas.cz\/index.php?rest_route=%2Fwp%2Fv2%2Fcategories&post=445"},{"taxonomy":"post_tag","embeddable":true,"href":"http:\/\/pkas.cz\/index.php?rest_route=%2Fwp%2Fv2%2Ftags&post=445"}],"curies":[{"name":"wp","href":"https:\/\/api.w.org\/{rel}","templated":true}]}}