{"id":437,"date":"2019-09-24T19:49:09","date_gmt":"2019-09-24T17:49:09","guid":{"rendered":"http:\/\/pkas.cz\/?p=437"},"modified":"2019-09-24T19:49:38","modified_gmt":"2019-09-24T17:49:38","slug":"uspesmi-sportovci-z-lodm-u-hejtmana-plzenskeho-kraje","status":"publish","type":"post","link":"http:\/\/pkas.cz\/?p=437","title":{"rendered":"\u00dasp\u011b\u0161n\u00ed sportovci z LODM u hejtmana Plze\u0148sk\u00e9ho kraje"},"content":{"rendered":"\n<h1 class=\"wp-block-heading\">\u00dasp\u011b\u0161n\u00ed sportovci z LODM u hejtmana Plze\u0148sk\u00e9ho kraje<\/h1>\n\n\n\n<figure class=\"wp-block-image\"><img loading=\"lazy\" decoding=\"async\" width=\"1024\" height=\"683\" src=\"http:\/\/pkas.cz\/wp-content\/uploads\/2019\/09\/hejtmanolympiada2019-1024x683.jpg\" alt=\"\" class=\"wp-image-438\" srcset=\"http:\/\/pkas.cz\/wp-content\/uploads\/2019\/09\/hejtmanolympiada2019-1024x683.jpg 1024w, http:\/\/pkas.cz\/wp-content\/uploads\/2019\/09\/hejtmanolympiada2019-300x200.jpg 300w, http:\/\/pkas.cz\/wp-content\/uploads\/2019\/09\/hejtmanolympiada2019-768x512.jpg 768w, http:\/\/pkas.cz\/wp-content\/uploads\/2019\/09\/hejtmanolympiada2019-391x260.jpg 391w, http:\/\/pkas.cz\/wp-content\/uploads\/2019\/09\/hejtmanolympiada2019.jpg 1200w\" sizes=\"(max-width: 1024px) 100vw, 1024px\" \/><\/figure>\n\n\n\n<p><em>fotografie a text p\u0159evzato z webu Plze\u0148sk\u00fd kraj<\/em><\/p>\n\n\n\n<p>\u00dasp\u011b\u0161n\u00fdm medailist\u016fm, kte\u0159\u00ed se \u00fa\u010dastnili \u010dervnov\u00e9 olympi\u00e1dy d\u011bt\u00ed a ml\u00e1de\u017ee v Libereck\u00e9m kraji a um\u00edstili se na stupn\u00edch v\u00edt\u011bz\u016f, v pond\u011bl\u00ed 16. z\u00e1\u0159\u00ed 2019 poblahop\u0159\u00e1li hejtman Josef Bernard a jeho n\u00e1m\u011bstkyn\u011b Ivana Barto\u0161ov\u00e1. Mlad\u00ed sportovci p\u0159edstavili sv\u00e9 \u00fasp\u011bchy, kluby a debatovali se z\u00e1stupci Plze\u0148sk\u00e9ho kraje o sportu a jeho aktu\u00e1ln\u00edch probl\u00e9mech.<br>Plze\u0148sk\u00fd kraj vyslal na IX. Hry letn\u00ed olympi\u00e1dy d\u011bt\u00ed a ml\u00e1de\u017ee 2019 v\u00fdpravu s celkem 298 sportovci a tren\u00e9ry. Cel\u00fdch her se z\u00fa\u010dastnilo 3489 sportovc\u016f na celkem 25 sportovi\u0161t\u00edch. Jedn\u00edm ze sportovi\u0161\u0165 byl s\u00e1l zastupitelstva na Krajsk\u00e9m \u00fa\u0159ad\u011b Libereck\u00e9ho kraje, kde prob\u00edhaly z\u00e1vody st\u0159elc\u016f.<br>&#8222;Jsem velmi hrd\u00fd na to, \u017ee m\u00e1me tak talentovan\u00e9 sportovce, kte\u0159\u00ed Plze\u0148sk\u00fd kraj nenechaj\u00ed zapadnout na poli olympijsk\u00fdch sport\u016f a dok\u00e1\u017e\u00ed, \u017ee sport nen\u00ed jen d\u0159ina, ale i zdrav\u00e1 aktivita, dobr\u00fd kolektiv a p\u0159edev\u0161\u00edm z\u00e1bava. A p\u0159eji v\u0161em, aby u toho sv\u00e9ho sportu vydr\u017eeli a m\u011bli mo\u017enost nahl\u00e9dnout mezi sv\u011btov\u00e9 \u0161pi\u010dky, jako nap\u0159\u00edklad tenista Jon\u00e1\u0161 Forejtek. Na olympi\u00e1d\u011b d\u011bt\u00ed a ml\u00e1de\u017ee z\u00edskal medaili a nyn\u00ed hraje mezi sv\u011btov\u00fdmi elitami tenisu,&#8220; uvedl hejtman Josef Bernard. Zd\u016fraznil tak\u00e9 podporu i dal\u0161\u00edch, neolympijsk\u00fdch sport\u016f. &#8222;Plze\u0148sk\u00fd kraj vyhla\u0161uje dota\u010dn\u00ed titul tak\u00e9 na podporu sportovc\u016f reprezentuj\u00edc\u00edch kraj na evropsk\u00fdch a sv\u011btov\u00fdch sout\u011b\u017e\u00edch, podporujeme tak\u00e9 stavby nov\u00fdch sportovi\u0161\u0165.&#8220;<br>Plze\u0148sk\u00fd kraj p\u0159ivezl z leto\u0161n\u00edch her celkem 25 cenn\u00fdch kov\u016f, a to 7 zlat\u00fdch medail\u00ed, 4 st\u0159\u00edbrn\u00e9 a 14 bronzov\u00fdch. V celkov\u00e9m po\u0159ad\u00ed kraj\u016f pak skon\u010dil na 10. m\u00edst\u011b.<br>P\u0159ehled medailist\u016f<\/p>\n\n\n\n<p><strong>Zlat\u00e9 medaile<\/strong><br>Jon\u00e1\u0161 Fleisig atletika 60m ml. \u017e\u00e1ci<br>Magdal\u00e9na Hellmayerov\u00e1 atletika o\u0161t\u011bp<br>Viktorie J\u00e1nsk\u00e1 atletika 60m p\u0159ek\u00e1\u017eek<br>Helena Sommerov\u00e1 stoln\u00ed tenis dvouhra<br>Simona Sp\u011b\u0161n\u00e1 cyklistika MTB XCO<br>Ellen Zaradi\u010d plav\u00e1n\u00ed 100 P, 200 P<\/p>\n\n\n\n<p><strong>St\u0159\u00edbrn\u00e1 medaile<\/strong><br>Tereza Z\u00e1ho\u0159ov\u00e1 atletika 60m ml. \u017e\u00e1kyn\u011b<br>Martin Fait plav\u00e1n\u00ed 50 VZ<br>Eli\u0161ka Forejtkov\u00e1 tenis dvouhra<br>\u0160imon Kor\u010d\u00e1k plav\u00e1n\u00ed 200 P<\/p>\n\n\n\n<p><strong>Bronzov\u00e1 medaile<\/strong><br>Michaela \u0160v\u00e1bkov\u00e1 atletika v\u00fd\u0161ka<br>Plze\u0148sk\u00fd kraj A (mlad\u0161\u00ed \u017eactvo) atletika 4 x 60 sm\u00ed\u0161en\u00e1 \u0161tafeta<br>Tom\u00e1\u0161 Filip plav\u00e1n\u00ed 100 P<br>Jakub Hor\u00e1k plav\u00e1n\u00ed 100VZ<br>Mat\u011bj Marek triatlon z\u00e1vod jednotlivc\u016f<br>Andrea Nushartov\u00e1 plav\u00e1n\u00ed 200 P<br>Mat\u011bj Sladk\u00fd plav\u00e1n\u00ed 100 VZ, 50 VZ<br>\u0160imon Stehl\u00edk orienta\u010dn\u00ed b\u011bh sprint<br>Plze\u0148sk\u00fd kraj fotbal turnaj dru\u017estev<br>Plze\u0148sk\u00fd kraj (star\u0161\u00ed \u017eactvo) stoln\u00ed tenis sm\u00ed\u0161en\u00e1 \u010dty\u0159hra<br>Plze\u0148sk\u00fd kraj (dorost) triatlon \u0161tafeta mix 2+1<br>Plze\u0148sk\u00fd kraj (mlad\u0161\u00ed \u017ea\u010dky) tenis \u010dty\u0159hra<br>Plze\u0148sk\u00fd kraj d\u00edvky plav\u00e1n\u00ed 4 x 50 VZ\n\n<\/p>\n","protected":false},"excerpt":{"rendered":"<p>\u00dasp\u011b\u0161n\u00ed sportovci z LODM u hejtmana Plze\u0148sk\u00e9ho kraje fotografie a text p\u0159evzato z webu Plze\u0148sk\u00fd kraj \u00dasp\u011b\u0161n\u00fdm medailist\u016fm, kte\u0159\u00ed se \u00fa\u010dastnili \u010dervnov\u00e9 olympi\u00e1dy d\u011bt\u00ed a&hellip;<\/p>\n","protected":false},"author":1,"featured_media":438,"comment_status":"open","ping_status":"open","sticky":false,"template":"","format":"standard","meta":{"footnotes":""},"categories":[1],"tags":[],"jetpack_sharing_enabled":true,"jetpack_featured_media_url":"http:\/\/pkas.cz\/wp-content\/uploads\/2019\/09\/hejtmanolympiada2019.jpg","_links":{"self":[{"href":"http:\/\/pkas.cz\/index.php?rest_route=\/wp\/v2\/posts\/437"}],"collection":[{"href":"http:\/\/pkas.cz\/index.php?rest_route=\/wp\/v2\/posts"}],"about":[{"href":"http:\/\/pkas.cz\/index.php?rest_route=\/wp\/v2\/types\/post"}],"author":[{"embeddable":true,"href":"http:\/\/pkas.cz\/index.php?rest_route=\/wp\/v2\/users\/1"}],"replies":[{"embeddable":true,"href":"http:\/\/pkas.cz\/index.php?rest_route=%2Fwp%2Fv2%2Fcomments&post=437"}],"version-history":[{"count":2,"href":"http:\/\/pkas.cz\/index.php?rest_route=\/wp\/v2\/posts\/437\/revisions"}],"predecessor-version":[{"id":440,"href":"http:\/\/pkas.cz\/index.php?rest_route=\/wp\/v2\/posts\/437\/revisions\/440"}],"wp:featuredmedia":[{"embeddable":true,"href":"http:\/\/pkas.cz\/index.php?rest_route=\/wp\/v2\/media\/438"}],"wp:attachment":[{"href":"http:\/\/pkas.cz\/index.php?rest_route=%2Fwp%2Fv2%2Fmedia&parent=437"}],"wp:term":[{"taxonomy":"category","embeddable":true,"href":"http:\/\/pkas.cz\/index.php?rest_route=%2Fwp%2Fv2%2Fcategories&post=437"},{"taxonomy":"post_tag","embeddable":true,"href":"http:\/\/pkas.cz\/index.php?rest_route=%2Fwp%2Fv2%2Ftags&post=437"}],"curies":[{"name":"wp","href":"https:\/\/api.w.org\/{rel}","templated":true}]}}