{"id":4319,"date":"2024-02-14T14:45:09","date_gmt":"2024-02-14T13:45:09","guid":{"rendered":"http:\/\/pkas.cz\/?p=4319"},"modified":"2024-02-14T14:57:16","modified_gmt":"2024-02-14T13:57:16","slug":"juniori-sbirali-zkusenosti-na-mitinku-v-lipsku","status":"publish","type":"post","link":"http:\/\/pkas.cz\/?p=4319","title":{"rendered":"Junio\u0159i sb\u00edrali zku\u0161enosti na m\u00edtinku v Lipsku"},"content":{"rendered":"\n<p>V sobotu 10. 2. se v n\u011bmeck\u00e9m Leipzigu konal 20. MITGAS Indoor Meeting, na kter\u00e9m se p\u0159edstavila p\u011btice z\u00e1vodn\u00edk\u016f ze Sportovn\u00edho gymn\u00e1zia Plze\u0148. Junior\u0161t\u00ed sv\u011b\u0159enci tren\u00e9ra Petra Konopa sb\u00edrali cenn\u00e9 zku\u0161enosti na zahrani\u010dn\u00edm m\u00edtinku a p\u0159edvedli tak\u00e9 kvalitn\u00ed v\u00fdkony.<\/p>\n\n\n<div class=\"wp-block-image\">\n<figure class=\"aligncenter size-large is-resized\"><img loading=\"lazy\" decoding=\"async\" width=\"686\" height=\"1024\" src=\"http:\/\/pkas.cz\/wp-content\/uploads\/2024\/02\/IMG_9348-686x1024.jpg\" alt=\"\" class=\"wp-image-4323\" style=\"width:240px;height:auto\" srcset=\"http:\/\/pkas.cz\/wp-content\/uploads\/2024\/02\/IMG_9348-686x1024.jpg 686w, http:\/\/pkas.cz\/wp-content\/uploads\/2024\/02\/IMG_9348-201x300.jpg 201w, http:\/\/pkas.cz\/wp-content\/uploads\/2024\/02\/IMG_9348-768x1146.jpg 768w, http:\/\/pkas.cz\/wp-content\/uploads\/2024\/02\/IMG_9348-1030x1536.jpg 1030w, http:\/\/pkas.cz\/wp-content\/uploads\/2024\/02\/IMG_9348-1373x2048.jpg 1373w, http:\/\/pkas.cz\/wp-content\/uploads\/2024\/02\/IMG_9348-scaled.jpg 1716w\" sizes=\"(max-width: 686px) 100vw, 686px\" \/><figcaption class=\"wp-element-caption\">Jan \u0160karban na stupn\u00edch v\u00edt\u011bz\u016f<\/figcaption><\/figure><\/div>\n\n\n<p>Nejlep\u0161\u00ed um\u00edst\u011bn\u00ed zapsal prvn\u00edm rokem junior Jan \u0160karban, kter\u00fd \u010dasem 4:01,32 min nena\u0161el p\u0159emo\u017eitele v mu\u017esk\u00e9m b\u011bhu na 1 500 m a za sv\u00fdm osobn\u00edm rekordem zaostal pouze jednu vte\u0159inu. V pr\u016fb\u011b\u017en\u00e9 republikov\u00e9 tabulce tak z\u016fst\u00e1v\u00e1 na \u010dtvrt\u00e9m m\u00edst\u011b.<\/p>\n\n\n\n<p>N\u011bmeck\u00fdch z\u00e1vod\u016f se z\u00fa\u010dastnili:<br>Simona Kulenov\u00e1 AC Doma\u017elice<br>Ludmila Lobovsk\u00e1 AK \u0160KODA Plze\u0148<br>Anna Reichov\u00e1 TJ Sokol SG Plze\u0148-Pet\u0159\u00edn<br>Jakub Mac\u00e1n AC Doma\u017elice<br>Jan \u0160karban AK \u0160KODA Plze\u0148<\/p>\n\n\n\n<p>Kompletn\u00ed v\u00fdsledky naleznete na <a href=\"https:\/\/online.atletika.cz\/upload\/leipzig%2010.2.2024.pdf\" target=\"_blank\" rel=\"noreferrer noopener\">tomto odkazu<\/a>.<\/p>\n\n\n\n<p>Foto: Pavel \u0160karban<\/p>\n\n\n<div class=\"wp-block-image\">\n<figure class=\"aligncenter size-large is-resized\"><img loading=\"lazy\" decoding=\"async\" width=\"796\" height=\"1024\" src=\"http:\/\/pkas.cz\/wp-content\/uploads\/2024\/02\/nnn-796x1024.jpg\" alt=\"\" class=\"wp-image-4325\" style=\"width:282px;height:auto\" srcset=\"http:\/\/pkas.cz\/wp-content\/uploads\/2024\/02\/nnn-796x1024.jpg 796w, http:\/\/pkas.cz\/wp-content\/uploads\/2024\/02\/nnn-233x300.jpg 233w, http:\/\/pkas.cz\/wp-content\/uploads\/2024\/02\/nnn-768x988.jpg 768w, http:\/\/pkas.cz\/wp-content\/uploads\/2024\/02\/nnn-1194x1536.jpg 1194w, http:\/\/pkas.cz\/wp-content\/uploads\/2024\/02\/nnn-1592x2048.jpg 1592w, http:\/\/pkas.cz\/wp-content\/uploads\/2024\/02\/nnn.jpg 1990w\" sizes=\"(max-width: 796px) 100vw, 796px\" \/><\/figure><\/div>","protected":false},"excerpt":{"rendered":"<p>V sobotu 10. 2. se v n\u011bmeck\u00e9m Leipzigu konal 20. MITGAS Indoor Meeting, na kter\u00e9m se p\u0159edstavila p\u011btice z\u00e1vodn\u00edk\u016f ze Sportovn\u00edho gymn\u00e1zia Plze\u0148. Junior\u0161t\u00ed sv\u011b\u0159enci&hellip;<\/p>\n","protected":false},"author":4,"featured_media":4326,"comment_status":"closed","ping_status":"closed","sticky":false,"template":"","format":"standard","meta":{"footnotes":""},"categories":[1],"tags":[],"jetpack_sharing_enabled":true,"jetpack_featured_media_url":"http:\/\/pkas.cz\/wp-content\/uploads\/2024\/02\/IMG_9349-1-scaled.jpg","_links":{"self":[{"href":"http:\/\/pkas.cz\/index.php?rest_route=\/wp\/v2\/posts\/4319"}],"collection":[{"href":"http:\/\/pkas.cz\/index.php?rest_route=\/wp\/v2\/posts"}],"about":[{"href":"http:\/\/pkas.cz\/index.php?rest_route=\/wp\/v2\/types\/post"}],"author":[{"embeddable":true,"href":"http:\/\/pkas.cz\/index.php?rest_route=\/wp\/v2\/users\/4"}],"replies":[{"embeddable":true,"href":"http:\/\/pkas.cz\/index.php?rest_route=%2Fwp%2Fv2%2Fcomments&post=4319"}],"version-history":[{"count":3,"href":"http:\/\/pkas.cz\/index.php?rest_route=\/wp\/v2\/posts\/4319\/revisions"}],"predecessor-version":[{"id":4330,"href":"http:\/\/pkas.cz\/index.php?rest_route=\/wp\/v2\/posts\/4319\/revisions\/4330"}],"wp:featuredmedia":[{"embeddable":true,"href":"http:\/\/pkas.cz\/index.php?rest_route=\/wp\/v2\/media\/4326"}],"wp:attachment":[{"href":"http:\/\/pkas.cz\/index.php?rest_route=%2Fwp%2Fv2%2Fmedia&parent=4319"}],"wp:term":[{"taxonomy":"category","embeddable":true,"href":"http:\/\/pkas.cz\/index.php?rest_route=%2Fwp%2Fv2%2Fcategories&post=4319"},{"taxonomy":"post_tag","embeddable":true,"href":"http:\/\/pkas.cz\/index.php?rest_route=%2Fwp%2Fv2%2Ftags&post=4319"}],"curies":[{"name":"wp","href":"https:\/\/api.w.org\/{rel}","templated":true}]}}