{"id":428,"date":"2019-09-24T19:43:22","date_gmt":"2019-09-24T17:43:22","guid":{"rendered":"http:\/\/pkas.cz\/?p=428"},"modified":"2019-09-24T19:43:25","modified_gmt":"2019-09-24T17:43:25","slug":"v-nominaci-na-mistrovstvi-sveta-v-dauha-dva-plzenaci","status":"publish","type":"post","link":"http:\/\/pkas.cz\/?p=428","title":{"rendered":"V nominaci na Mistrovstv\u00ed sv\u011bta v DAUH\u00c1 dva Plze\u0148\u00e1ci!"},"content":{"rendered":"\n<h1 class=\"wp-block-heading\">V nominaci na Mistrovstv\u00ed sv\u011bta v DAUH\u00c1 dva Plze\u0148\u00e1ci!<\/h1>\n\n\n\n<p>Opravdu skv\u011bl\u00fd rok za\u017e\u00edv\u00e1 na\u0161e z\u00e1pado\u010desk\u00e1 atletika. Po letn\u00edch \u00fasp\u011b\u0161n\u00fdch vystoupen\u00edch na ml\u00e1de\u017enick\u00fdch \u0161ampion\u00e1tech jsou v nominaci i dva atleti na seniorsk\u00e9 mistrovstv\u00ed sv\u011bta, kter\u00e9 bude hostit na p\u0159elomu z\u00e1\u0159\u00ed a \u0159\u00edjna katarsk\u00e9 DAUH\u00c1.<br>Do sm\u00ed\u0161en\u00e9 \u0161tafety mu\u017e\u016f a \u017een na 4x400m byla nominov\u00e1na\u00a0<strong>TEREZA PETR\u017d\u00cdLKOV\u00c1<\/strong>\u00a0a v nominaci mu\u017e\u016f figuruje \u00fasp\u011b\u0161n\u00fd ml\u00e1de\u017enick\u00fd reprezentant\u00a0<strong>FILIP LI\u010cMAN<\/strong>.<br>V\u00edce o nominaci na webu atletika.cz\u00a0<a href=\"https:\/\/www.atletika.cz\/aktuality\/byla-schvalena-nominace-na-ms\/\">ZDE<\/a><\/p>\n","protected":false},"excerpt":{"rendered":"<p>V nominaci na Mistrovstv\u00ed sv\u011bta v DAUH\u00c1 dva Plze\u0148\u00e1ci! Opravdu skv\u011bl\u00fd rok za\u017e\u00edv\u00e1 na\u0161e z\u00e1pado\u010desk\u00e1 atletika. Po letn\u00edch \u00fasp\u011b\u0161n\u00fdch vystoupen\u00edch na ml\u00e1de\u017enick\u00fdch \u0161ampion\u00e1tech jsou v&hellip;<\/p>\n","protected":false},"author":1,"featured_media":0,"comment_status":"open","ping_status":"open","sticky":false,"template":"","format":"standard","meta":{"footnotes":""},"categories":[1],"tags":[],"jetpack_sharing_enabled":true,"jetpack_featured_media_url":"","_links":{"self":[{"href":"http:\/\/pkas.cz\/index.php?rest_route=\/wp\/v2\/posts\/428"}],"collection":[{"href":"http:\/\/pkas.cz\/index.php?rest_route=\/wp\/v2\/posts"}],"about":[{"href":"http:\/\/pkas.cz\/index.php?rest_route=\/wp\/v2\/types\/post"}],"author":[{"embeddable":true,"href":"http:\/\/pkas.cz\/index.php?rest_route=\/wp\/v2\/users\/1"}],"replies":[{"embeddable":true,"href":"http:\/\/pkas.cz\/index.php?rest_route=%2Fwp%2Fv2%2Fcomments&post=428"}],"version-history":[{"count":1,"href":"http:\/\/pkas.cz\/index.php?rest_route=\/wp\/v2\/posts\/428\/revisions"}],"predecessor-version":[{"id":429,"href":"http:\/\/pkas.cz\/index.php?rest_route=\/wp\/v2\/posts\/428\/revisions\/429"}],"wp:attachment":[{"href":"http:\/\/pkas.cz\/index.php?rest_route=%2Fwp%2Fv2%2Fmedia&parent=428"}],"wp:term":[{"taxonomy":"category","embeddable":true,"href":"http:\/\/pkas.cz\/index.php?rest_route=%2Fwp%2Fv2%2Fcategories&post=428"},{"taxonomy":"post_tag","embeddable":true,"href":"http:\/\/pkas.cz\/index.php?rest_route=%2Fwp%2Fv2%2Ftags&post=428"}],"curies":[{"name":"wp","href":"https:\/\/api.w.org\/{rel}","templated":true}]}}