{"id":4276,"date":"2024-01-31T20:48:00","date_gmt":"2024-01-31T19:48:00","guid":{"rendered":"http:\/\/pkas.cz\/?p=4276"},"modified":"2024-02-01T10:51:58","modified_gmt":"2024-02-01T09:51:58","slug":"jiri-henzlik-oslavil-zivotni-jubileum-90-let","status":"publish","type":"post","link":"http:\/\/pkas.cz\/?p=4276","title":{"rendered":"Ji\u0159\u00ed Hen\u017el\u00edk oslavil \u017eivotn\u00ed jubileum 90 let"},"content":{"rendered":"<div class=\"wp-block-image\">\n<figure class=\"alignright size-large is-resized\"><img loading=\"lazy\" decoding=\"async\" width=\"682\" height=\"1024\" src=\"http:\/\/pkas.cz\/wp-content\/uploads\/2024\/01\/henzlik-682x1024.jpg\" alt=\"\" class=\"wp-image-4278\" style=\"width:198px;height:auto\" srcset=\"http:\/\/pkas.cz\/wp-content\/uploads\/2024\/01\/henzlik-682x1024.jpg 682w, http:\/\/pkas.cz\/wp-content\/uploads\/2024\/01\/henzlik-200x300.jpg 200w, http:\/\/pkas.cz\/wp-content\/uploads\/2024\/01\/henzlik-768x1153.jpg 768w, http:\/\/pkas.cz\/wp-content\/uploads\/2024\/01\/henzlik-1023x1536.jpg 1023w, http:\/\/pkas.cz\/wp-content\/uploads\/2024\/01\/henzlik-1364x2048.jpg 1364w, http:\/\/pkas.cz\/wp-content\/uploads\/2024\/01\/henzlik-scaled.jpg 1705w\" sizes=\"(max-width: 682px) 100vw, 682px\" \/><\/figure><\/div>\n\n\n<p>V\u00fdznamn\u00e9 \u017eivotn\u00ed jubileum oslavil 28. ledna nestor plze\u0148sk\u00e9 atletiky Ji\u0159\u00ed Hen\u017el\u00edk. <br>S kr\u00e1lovnou sportu za\u010dal, kdy\u017e mu bylo pouh\u00fdch deset let, a do tren\u00e9rsk\u00e9ho d\u016fchodu ode\u0161el v 85 letech. <\/p>\n\n\n\n<p>Pan Hen\u017el\u00edk se narodil v roce 1934 v Plzni, kde pozd\u011bji studoval na st\u0159edn\u00ed pr\u016fmyslov\u00e9 \u0161kole a kde tak\u00e9 vykon\u00e1val vojenskou z\u00e1kladn\u00ed slu\u017ebu. B\u011bhem z\u00e1vodn\u00ed kari\u00e9ry n\u011bkolikr\u00e1t posunul krajsk\u00fd rekord v hodu kladivem, kter\u00fd dr\u017eel v letech 1952 a\u017e 1957. Osobn\u00edm rekordem je v\u00fdkon 51,49 m. St\u0159\u00edbrnou medaili vybojoval v hodu kladivem na p\u0159eboru DSO Sl\u00e1via v Brn\u011b (dne\u0161n\u00ed univerzi\u00e1da) nebo \u010dtvrt\u00e9 m\u00edsto na IV. letn\u00ed arm\u00e1dn\u00ed spartaki\u00e1d\u011b v Brn\u011b. <\/p>\n\n\n\n<p>Na \u00fasp\u011b\u0161nou z\u00e1vodn\u00ed kari\u00e9ru nav\u00e1zal nem\u00e9n\u011b \u00fasp\u011b\u0161nou kari\u00e9rou tren\u00e9ra. T\u00e9 se v\u011bnoval cel\u00fdch 55 let a b\u011bhem n\u00ed vychoval celkem 23 mlad\u00fdch vrha\u010d\u016f, kte\u0159\u00ed vybojovali cenn\u00e9 kovy na republikov\u00fdch mistrovstv\u00edch v\u010detn\u011b samotn\u00fdch mistrovsk\u00fdch titul\u016f. V roce 1996 za\u010dal p\u016fsobit jako tren\u00e9r na Sportovn\u00edm gymn\u00e1ziu v Plzni a za t\u00e9to \u00e9ry dos\u00e1hl v\u016fbec t\u011bch nejv\u011bt\u0161\u00edch tren\u00e9rsk\u00fdch \u00fasp\u011bch\u016f. Jeho sv\u011b\u0159enkyn\u011b Helena Brejchov\u00e1 se v hodu o\u0161t\u011bpem um\u00edstila na 10. pozici na mistrovstv\u00ed Evropy junior\u016f a juniorek v Lublani a o\u0161t\u011bpa\u0159 V\u00edt \u0160ime\u010dek vybojoval rovn\u011b\u017e des\u00e1t\u00e9 m\u00edsto na Olympijsk\u00fdch hr\u00e1ch evropsk\u00e9 ml\u00e1de\u017ee do 17 let v Lisabonu. K disku p\u0159ivedl tak\u00e9 pozd\u011bj\u0161\u00ed n\u011bkolikan\u00e1sobnou mistryni \u010cR a \u00fa\u010dastnici Mistrovstv\u00ed sv\u011bta v Dauh\u00e1 Eli\u0161ku Sta\u0148kovou.<\/p>\n\n\n<div class=\"wp-block-image\">\n<figure class=\"aligncenter size-large is-resized\"><img loading=\"lazy\" decoding=\"async\" width=\"1024\" height=\"768\" src=\"http:\/\/pkas.cz\/wp-content\/uploads\/2024\/01\/Jaroslav_Roubal_pred_50_lety_vyhral_M_CSSR_kladivem_6060_m_P8090018-1024x768.jpg\" alt=\"\" class=\"wp-image-4279\" style=\"width:438px;height:auto\" srcset=\"http:\/\/pkas.cz\/wp-content\/uploads\/2024\/01\/Jaroslav_Roubal_pred_50_lety_vyhral_M_CSSR_kladivem_6060_m_P8090018-1024x768.jpg 1024w, http:\/\/pkas.cz\/wp-content\/uploads\/2024\/01\/Jaroslav_Roubal_pred_50_lety_vyhral_M_CSSR_kladivem_6060_m_P8090018-300x225.jpg 300w, http:\/\/pkas.cz\/wp-content\/uploads\/2024\/01\/Jaroslav_Roubal_pred_50_lety_vyhral_M_CSSR_kladivem_6060_m_P8090018-768x576.jpg 768w, http:\/\/pkas.cz\/wp-content\/uploads\/2024\/01\/Jaroslav_Roubal_pred_50_lety_vyhral_M_CSSR_kladivem_6060_m_P8090018-1536x1152.jpg 1536w, http:\/\/pkas.cz\/wp-content\/uploads\/2024\/01\/Jaroslav_Roubal_pred_50_lety_vyhral_M_CSSR_kladivem_6060_m_P8090018-2048x1536.jpg 2048w\" sizes=\"(max-width: 1024px) 100vw, 1024px\" \/><figcaption class=\"wp-element-caption\">Pan Hen\u017el\u00edk se sv\u00fdm sv\u011b\u0159encem Jaroslavem Roubalem<br>po 50 letech od mistrovsk\u00e9ho titulu \u010cSSR (2017)<\/figcaption><\/figure><\/div>\n\n\n<p>Pan Ji\u0159\u00ed Hen\u017el\u00edk se v\u011bnoval tak\u00e9 r\u016fstu atletick\u00e9ho z\u00e1zem\u00ed v Plzni, kdy\u017e se pod\u00edlel na otev\u0159en\u00ed St\u0159ediska vrcholov\u00e9ho sportu p\u0159i TJ \u0160koda Plze\u0148 a pozd\u011bji se stal vedouc\u00edm pr\u00e1v\u011b SVS ml\u00e1de\u017ee. V letech 1980-1986 a 1991-1993 byl p\u0159edsedou atletick\u00e9ho klubu \u0160koda Plze\u0148. Velikou z\u00e1sluhu m\u011bl tak\u00e9 na roz\u0161\u00ed\u0159en\u00ed ov\u00e1lu na 8 drah a polo\u017een\u00ed nov\u00e9ho \u0161kv\u00e1rov\u00e9ho povrchu na tehdej\u0161\u00edm stadionu a pozd\u011bji, v roce 1997, dokonce polo\u017een\u00ed povrchem POLYTAN na dr\u00e1ze a v jednotliv\u00fdch sektorech.<\/p>\n\n\n\n<p>Jeho atletick\u00e9 nad\u0161en\u00ed a zasv\u011bcen\u00ed kr\u00e1lovn\u011b sportu nez\u016fstalo nepov\u0161imnuto. Nap\u0159\u00edklad v roce 1984 obdr\u017eel ocen\u011bn\u00ed \u010cestn\u00fd titul vzorn\u00fd tren\u00e9r a v roce 2006 z\u00edskal Ocen\u011bn\u00ed za dlouholetou pr\u00e1ci s ml\u00e1de\u017e\u00ed od prim\u00e1tora m\u011bsta Plzn\u011b.<\/p>\n\n\n\n<p>V roce 2019 mu po 55 letech tren\u00e9rsk\u00e9 kari\u00e9ry vypr\u0161ela tren\u00e9rsk\u00e1 licence a pan Hen\u017el\u00edk ode\u0161el v 85 letech v\u011bku do atletick\u00e9ho d\u016fchodu. I nad\u00e1le je ale velk\u00fdm sportovn\u00edm nad\u0161encem a st\u00e1le sleduje nejen atletick\u00e9 d\u011bn\u00ed a \u00fasp\u011bchy.<\/p>\n","protected":false},"excerpt":{"rendered":"<p>V\u00fdznamn\u00e9 \u017eivotn\u00ed jubileum oslavil 28. ledna nestor plze\u0148sk\u00e9 atletiky Ji\u0159\u00ed Hen\u017el\u00edk. S kr\u00e1lovnou sportu za\u010dal, kdy\u017e mu bylo pouh\u00fdch deset let, a do tren\u00e9rsk\u00e9ho d\u016fchodu&hellip;<\/p>\n","protected":false},"author":4,"featured_media":4281,"comment_status":"closed","ping_status":"closed","sticky":false,"template":"","format":"standard","meta":{"footnotes":""},"categories":[3],"tags":[],"jetpack_sharing_enabled":true,"jetpack_featured_media_url":"http:\/\/pkas.cz\/wp-content\/uploads\/2024\/01\/henzlik-2.jpg","_links":{"self":[{"href":"http:\/\/pkas.cz\/index.php?rest_route=\/wp\/v2\/posts\/4276"}],"collection":[{"href":"http:\/\/pkas.cz\/index.php?rest_route=\/wp\/v2\/posts"}],"about":[{"href":"http:\/\/pkas.cz\/index.php?rest_route=\/wp\/v2\/types\/post"}],"author":[{"embeddable":true,"href":"http:\/\/pkas.cz\/index.php?rest_route=\/wp\/v2\/users\/4"}],"replies":[{"embeddable":true,"href":"http:\/\/pkas.cz\/index.php?rest_route=%2Fwp%2Fv2%2Fcomments&post=4276"}],"version-history":[{"count":4,"href":"http:\/\/pkas.cz\/index.php?rest_route=\/wp\/v2\/posts\/4276\/revisions"}],"predecessor-version":[{"id":4285,"href":"http:\/\/pkas.cz\/index.php?rest_route=\/wp\/v2\/posts\/4276\/revisions\/4285"}],"wp:featuredmedia":[{"embeddable":true,"href":"http:\/\/pkas.cz\/index.php?rest_route=\/wp\/v2\/media\/4281"}],"wp:attachment":[{"href":"http:\/\/pkas.cz\/index.php?rest_route=%2Fwp%2Fv2%2Fmedia&parent=4276"}],"wp:term":[{"taxonomy":"category","embeddable":true,"href":"http:\/\/pkas.cz\/index.php?rest_route=%2Fwp%2Fv2%2Fcategories&post=4276"},{"taxonomy":"post_tag","embeddable":true,"href":"http:\/\/pkas.cz\/index.php?rest_route=%2Fwp%2Fv2%2Ftags&post=4276"}],"curies":[{"name":"wp","href":"https:\/\/api.w.org\/{rel}","templated":true}]}}