{"id":426,"date":"2019-09-24T19:42:35","date_gmt":"2019-09-24T17:42:35","guid":{"rendered":"http:\/\/pkas.cz\/?p=426"},"modified":"2019-09-24T19:42:38","modified_gmt":"2019-09-24T17:42:38","slug":"vysel-zapis-pkas-7-2019","status":"publish","type":"post","link":"http:\/\/pkas.cz\/?p=426","title":{"rendered":"Vy\u0161el Z\u00e1pis PKAS 7\/2019"},"content":{"rendered":"\n<h1 class=\"wp-block-heading\">Vy\u0161el Z\u00e1pis PKAS 7\/2019<\/h1>\n\n\n\n<p> Vy\u0161el z\u00e1pis z jedn\u00e1n\u00ed V\u00fdboru PKAS, kter\u00e9 se uskute\u010dnilo 29.8. v Plzni. Z\u00e1pis ke sta\u017een\u00ed\u00a0<a href=\"http:\/\/www.pkas.cz\/soubor\/z719.doc\"><\/a><a href=\"http:\/\/pkas.cz\/wp-content\/uploads\/2019\/09\/z719.doc\">ZDE<\/a><\/p>\n","protected":false},"excerpt":{"rendered":"<p>Vy\u0161el Z\u00e1pis PKAS 7\/2019 Vy\u0161el z\u00e1pis z jedn\u00e1n\u00ed V\u00fdboru PKAS, kter\u00e9 se uskute\u010dnilo 29.8. v Plzni. Z\u00e1pis ke sta\u017een\u00ed\u00a0ZDE<\/p>\n","protected":false},"author":1,"featured_media":0,"comment_status":"open","ping_status":"open","sticky":false,"template":"","format":"standard","meta":{"footnotes":""},"categories":[1],"tags":[],"jetpack_sharing_enabled":true,"jetpack_featured_media_url":"","_links":{"self":[{"href":"http:\/\/pkas.cz\/index.php?rest_route=\/wp\/v2\/posts\/426"}],"collection":[{"href":"http:\/\/pkas.cz\/index.php?rest_route=\/wp\/v2\/posts"}],"about":[{"href":"http:\/\/pkas.cz\/index.php?rest_route=\/wp\/v2\/types\/post"}],"author":[{"embeddable":true,"href":"http:\/\/pkas.cz\/index.php?rest_route=\/wp\/v2\/users\/1"}],"replies":[{"embeddable":true,"href":"http:\/\/pkas.cz\/index.php?rest_route=%2Fwp%2Fv2%2Fcomments&post=426"}],"version-history":[{"count":1,"href":"http:\/\/pkas.cz\/index.php?rest_route=\/wp\/v2\/posts\/426\/revisions"}],"predecessor-version":[{"id":427,"href":"http:\/\/pkas.cz\/index.php?rest_route=\/wp\/v2\/posts\/426\/revisions\/427"}],"wp:attachment":[{"href":"http:\/\/pkas.cz\/index.php?rest_route=%2Fwp%2Fv2%2Fmedia&parent=426"}],"wp:term":[{"taxonomy":"category","embeddable":true,"href":"http:\/\/pkas.cz\/index.php?rest_route=%2Fwp%2Fv2%2Fcategories&post=426"},{"taxonomy":"post_tag","embeddable":true,"href":"http:\/\/pkas.cz\/index.php?rest_route=%2Fwp%2Fv2%2Ftags&post=426"}],"curies":[{"name":"wp","href":"https:\/\/api.w.org\/{rel}","templated":true}]}}