{"id":4194,"date":"2024-01-23T18:41:48","date_gmt":"2024-01-23T17:41:48","guid":{"rendered":"http:\/\/pkas.cz\/?p=4194"},"modified":"2024-01-30T20:43:07","modified_gmt":"2024-01-30T19:43:07","slug":"z-chebu-prisla-smutna-zprava-zemrel-jaroslav-priban","status":"publish","type":"post","link":"http:\/\/pkas.cz\/?p=4194","title":{"rendered":"Z Chebu p\u0159i\u0161la smutn\u00e1 zpr\u00e1va, zem\u0159el Jaroslav P\u0159ib\u00e1\u0148"},"content":{"rendered":"<p>Dnes b\u011bhem dopoledne obl\u00e9tla atletickou komunitu smutn\u00e1 zpr\u00e1va, \u017ee n\u00e1s 22. 1. 2024 v pozdn\u00edch no\u010dn\u00edch hodin\u00e1ch nav\u017edy opustil pan Jaroslav P\u0159ib\u00e1\u0148.<\/p>\n<p><img loading=\"lazy\" decoding=\"async\" class=\"size-medium wp-image-4196 alignright\" src=\"http:\/\/pkas.cz\/wp-content\/uploads\/2024\/01\/B967F6E2-2CB8-4B6C-99C5-8F176341E229-300x213.jpg\" alt=\"\" width=\"300\" height=\"213\" srcset=\"http:\/\/pkas.cz\/wp-content\/uploads\/2024\/01\/B967F6E2-2CB8-4B6C-99C5-8F176341E229-300x213.jpg 300w, http:\/\/pkas.cz\/wp-content\/uploads\/2024\/01\/B967F6E2-2CB8-4B6C-99C5-8F176341E229-1024x727.jpg 1024w, http:\/\/pkas.cz\/wp-content\/uploads\/2024\/01\/B967F6E2-2CB8-4B6C-99C5-8F176341E229-768x545.jpg 768w, http:\/\/pkas.cz\/wp-content\/uploads\/2024\/01\/B967F6E2-2CB8-4B6C-99C5-8F176341E229.jpg 1125w\" sizes=\"(max-width: 300px) 100vw, 300px\" \/><\/p>\n<p style=\"text-align: left;\">Pan P\u0159ib\u00e1\u0148, kter\u00e9mu nikdo ne\u0159ekl jinak ne\u017e Jacek, byl od roku 1978 p\u0159edsedou klubu SKP Union Cheb (d\u0159\u00edve Rud\u00e1 Hv\u011bzda), p\u0159edsedal tak\u00e9 cel\u00e9 tehdej\u0161\u00ed z\u00e1pado\u010desk\u00e9 oblasti a pot\u00e9 Karlovarsk\u00e9mu krajsk\u00e9mu atletick\u00e9mu svazu. Po rozd\u011blen\u00ed kraj\u016f nad\u00e1le z\u016fstal v \u00fazk\u00e9m spojen\u00ed s Plze\u0148sk\u00fdm krajem a od roku 2009 a\u017e do sou\u010dasnosti p\u016fsobil v \u010cesk\u00e9m atletick\u00e9m svazu jako m\u00edstop\u0159edseda. Nezapomenuteln\u00fd je tak\u00e9 jeho hlas, kter\u00fd zn\u00e1 atletick\u00e1 rodina nap\u0159\u00ed\u010d celou republikou z v\u00edce ne\u017e stovky z\u00e1vod\u016f, kter\u00e9 s radost\u00ed jako hlasatel a moder\u00e1tor komentoval.<\/p>\n<p>Pan Jacek P\u0159ib\u00e1\u0148 \u017eil cel\u00fd \u017eivot atletikou, od vlastn\u00ed z\u00e1vodn\u00ed kari\u00e9ry p\u0159es kari\u00e9ru tren\u00e9rskou a\u017e po funkcion\u00e1\u0159e na r\u016fzn\u00fdch \u00farovn\u00edch. Jako srdca\u0159 nezapomn\u011bl ani na rodn\u00e9 m\u011bsto Cheb, kde byl jeho z\u00e1sluhou vybudov\u00e1n v\u00edce\u00fa\u010delov\u00fd stadion s unik\u00e1tn\u00ed zlatou dr\u00e1hou. Na t\u00e9 se pak konala nap\u0159\u00edklad tradi\u010dn\u00ed Velk\u00e1 cena m\u011bsta Chebu a b\u011bhem n\u011bkolika let zde z\u00e1vodily \u010desk\u00e9 a mezin\u00e1rodn\u00ed atletick\u00e9 hv\u011bzdy.<\/p>\n<p>Plze\u0148sk\u00fd krajsk\u00fd atletick\u00fd svaz vyjad\u0159uje up\u0159\u00edmnou soustrast poz\u016fstal\u00fdm.<\/p>\n","protected":false},"excerpt":{"rendered":"<p>Dnes b\u011bhem dopoledne obl\u00e9tla atletickou komunitu smutn\u00e1 zpr\u00e1va, \u017ee n\u00e1s 22. 1. 2024 v pozdn\u00edch no\u010dn\u00edch hodin\u00e1ch nav\u017edy opustil pan Jaroslav P\u0159ib\u00e1\u0148. Pan P\u0159ib\u00e1\u0148, kter\u00e9mu&hellip;<\/p>\n","protected":false},"author":4,"featured_media":4197,"comment_status":"closed","ping_status":"closed","sticky":false,"template":"","format":"standard","meta":{"footnotes":""},"categories":[3],"tags":[],"jetpack_sharing_enabled":true,"jetpack_featured_media_url":"http:\/\/pkas.cz\/wp-content\/uploads\/2024\/01\/IMG_9204.png","_links":{"self":[{"href":"http:\/\/pkas.cz\/index.php?rest_route=\/wp\/v2\/posts\/4194"}],"collection":[{"href":"http:\/\/pkas.cz\/index.php?rest_route=\/wp\/v2\/posts"}],"about":[{"href":"http:\/\/pkas.cz\/index.php?rest_route=\/wp\/v2\/types\/post"}],"author":[{"embeddable":true,"href":"http:\/\/pkas.cz\/index.php?rest_route=\/wp\/v2\/users\/4"}],"replies":[{"embeddable":true,"href":"http:\/\/pkas.cz\/index.php?rest_route=%2Fwp%2Fv2%2Fcomments&post=4194"}],"version-history":[{"count":11,"href":"http:\/\/pkas.cz\/index.php?rest_route=\/wp\/v2\/posts\/4194\/revisions"}],"predecessor-version":[{"id":4222,"href":"http:\/\/pkas.cz\/index.php?rest_route=\/wp\/v2\/posts\/4194\/revisions\/4222"}],"wp:featuredmedia":[{"embeddable":true,"href":"http:\/\/pkas.cz\/index.php?rest_route=\/wp\/v2\/media\/4197"}],"wp:attachment":[{"href":"http:\/\/pkas.cz\/index.php?rest_route=%2Fwp%2Fv2%2Fmedia&parent=4194"}],"wp:term":[{"taxonomy":"category","embeddable":true,"href":"http:\/\/pkas.cz\/index.php?rest_route=%2Fwp%2Fv2%2Fcategories&post=4194"},{"taxonomy":"post_tag","embeddable":true,"href":"http:\/\/pkas.cz\/index.php?rest_route=%2Fwp%2Fv2%2Ftags&post=4194"}],"curies":[{"name":"wp","href":"https:\/\/api.w.org\/{rel}","templated":true}]}}