{"id":4187,"date":"2024-01-18T11:54:55","date_gmt":"2024-01-18T10:54:55","guid":{"rendered":"http:\/\/pkas.cz\/?p=4187"},"modified":"2024-01-28T11:51:51","modified_gmt":"2024-01-28T10:51:51","slug":"druzstva-sportovniho-gymnazia-v-plzni-vezou-stribrne-pohary","status":"publish","type":"post","link":"http:\/\/pkas.cz\/?p=4187","title":{"rendered":"Dru\u017estva Sportovn\u00edho gymn\u00e1zia v Plzni vezou st\u0159\u00edbrn\u00e9 poh\u00e1ry"},"content":{"rendered":"<p><img loading=\"lazy\" decoding=\"async\" class=\" wp-image-4182 aligncenter\" src=\"http:\/\/pkas.cz\/wp-content\/uploads\/2024\/01\/4b7e3249-45f9-423a-9419-e578abec5fb1-300x225.jpg\" alt=\"\" width=\"267\" height=\"200\" srcset=\"http:\/\/pkas.cz\/wp-content\/uploads\/2024\/01\/4b7e3249-45f9-423a-9419-e578abec5fb1-300x225.jpg 300w, http:\/\/pkas.cz\/wp-content\/uploads\/2024\/01\/4b7e3249-45f9-423a-9419-e578abec5fb1-1024x768.jpg 1024w, http:\/\/pkas.cz\/wp-content\/uploads\/2024\/01\/4b7e3249-45f9-423a-9419-e578abec5fb1-768x576.jpg 768w, http:\/\/pkas.cz\/wp-content\/uploads\/2024\/01\/4b7e3249-45f9-423a-9419-e578abec5fb1-1536x1152.jpg 1536w, http:\/\/pkas.cz\/wp-content\/uploads\/2024\/01\/4b7e3249-45f9-423a-9419-e578abec5fb1.jpg 2048w\" sizes=\"(max-width: 267px) 100vw, 267px\" \/><\/p>\n<p>V \u00fater\u00fd 16. 1. 2024 prob\u011bhl <span style=\"font-weight: 400;\">v Ostrav\u011b St\u0159edo\u0161kolsk\u00fd atletick\u00fd poh\u00e1r sportovn\u00edch gymn\u00e1zi\u00ed, na kter\u00e9m nechyb\u011blo ani plze\u0148sk\u00e9. D\u00edky osobn\u00edm rekord\u016fm, skv\u011bl\u00fdm um\u00edst\u011bn\u00edm v jednotliv\u00fdch discipl\u00edn\u00e1ch a t\u00fdmov\u00e9mu duchu bojovalo jak dru\u017estvo d\u00edvek, tak dru\u017estvo chlapc\u016f o p\u0159edn\u00ed pozice. V kone\u010dn\u00e9m celkov\u00e9m hodnocen\u00ed gymnazi\u00e1ln\u00edch dru\u017estev pak oba plze\u0148sk\u00e9 t\u00fdmy skon\u010dily shodn\u011b na st\u0159\u00edbrn\u00fdch pozic\u00edch.<\/span><\/p>\n<p><span style=\"font-weight: 400;\">Na Sportovn\u00edm gymn\u00e1ziu v Plzni studuj\u00ed a pod veden\u00edm tren\u00e9r\u016f Denisy Bene\u0161ov\u00e9, Petra Konopa, Jakuba Ryby a Ivana Hub\u00e1\u010dka tr\u00e9nuj\u00ed atletky a atleti hned n\u011bkolika r\u016fzn\u00fdch klub\u016f Plze\u0148sk\u00e9ho kraje a nyn\u00ed spole\u010dn\u011b dok\u00e1zali vybojovat st\u0159\u00edbrnou medaili.<\/span><\/p>\n<p><span style=\"font-weight: 400;\">Z\u00e1vodilo se v tradi\u010dn\u00edch sprintersk\u00fdch a b\u011b\u017eeck\u00fdch discipl\u00edn\u00e1ch, nechyb\u011bly ani p\u0159ek\u00e1\u017eky, skok dalek\u00fd, vysok\u00fd \u010di o ty\u010di, nav\u00edc ale k vrhu koul\u00ed byl tento z\u00e1vod dru\u017estev oproti klasick\u00fdm ozvl\u00e1\u0161tn\u011bn hodem b\u0159emen, kter\u00e9 m\u00e1 10, 12 nebo 14 kilo podle kategorie.<\/span><\/p>\n<p><img loading=\"lazy\" decoding=\"async\" class=\"size-medium wp-image-4179 alignleft\" src=\"http:\/\/pkas.cz\/wp-content\/uploads\/2024\/01\/1cbd5a15-aa99-417f-90d5-61dd1d60d44e-300x225.jpg\" alt=\"\" width=\"300\" height=\"225\" srcset=\"http:\/\/pkas.cz\/wp-content\/uploads\/2024\/01\/1cbd5a15-aa99-417f-90d5-61dd1d60d44e-300x225.jpg 300w, http:\/\/pkas.cz\/wp-content\/uploads\/2024\/01\/1cbd5a15-aa99-417f-90d5-61dd1d60d44e-1024x768.jpg 1024w, http:\/\/pkas.cz\/wp-content\/uploads\/2024\/01\/1cbd5a15-aa99-417f-90d5-61dd1d60d44e-768x576.jpg 768w, http:\/\/pkas.cz\/wp-content\/uploads\/2024\/01\/1cbd5a15-aa99-417f-90d5-61dd1d60d44e-1536x1152.jpg 1536w, http:\/\/pkas.cz\/wp-content\/uploads\/2024\/01\/1cbd5a15-aa99-417f-90d5-61dd1d60d44e.jpg 2048w\" sizes=\"(max-width: 300px) 100vw, 300px\" \/><img loading=\"lazy\" decoding=\"async\" class=\"size-medium wp-image-4186 alignright\" src=\"http:\/\/pkas.cz\/wp-content\/uploads\/2024\/01\/newwww-300x225.jpg\" alt=\"\" width=\"300\" height=\"225\" srcset=\"http:\/\/pkas.cz\/wp-content\/uploads\/2024\/01\/newwww-300x225.jpg 300w, http:\/\/pkas.cz\/wp-content\/uploads\/2024\/01\/newwww-1024x768.jpg 1024w, http:\/\/pkas.cz\/wp-content\/uploads\/2024\/01\/newwww-768x576.jpg 768w, http:\/\/pkas.cz\/wp-content\/uploads\/2024\/01\/newwww-1536x1152.jpg 1536w, http:\/\/pkas.cz\/wp-content\/uploads\/2024\/01\/newwww-2048x1536.jpg 2048w\" sizes=\"(max-width: 300px) 100vw, 300px\" \/><\/p>\n","protected":false},"excerpt":{"rendered":"<p>V \u00fater\u00fd 16. 1. 2024 prob\u011bhl v Ostrav\u011b St\u0159edo\u0161kolsk\u00fd atletick\u00fd poh\u00e1r sportovn\u00edch gymn\u00e1zi\u00ed, na kter\u00e9m nechyb\u011blo ani plze\u0148sk\u00e9. D\u00edky osobn\u00edm rekord\u016fm, skv\u011bl\u00fdm um\u00edst\u011bn\u00edm v jednotliv\u00fdch&hellip;<\/p>\n","protected":false},"author":4,"featured_media":4181,"comment_status":"closed","ping_status":"closed","sticky":false,"template":"","format":"standard","meta":{"footnotes":""},"categories":[1],"tags":[],"jetpack_sharing_enabled":true,"jetpack_featured_media_url":"http:\/\/pkas.cz\/wp-content\/uploads\/2024\/01\/9ad8e9c6-d359-44da-b1ce-b00e7054f2e0.jpg","_links":{"self":[{"href":"http:\/\/pkas.cz\/index.php?rest_route=\/wp\/v2\/posts\/4187"}],"collection":[{"href":"http:\/\/pkas.cz\/index.php?rest_route=\/wp\/v2\/posts"}],"about":[{"href":"http:\/\/pkas.cz\/index.php?rest_route=\/wp\/v2\/types\/post"}],"author":[{"embeddable":true,"href":"http:\/\/pkas.cz\/index.php?rest_route=\/wp\/v2\/users\/4"}],"replies":[{"embeddable":true,"href":"http:\/\/pkas.cz\/index.php?rest_route=%2Fwp%2Fv2%2Fcomments&post=4187"}],"version-history":[{"count":2,"href":"http:\/\/pkas.cz\/index.php?rest_route=\/wp\/v2\/posts\/4187\/revisions"}],"predecessor-version":[{"id":4224,"href":"http:\/\/pkas.cz\/index.php?rest_route=\/wp\/v2\/posts\/4187\/revisions\/4224"}],"wp:featuredmedia":[{"embeddable":true,"href":"http:\/\/pkas.cz\/index.php?rest_route=\/wp\/v2\/media\/4181"}],"wp:attachment":[{"href":"http:\/\/pkas.cz\/index.php?rest_route=%2Fwp%2Fv2%2Fmedia&parent=4187"}],"wp:term":[{"taxonomy":"category","embeddable":true,"href":"http:\/\/pkas.cz\/index.php?rest_route=%2Fwp%2Fv2%2Fcategories&post=4187"},{"taxonomy":"post_tag","embeddable":true,"href":"http:\/\/pkas.cz\/index.php?rest_route=%2Fwp%2Fv2%2Ftags&post=4187"}],"curies":[{"name":"wp","href":"https:\/\/api.w.org\/{rel}","templated":true}]}}