{"id":4162,"date":"2024-01-17T14:00:19","date_gmt":"2024-01-17T13:00:19","guid":{"rendered":"http:\/\/pkas.cz\/?p=4162"},"modified":"2024-01-30T20:57:47","modified_gmt":"2024-01-30T19:57:47","slug":"vysledky-bezeckeho-poharu-mladeze-plzenskeho-kraje-2023","status":"publish","type":"post","link":"http:\/\/pkas.cz\/?p=4162","title":{"rendered":"V\u00fdsledky B\u011b\u017eeck\u00e9ho poh\u00e1ru ml\u00e1de\u017ee Plze\u0148sk\u00e9ho kraje 2023"},"content":{"rendered":"<p><img loading=\"lazy\" decoding=\"async\" class=\"size-medium wp-image-4169 aligncenter\" src=\"http:\/\/pkas.cz\/wp-content\/uploads\/2024\/01\/bp-vsichni-300x200.jpg\" alt=\"\" width=\"300\" height=\"200\" srcset=\"http:\/\/pkas.cz\/wp-content\/uploads\/2024\/01\/bp-vsichni-300x200.jpg 300w, http:\/\/pkas.cz\/wp-content\/uploads\/2024\/01\/bp-vsichni-1024x682.jpg 1024w, http:\/\/pkas.cz\/wp-content\/uploads\/2024\/01\/bp-vsichni-768x512.jpg 768w, http:\/\/pkas.cz\/wp-content\/uploads\/2024\/01\/bp-vsichni.jpg 1304w\" sizes=\"(max-width: 300px) 100vw, 300px\" \/><\/p>\n<p>V p\u00e1tek 12. 1. 2024 prob\u011bhlo slavnostn\u00ed vyhl\u00e1\u0161en\u00ed tak\u00e9 B\u011b\u017eeck\u00e9ho poh\u00e1ru ml\u00e1de\u017ee Plze\u0148sk\u00e9ho kraje 2023. Na n\u011bm byli ocen\u011bni v\u017edy prvn\u00ed t\u0159i z\u00e1vodn\u00edci z ka\u017ed\u00e9 kategorie, kte\u0159\u00ed obdr\u017eeli diplom a plaketu. Diplom byl doru\u010den tak\u00e9 z\u00e1vodn\u00edk\u016fm um\u00edst\u011bn\u00fdm v kone\u010dn\u00e9m po\u0159ad\u00ed na \u010dtvrt\u00e9m a p\u00e1t\u00e9m m\u00edst\u011b.<\/p>\n<p>Dorostenky 2006, 2007<br \/>\n1. m\u00edsto \u010cechov\u00e1 Krist\u00fdna (120 bod\u016f)<br \/>\n2. m\u00edsto Pernicov\u00e1 Lucie (70 bod\u016f)<br \/>\n3. m\u00edsto Milfortov\u00e1 Franti\u0161ka (36 bod\u016f)<img loading=\"lazy\" decoding=\"async\" class=\"size-medium wp-image-4166 alignright\" src=\"http:\/\/pkas.cz\/wp-content\/uploads\/2024\/01\/bp-dor-200x300.jpg\" alt=\"\" width=\"200\" height=\"300\" srcset=\"http:\/\/pkas.cz\/wp-content\/uploads\/2024\/01\/bp-dor-200x300.jpg 200w, http:\/\/pkas.cz\/wp-content\/uploads\/2024\/01\/bp-dor.jpg 579w\" sizes=\"(max-width: 200px) 100vw, 200px\" \/><\/p>\n<p>Dorostenci 2006, 2007<br \/>\n1. m\u00edsto Kraus Tom\u00e1\u0161 (117 bod\u016f)<br \/>\n2. m\u00edsto Flek \u0160imon (96 bod\u016f)<br \/>\n3. m\u00edsto Riegel Jan (42 bod\u016f)<\/p>\n<p>Star\u0161\u00ed \u017e\u00e1kyn\u011b 2008, 2009<br \/>\n1. m\u00edsto Luk\u00e1\u0161ov\u00e1 Denisa (65 bod\u016f)<br \/>\n2. m\u00edsto \u0160mejkalov\u00e1 Nat\u00e1lie (64 bod\u016f)<br \/>\n3. m\u00edsto Mina\u0159\u00edkov\u00e1 Karol\u00edna (59 bod\u016f)<\/p>\n<p>Star\u0161\u00ed \u017e\u00e1ci 2008, 2009<br \/>\n1. m\u00edsto Bouberle V\u00e1clav (95 bod\u016f)<br \/>\n2. m\u00edsto Ko\u017eeluh Vojt\u011bch (84 bod\u016f)<br \/>\n3. m\u00edsto Mastn\u00fd Leonard (72 bod\u016f)<\/p>\n<p>Mlad\u0161\u00ed \u017e\u00e1kyn\u011b 2010, 2011<br \/>\n1. m\u00edsto Schweinerov\u00e1 Eli\u0161ka (114 bod\u016f)<br \/>\n2. m\u00edsto Volfov\u00e1 Eli\u0161ka (108 bod\u016f)<br \/>\n3. m\u00edsto Fi\u0161\u00e1kov\u00e1 Leona (99 bod\u016f)<img loading=\"lazy\" decoding=\"async\" class=\"size-medium wp-image-4168 alignright\" src=\"http:\/\/pkas.cz\/wp-content\/uploads\/2024\/01\/bp-stzky-300x200.jpg\" alt=\"\" width=\"300\" height=\"200\" srcset=\"http:\/\/pkas.cz\/wp-content\/uploads\/2024\/01\/bp-stzky-300x200.jpg 300w, http:\/\/pkas.cz\/wp-content\/uploads\/2024\/01\/bp-stzky-1024x682.jpg 1024w, http:\/\/pkas.cz\/wp-content\/uploads\/2024\/01\/bp-stzky-768x512.jpg 768w, http:\/\/pkas.cz\/wp-content\/uploads\/2024\/01\/bp-stzky.jpg 1304w\" sizes=\"(max-width: 300px) 100vw, 300px\" \/><\/p>\n<p>Mlad\u0161\u00ed \u017e\u00e1ci 2010, 2011<br \/>\n1. m\u00edsto Soukup Adam (120 bod\u016f)<br \/>\n2. m\u00edsto Musil Vojt\u011bch (79 bod\u016f)<br \/>\n3. m\u00edsto Panzer Luk\u00e1\u0161 (68 bod\u016f)<\/p>\n<p>P\u0159\u00edpravka star\u0161\u00ed d\u00edvky 2012, 2013<br \/>\n1. m\u00edsto \u0160turmov\u00e1 Tereza (140 bod\u016f)<br \/>\n2. m\u00edsto Hellerov\u00e1 Nikol (99 bod\u016f)<br \/>\n3. m\u00edsto Cihl\u00e1\u0159ov\u00e1 Simona (75 bod\u016f)<\/p>\n<p>P\u0159\u00edpravka star\u0161\u00ed chlapci 2012, 2013<br \/>\n1. m\u00edsto Vyhnal Jaroslav (140 bod\u016f)<br \/>\n2. m\u00edsto Krabec Jan (105 bod\u016f)<br \/>\n3. m\u00edsto N\u011bme\u010dek V\u00e1clav (105 bod\u016f)<\/p>\n<p>P\u0159\u00edpravka mlad\u0161\u00ed d\u00edvky 2014, 2015<br \/>\n1. m\u00edsto Paitlov\u00e1 Jasm\u00edna (140 bod\u016f)<br \/>\n2. m\u00edsto Haj\u0161manov\u00e1 Johana (114 bod\u016f)<br \/>\n3. m\u00edsto K\u016fstov\u00e1 Ella (89 bod\u016f)<img loading=\"lazy\" decoding=\"async\" class=\"size-medium wp-image-4167 alignright\" src=\"http:\/\/pkas.cz\/wp-content\/uploads\/2024\/01\/bp-hosi-200x300.jpg\" alt=\"\" width=\"200\" height=\"300\" srcset=\"http:\/\/pkas.cz\/wp-content\/uploads\/2024\/01\/bp-hosi-200x300.jpg 200w, http:\/\/pkas.cz\/wp-content\/uploads\/2024\/01\/bp-hosi.jpg 579w\" sizes=\"(max-width: 200px) 100vw, 200px\" \/><\/p>\n<p>P\u0159\u00edpravka mlad\u0161\u00ed chlapci 2014, 2015<br \/>\n1. m\u00edsto Weber Jakub (125 bod\u016f)<br \/>\n2. m\u00edsto Cejpek Jan (88 bod\u016f)<br \/>\n3. m\u00edsto Havl\u00edk Filip (84 bod\u016f)<\/p>\n<p>Nejmlad\u0161\u00ed d\u00edvky 2016 a mlad\u0161\u00ed<br \/>\n1. m\u00edsto Kuschov\u00e1 Nikola (121 bod\u016f)<br \/>\n2. m\u00edsto Heroutov\u00e1 Veronika (107 bod\u016f)<br \/>\n3. m\u00edsto Koutn\u00e1 Beata (79 bod\u016f)<\/p>\n<p>Nejmlad\u0161\u00ed chlapci 2016 a mlad\u0161\u00ed<br \/>\n1. m\u00edsto \u0160tich Nikolas (140 bod\u016f)<br \/>\n2. m\u00edsto Bla\u017eek Filip (93 bod\u016f)<br \/>\n3. m\u00edsto Soukup Filip (74 bod\u016f)<\/p>\n<p>V po\u0159ad\u00ed odd\u00edl\u016f pak v\u00edt\u011bzstv\u00ed z lo\u0148sk\u00e9 sez\u00f3ny obh\u00e1jil klub TJ Sokol SG Plze\u0148-Pet\u0159\u00edn s 1974 body. Na druh\u00e9m m\u00edst\u011b skon\u010dil Aktiv Sport Hor\u0161ovsk\u00fd T\u00fdn (1266 b.), na t\u0159et\u00edm TJ Ban\u00edk St\u0159\u00edbro (1119 b.), na \u010dtvrt\u00e9m AK \u0160koda Plze\u0148 (1109 b.), p\u00e1t\u00ed se um\u00edstili z\u00e1vodn\u00edci M\u00edla\u0159i Doma\u017elice (573 b.), \u0161est\u00ed \u0160AK p\u0159i Z\u0160 P\u0159e\u0161tice (364 b.), sedm\u00ed AC Falcon Rokycany (358 b.), osm\u00e9 m\u00edsto obsadil odd\u00edl AC Doma\u017elice (273 b.), dev\u00e1t\u00e9 Atletika Klatovy (123 b.) a des\u00e1t\u00e9 AKR \u017delezn\u00e1 Ruda (88 b.).<\/p>\n<p><img loading=\"lazy\" decoding=\"async\" class=\"size-medium wp-image-4174 aligncenter\" src=\"http:\/\/pkas.cz\/wp-content\/uploads\/2024\/01\/bp-oddily-300x195.jpg\" alt=\"\" width=\"300\" height=\"195\" srcset=\"http:\/\/pkas.cz\/wp-content\/uploads\/2024\/01\/bp-oddily-300x195.jpg 300w, http:\/\/pkas.cz\/wp-content\/uploads\/2024\/01\/bp-oddily-1024x667.jpg 1024w, http:\/\/pkas.cz\/wp-content\/uploads\/2024\/01\/bp-oddily-768x500.jpg 768w, http:\/\/pkas.cz\/wp-content\/uploads\/2024\/01\/bp-oddily.jpg 1335w\" sizes=\"(max-width: 300px) 100vw, 300px\" \/><\/p>\n<p>Celkov\u00e9 v\u00fdsledky v\u0161ech z\u00fa\u010dastn\u011bn\u00fdch z\u00e1vodn\u00edk\u016f naleznete <a href=\"http:\/\/pkas.cz\/wp-content\/uploads\/2024\/01\/Konecne-vysledky-BP-2023.xlsx\">zde<\/a>.<br \/>\nFotografem byl pan Pavel \u0160karban, odkaz na fotografie <a href=\"https:\/\/photos.google.com\/share\/AF1QipMxMO4OkzW6yC6EE-T0QURz5xaIo7-xeuWWsv_Kl_Qb0R1JGrpkByBX7OtXy25OSw?key=NDFvMHlwQzlCQ0U2aUhoVEh3eTBWRjBIeTVlQ3dB\">zde<\/a>.<\/p>\n","protected":false},"excerpt":{"rendered":"<p>V p\u00e1tek 12. 1. 2024 prob\u011bhlo slavnostn\u00ed vyhl\u00e1\u0161en\u00ed tak\u00e9 B\u011b\u017eeck\u00e9ho poh\u00e1ru ml\u00e1de\u017ee Plze\u0148sk\u00e9ho kraje 2023. Na n\u011bm byli ocen\u011bni v\u017edy prvn\u00ed t\u0159i z\u00e1vodn\u00edci z ka\u017ed\u00e9&hellip;<\/p>\n","protected":false},"author":4,"featured_media":4165,"comment_status":"closed","ping_status":"closed","sticky":false,"template":"","format":"standard","meta":{"footnotes":""},"categories":[1],"tags":[],"jetpack_sharing_enabled":true,"jetpack_featured_media_url":"http:\/\/pkas.cz\/wp-content\/uploads\/2024\/01\/bp-celkove.jpg","_links":{"self":[{"href":"http:\/\/pkas.cz\/index.php?rest_route=\/wp\/v2\/posts\/4162"}],"collection":[{"href":"http:\/\/pkas.cz\/index.php?rest_route=\/wp\/v2\/posts"}],"about":[{"href":"http:\/\/pkas.cz\/index.php?rest_route=\/wp\/v2\/types\/post"}],"author":[{"embeddable":true,"href":"http:\/\/pkas.cz\/index.php?rest_route=\/wp\/v2\/users\/4"}],"replies":[{"embeddable":true,"href":"http:\/\/pkas.cz\/index.php?rest_route=%2Fwp%2Fv2%2Fcomments&post=4162"}],"version-history":[{"count":11,"href":"http:\/\/pkas.cz\/index.php?rest_route=\/wp\/v2\/posts\/4162\/revisions"}],"predecessor-version":[{"id":4273,"href":"http:\/\/pkas.cz\/index.php?rest_route=\/wp\/v2\/posts\/4162\/revisions\/4273"}],"wp:featuredmedia":[{"embeddable":true,"href":"http:\/\/pkas.cz\/index.php?rest_route=\/wp\/v2\/media\/4165"}],"wp:attachment":[{"href":"http:\/\/pkas.cz\/index.php?rest_route=%2Fwp%2Fv2%2Fmedia&parent=4162"}],"wp:term":[{"taxonomy":"category","embeddable":true,"href":"http:\/\/pkas.cz\/index.php?rest_route=%2Fwp%2Fv2%2Fcategories&post=4162"},{"taxonomy":"post_tag","embeddable":true,"href":"http:\/\/pkas.cz\/index.php?rest_route=%2Fwp%2Fv2%2Ftags&post=4162"}],"curies":[{"name":"wp","href":"https:\/\/api.w.org\/{rel}","templated":true}]}}