{"id":416,"date":"2019-09-24T19:36:13","date_gmt":"2019-09-24T17:36:13","guid":{"rendered":"http:\/\/pkas.cz\/?p=416"},"modified":"2019-09-24T19:36:16","modified_gmt":"2019-09-24T17:36:16","slug":"dalsi-barazova-klani","status":"publish","type":"post","link":"http:\/\/pkas.cz\/?p=416","title":{"rendered":"Dal\u0161\u00ed bar\u00e1\u017eov\u00e1 kl\u00e1n\u00ed"},"content":{"rendered":"\n<h1 class=\"wp-block-heading\">Dal\u0161\u00ed bar\u00e1\u017eov\u00e1 kl\u00e1n\u00ed<\/h1>\n\n\n\n<figure class=\"wp-block-image\"><img loading=\"lazy\" decoding=\"async\" width=\"1024\" height=\"683\" src=\"http:\/\/pkas.cz\/wp-content\/uploads\/2019\/09\/fotobaraz19-1024x683.jpg\" alt=\"\" class=\"wp-image-417\" srcset=\"http:\/\/pkas.cz\/wp-content\/uploads\/2019\/09\/fotobaraz19-1024x683.jpg 1024w, http:\/\/pkas.cz\/wp-content\/uploads\/2019\/09\/fotobaraz19-300x200.jpg 300w, http:\/\/pkas.cz\/wp-content\/uploads\/2019\/09\/fotobaraz19-768x512.jpg 768w, http:\/\/pkas.cz\/wp-content\/uploads\/2019\/09\/fotobaraz19-391x260.jpg 391w\" sizes=\"(max-width: 1024px) 100vw, 1024px\" \/><figcaption>Dru\u017estvo AC Doma\u017elice<\/figcaption><\/figure>\n\n\n\n<figure class=\"wp-block-image\"><img loading=\"lazy\" decoding=\"async\" width=\"960\" height=\"719\" src=\"http:\/\/pkas.cz\/wp-content\/uploads\/2019\/09\/petrindruzstvo2019.jpg\" alt=\"\" class=\"wp-image-418\" srcset=\"http:\/\/pkas.cz\/wp-content\/uploads\/2019\/09\/petrindruzstvo2019.jpg 960w, http:\/\/pkas.cz\/wp-content\/uploads\/2019\/09\/petrindruzstvo2019-300x225.jpg 300w, http:\/\/pkas.cz\/wp-content\/uploads\/2019\/09\/petrindruzstvo2019-768x575.jpg 768w\" sizes=\"(max-width: 960px) 100vw, 960px\" \/><figcaption>Dru\u017estvo TJ Sokol Plze\u0148-Pet\u0159\u00edn<\/figcaption><\/figure>\n\n\n\n<p><em>foto zdroj AC Doma\u017elice<br>foto zdroj Luk\u00e1\u0161 Sokol<\/em><\/p>\n\n\n\n<p>8. z\u00e1\u0159\u00ed se uskute\u010dnili i dal\u0161\u00ed bar\u00e1\u017eov\u00e1 kl\u00e1n\u00ed a to o Extraligu v Praze a o I. ligu v Jablonci nad Nisou.<br>Mu\u017ei AC Doma\u017elice se v bar\u00e1\u017ei o Extraligu objevili pot\u0159et\u00ed za sebou. Zisk 110 bod\u016f znamenal nejlep\u0161\u00ed sou\u010det za toto obdob\u00ed, ale bodov\u011b to v leto\u0161n\u00edm roce sta\u010dilo na 6. m\u00edsto a tedy celkov\u011b v \u010cR &#8211; 12. m\u00edsto.<br>Starost se sestupem m\u011bly d\u00edvky z Pet\u0159\u00edna. Ve vyrovan\u00e9m sout\u011b\u017ei rozhodovali pouh\u00e9 bod\u00edky mezi prvn\u00edm a p\u00e1t\u00fdm m\u00edstem. D\u011bv\u010data obsadila nakonec \u010dtvrt\u00e9 m\u00edsto a jeho p\u016fsoben\u00ed v I. lize rozhodne dal\u0161\u00ed uspo\u0159\u00e1d\u00e1n\u00ed Extraligy a I. ligy. V\u00edce budeme v\u011bd\u011bt za n\u011bkolik dn\u00ed mo\u017en\u00e1 t\u00fddn\u016f.<br>V\u00ddSLEDKY bar\u00e1\u017ee o Extraligu\u00a0<a href=\"https:\/\/online.atletika.cz\/vysledky\/36438\">ZDE<\/a><br>V\u00ddSLEDKY bar\u00e1\u017ee o I. ligu\u00a0<a href=\"https:\/\/online.atletika.cz\/vysledky\/36439\">ZDE<\/a><\/p>\n","protected":false},"excerpt":{"rendered":"<p>Dal\u0161\u00ed bar\u00e1\u017eov\u00e1 kl\u00e1n\u00ed foto zdroj AC Doma\u017elicefoto zdroj Luk\u00e1\u0161 Sokol 8. z\u00e1\u0159\u00ed se uskute\u010dnili i dal\u0161\u00ed bar\u00e1\u017eov\u00e1 kl\u00e1n\u00ed a to o Extraligu v Praze a&hellip;<\/p>\n","protected":false},"author":1,"featured_media":417,"comment_status":"open","ping_status":"open","sticky":false,"template":"","format":"standard","meta":{"footnotes":""},"categories":[1],"tags":[],"jetpack_sharing_enabled":true,"jetpack_featured_media_url":"http:\/\/pkas.cz\/wp-content\/uploads\/2019\/09\/fotobaraz19.jpg","_links":{"self":[{"href":"http:\/\/pkas.cz\/index.php?rest_route=\/wp\/v2\/posts\/416"}],"collection":[{"href":"http:\/\/pkas.cz\/index.php?rest_route=\/wp\/v2\/posts"}],"about":[{"href":"http:\/\/pkas.cz\/index.php?rest_route=\/wp\/v2\/types\/post"}],"author":[{"embeddable":true,"href":"http:\/\/pkas.cz\/index.php?rest_route=\/wp\/v2\/users\/1"}],"replies":[{"embeddable":true,"href":"http:\/\/pkas.cz\/index.php?rest_route=%2Fwp%2Fv2%2Fcomments&post=416"}],"version-history":[{"count":1,"href":"http:\/\/pkas.cz\/index.php?rest_route=\/wp\/v2\/posts\/416\/revisions"}],"predecessor-version":[{"id":419,"href":"http:\/\/pkas.cz\/index.php?rest_route=\/wp\/v2\/posts\/416\/revisions\/419"}],"wp:featuredmedia":[{"embeddable":true,"href":"http:\/\/pkas.cz\/index.php?rest_route=\/wp\/v2\/media\/417"}],"wp:attachment":[{"href":"http:\/\/pkas.cz\/index.php?rest_route=%2Fwp%2Fv2%2Fmedia&parent=416"}],"wp:term":[{"taxonomy":"category","embeddable":true,"href":"http:\/\/pkas.cz\/index.php?rest_route=%2Fwp%2Fv2%2Fcategories&post=416"},{"taxonomy":"post_tag","embeddable":true,"href":"http:\/\/pkas.cz\/index.php?rest_route=%2Fwp%2Fv2%2Ftags&post=416"}],"curies":[{"name":"wp","href":"https:\/\/api.w.org\/{rel}","templated":true}]}}