{"id":4156,"date":"2024-01-17T11:05:10","date_gmt":"2024-01-17T10:05:10","guid":{"rendered":"http:\/\/pkas.cz\/?p=4156"},"modified":"2024-01-28T11:52:10","modified_gmt":"2024-01-28T10:52:10","slug":"jan-stefela-prekonal-vysoky-karierni-milnik","status":"publish","type":"post","link":"http:\/\/pkas.cz\/?p=4156","title":{"rendered":"Jan \u0160tefela p\u0159ekonal vysok\u00fd kari\u00e9rn\u00ed miln\u00edk"},"content":{"rendered":"<p>P\u0159i v\u010derej\u0161\u00edch ve\u0159ejn\u00fdch z\u00e1vodech v pra\u017esk\u00e9 hale Stromovce dok\u00e1zal v\u00fd\u0161ka\u0159 Jan \u0160tefela z AK \u0160KODA Plze\u0148 hned dvakr\u00e1t vylep\u0161it sv\u016fj osobn\u00ed rekord. Nejprve \u00fasp\u011b\u0161n\u011b zdolal la\u0165ku ve v\u00fd\u0161ce 226 cm a pot\u00e9 p\u0159ekonal v\u00fd\u0161ku 230 cm. Na samotn\u00fd \u00favod sez\u00f3ny tak posunul vlastn\u00ed krajsk\u00fd rekord, za\u0159adil se na p\u00e1t\u00e9 m\u00edsto \u010desk\u00fdch historick\u00fdch tabulek a jako sv\u011btov\u011b prvn\u00ed z\u00e1vodn\u00edk dok\u00e1zal v nov\u00e9 sez\u00f3n\u011b zapsat v\u00fdkon 230 cm. Touto hodnotou by se jasn\u011b kvalifikoval na mistrovstv\u00ed Evropy v \u0158\u00edm\u011b, tento ve\u0159ejn\u00fd z\u00e1vod ale bohu\u017eel nebyl zaps\u00e1n do mezin\u00e1rodn\u00edho kalend\u00e1\u0159e. Mistr Evropy do 23 let z roku 2021 se tak\u00e9 pokou\u0161el o spln\u011bn\u00ed ostr\u00e9ho limitu na olympijsk\u00e9 hry do Pa\u0159\u00ed\u017ee, kter\u00fd m\u00e1 hodnotu 233 cm, ale i p\u0159es dva velice nad\u011bjn\u00e9 pokusy la\u0165ka spadla. Lep\u0161\u00ed za\u010d\u00e1tek sez\u00f3ny si ale Jan \u0160tefela nemohl p\u0159\u00e1t.<\/p>\n<p>Zaj\u00edmavost\u00ed tak\u00e9 je, \u017ee posledn\u00edm tuzemsk\u00fdm z\u00e1vodn\u00edkem, kter\u00fd p\u0159ekonal la\u0165ku 230 cm ve skoku vysok\u00e9m, byl Honz\u016fv tren\u00e9r a \u010desk\u00fd rekordman Jaroslav B\u00e1ba, a to p\u0159ed dev\u00edti lety.<\/p>\n<p><img loading=\"lazy\" decoding=\"async\" class=\"size-medium wp-image-4159 aligncenter\" src=\"http:\/\/pkas.cz\/wp-content\/uploads\/2024\/01\/stefela-300x200.jpg\" alt=\"\" width=\"300\" height=\"200\" srcset=\"http:\/\/pkas.cz\/wp-content\/uploads\/2024\/01\/stefela-300x200.jpg 300w, http:\/\/pkas.cz\/wp-content\/uploads\/2024\/01\/stefela-1024x683.jpg 1024w, http:\/\/pkas.cz\/wp-content\/uploads\/2024\/01\/stefela-768x512.jpg 768w, http:\/\/pkas.cz\/wp-content\/uploads\/2024\/01\/stefela-1536x1024.jpg 1536w, http:\/\/pkas.cz\/wp-content\/uploads\/2024\/01\/stefela.jpg 2048w\" sizes=\"(max-width: 300px) 100vw, 300px\" \/><\/p>\n","protected":false},"excerpt":{"rendered":"<p>P\u0159i v\u010derej\u0161\u00edch ve\u0159ejn\u00fdch z\u00e1vodech v pra\u017esk\u00e9 hale Stromovce dok\u00e1zal v\u00fd\u0161ka\u0159 Jan \u0160tefela z AK \u0160KODA Plze\u0148 hned dvakr\u00e1t vylep\u0161it sv\u016fj osobn\u00ed rekord. Nejprve \u00fasp\u011b\u0161n\u011b zdolal&hellip;<\/p>\n","protected":false},"author":4,"featured_media":4155,"comment_status":"closed","ping_status":"closed","sticky":false,"template":"","format":"standard","meta":{"footnotes":""},"categories":[1],"tags":[],"jetpack_sharing_enabled":true,"jetpack_featured_media_url":"http:\/\/pkas.cz\/wp-content\/uploads\/2024\/01\/stefela-230.jpg","_links":{"self":[{"href":"http:\/\/pkas.cz\/index.php?rest_route=\/wp\/v2\/posts\/4156"}],"collection":[{"href":"http:\/\/pkas.cz\/index.php?rest_route=\/wp\/v2\/posts"}],"about":[{"href":"http:\/\/pkas.cz\/index.php?rest_route=\/wp\/v2\/types\/post"}],"author":[{"embeddable":true,"href":"http:\/\/pkas.cz\/index.php?rest_route=\/wp\/v2\/users\/4"}],"replies":[{"embeddable":true,"href":"http:\/\/pkas.cz\/index.php?rest_route=%2Fwp%2Fv2%2Fcomments&post=4156"}],"version-history":[{"count":4,"href":"http:\/\/pkas.cz\/index.php?rest_route=\/wp\/v2\/posts\/4156\/revisions"}],"predecessor-version":[{"id":4226,"href":"http:\/\/pkas.cz\/index.php?rest_route=\/wp\/v2\/posts\/4156\/revisions\/4226"}],"wp:featuredmedia":[{"embeddable":true,"href":"http:\/\/pkas.cz\/index.php?rest_route=\/wp\/v2\/media\/4155"}],"wp:attachment":[{"href":"http:\/\/pkas.cz\/index.php?rest_route=%2Fwp%2Fv2%2Fmedia&parent=4156"}],"wp:term":[{"taxonomy":"category","embeddable":true,"href":"http:\/\/pkas.cz\/index.php?rest_route=%2Fwp%2Fv2%2Fcategories&post=4156"},{"taxonomy":"post_tag","embeddable":true,"href":"http:\/\/pkas.cz\/index.php?rest_route=%2Fwp%2Fv2%2Ftags&post=4156"}],"curies":[{"name":"wp","href":"https:\/\/api.w.org\/{rel}","templated":true}]}}