{"id":410,"date":"2019-09-24T19:28:39","date_gmt":"2019-09-24T17:28:39","guid":{"rendered":"http:\/\/pkas.cz\/?p=410"},"modified":"2019-09-24T19:28:43","modified_gmt":"2019-09-24T17:28:43","slug":"vrcholi-krajske-souteze-druzstev-zactva","status":"publish","type":"post","link":"http:\/\/pkas.cz\/?p=410","title":{"rendered":"Vrchol\u00ed krajsk\u00e9 sout\u011b\u017ee dru\u017estev \u017eactva"},"content":{"rendered":"\n<h1 class=\"wp-block-heading\">Vrchol\u00ed krajsk\u00e9 sout\u011b\u017ee dru\u017estev \u017eactva<\/h1>\n\n\n\n<p>V sobotu 7.9. vyvrcholilo t\u0159et\u00edm kolem ve St\u0159\u00edb\u0159e soupe\u0159en\u00ed dru\u017estev star\u0161\u00edch \u017e\u00e1k\u016f. Premi\u00e9rov\u011b se rozd\u00e1valy i medaile a dva nejlep\u0161\u00ed t\u00fdmy si vybojovaly \u00fa\u010dast na Mistrovst\u00ed \u010cech, kter\u00e9 budou hostit Karlovy Vary.<br>V obou sout\u011b\u017e\u00edch kralovala dru\u017estva z plze\u0148sk\u00e9 \u0160kody Plze\u0148. Do Karlov\u00fdch Var\u016f je je\u0161t\u011b doprovod\u00ed t\u00fdm chlapc\u016f ze St\u0159\u00edbra a d\u00edvek z plze\u0148sk\u00e9ho Pet\u0159\u00edna.<br>V\u00ddSLEDKY\u00a0<a href=\"https:\/\/online.atletika.cz\/vysledky\/39591\">ZDE<\/a><br>ZPRAVODAJ \u0158P\u00a0<a href=\"http:\/\/www.pkas.cz\/soubor\/3koloomdst2019.doc\">ZDE<\/a><\/p>\n\n\n\n<p>V t\u00fddnu prob\u011bhlo tak\u00e9 z\u00e1v\u011bre\u010dn\u00e9 kolo sout\u011b\u017e\u00ed dru\u017estev mlad\u0161\u00edho \u017eactva.<br>V\u00ddSLEDKY SKUPINY A&nbsp;<a href=\"https:\/\/online.atletika.cz\/vysledky\/39934\">ZDE<\/a><br>ZPRAVODAJ \u0154P&nbsp;<a href=\"http:\/\/www.pkas.cz\/soubor\/omdmlzciA42019.doc\">ZDE<\/a><br>V\u00ddSLEDKY SKUPINY B&nbsp;<a href=\"http:\/\/www.pkas.cz\/online.atletika.cz\/vysledky\/39935\">ZDE<\/a><br>ZPRAVODAJ \u0154P&nbsp;<a href=\"http:\/\/www.pkas.cz\/soubor\/4omdbmlzci2019.doc\">ZDE<\/a><br>Fin\u00e1le OMD mlad\u0161\u00edho \u017eactva se uskute\u010dn\u00ed v Plzni na Skvr\u0148anech 15.9. 2019.\n\n<\/p>\n","protected":false},"excerpt":{"rendered":"<p>Vrchol\u00ed krajsk\u00e9 sout\u011b\u017ee dru\u017estev \u017eactva V sobotu 7.9. vyvrcholilo t\u0159et\u00edm kolem ve St\u0159\u00edb\u0159e soupe\u0159en\u00ed dru\u017estev star\u0161\u00edch \u017e\u00e1k\u016f. Premi\u00e9rov\u011b se rozd\u00e1valy i medaile a dva nejlep\u0161\u00ed&hellip;<\/p>\n","protected":false},"author":1,"featured_media":0,"comment_status":"open","ping_status":"open","sticky":false,"template":"","format":"standard","meta":{"footnotes":""},"categories":[1],"tags":[],"jetpack_sharing_enabled":true,"jetpack_featured_media_url":"","_links":{"self":[{"href":"http:\/\/pkas.cz\/index.php?rest_route=\/wp\/v2\/posts\/410"}],"collection":[{"href":"http:\/\/pkas.cz\/index.php?rest_route=\/wp\/v2\/posts"}],"about":[{"href":"http:\/\/pkas.cz\/index.php?rest_route=\/wp\/v2\/types\/post"}],"author":[{"embeddable":true,"href":"http:\/\/pkas.cz\/index.php?rest_route=\/wp\/v2\/users\/1"}],"replies":[{"embeddable":true,"href":"http:\/\/pkas.cz\/index.php?rest_route=%2Fwp%2Fv2%2Fcomments&post=410"}],"version-history":[{"count":1,"href":"http:\/\/pkas.cz\/index.php?rest_route=\/wp\/v2\/posts\/410\/revisions"}],"predecessor-version":[{"id":411,"href":"http:\/\/pkas.cz\/index.php?rest_route=\/wp\/v2\/posts\/410\/revisions\/411"}],"wp:attachment":[{"href":"http:\/\/pkas.cz\/index.php?rest_route=%2Fwp%2Fv2%2Fmedia&parent=410"}],"wp:term":[{"taxonomy":"category","embeddable":true,"href":"http:\/\/pkas.cz\/index.php?rest_route=%2Fwp%2Fv2%2Fcategories&post=410"},{"taxonomy":"post_tag","embeddable":true,"href":"http:\/\/pkas.cz\/index.php?rest_route=%2Fwp%2Fv2%2Ftags&post=410"}],"curies":[{"name":"wp","href":"https:\/\/api.w.org\/{rel}","templated":true}]}}