{"id":4074,"date":"2023-12-11T07:48:26","date_gmt":"2023-12-11T06:48:26","guid":{"rendered":"http:\/\/pkas.cz\/?p=4074"},"modified":"2023-12-11T07:52:48","modified_gmt":"2023-12-11T06:52:48","slug":"tereza-hrochova-22-na-mistrovstvi-evropy-v-krosu","status":"publish","type":"post","link":"http:\/\/pkas.cz\/?p=4074","title":{"rendered":"Tereza Hrochov\u00e1 22. na Mistrovstv\u00ed Evropy v krosu"},"content":{"rendered":"<h1>Tereza Hrochov\u00e1 22. na Mistrovstv\u00ed Evropy v krosu<\/h1>\n<p><img loading=\"lazy\" decoding=\"async\" class=\"alignnone size-medium wp-image-4076\" src=\"http:\/\/pkas.cz\/wp-content\/uploads\/2023\/12\/hrochovabrusel2023-300x200.jpg\" alt=\"\" width=\"300\" height=\"200\" srcset=\"http:\/\/pkas.cz\/wp-content\/uploads\/2023\/12\/hrochovabrusel2023-300x200.jpg 300w, http:\/\/pkas.cz\/wp-content\/uploads\/2023\/12\/hrochovabrusel2023-1024x683.jpg 1024w, http:\/\/pkas.cz\/wp-content\/uploads\/2023\/12\/hrochovabrusel2023-768x512.jpg 768w, http:\/\/pkas.cz\/wp-content\/uploads\/2023\/12\/hrochovabrusel2023.jpg 1440w\" sizes=\"(max-width: 300px) 100vw, 300px\" \/><\/p>\n<p>fotozdroj Facebook \u010cAS<\/p>\n<p>10.12. se uskute\u010dnilo v belgick\u00e9m Bruselu ME v p\u0159espoln\u00edm b\u011bhu. V jeho\u017e \u017eensk\u00e9m z\u00e1vod\u011b mezi 59 \u00fa\u010dastnicemi se objevila i \u015akodova\u010dka <strong>Tereza Hrochov\u00e1<\/strong>.\u00a0 Kone\u010dn\u00e9 22. m\u00edsto je jej\u00ed nejlep\u0161\u00ed um\u00edst\u011bn\u00ed mezi\u00a0 krosovou evropskou elitou.<\/p>\n<p>Ve \u0161tafet\u011b na 4x 1500m se objevil je\u0161t\u011b odchovanec z\u00e1pado\u010desk\u00e9 atletiky Jakub David\u00edk, kter\u00fd vylep\u0161il na z\u00e1v\u011br \u0161tafety um\u00edst\u011bn\u00ed o dv\u011b p\u0159\u00ed\u010dky a dob\u011bhl na dev\u00e1t\u00e9 pozici.<\/p>\n<p><a href=\"https:\/\/live.european-athletics.com\/lrs\/home\">V\u00ddSLEDKY<\/a><\/p>\n","protected":false},"excerpt":{"rendered":"<p>Tereza Hrochov\u00e1 22. na Mistrovstv\u00ed Evropy v krosu fotozdroj Facebook \u010cAS 10.12. se uskute\u010dnilo v belgick\u00e9m Bruselu ME v p\u0159espoln\u00edm b\u011bhu. V jeho\u017e \u017eensk\u00e9m z\u00e1vod\u011b&hellip;<\/p>\n","protected":false},"author":2,"featured_media":4076,"comment_status":"closed","ping_status":"closed","sticky":false,"template":"","format":"standard","meta":{"footnotes":""},"categories":[1],"tags":[],"jetpack_sharing_enabled":true,"jetpack_featured_media_url":"http:\/\/pkas.cz\/wp-content\/uploads\/2023\/12\/hrochovabrusel2023.jpg","_links":{"self":[{"href":"http:\/\/pkas.cz\/index.php?rest_route=\/wp\/v2\/posts\/4074"}],"collection":[{"href":"http:\/\/pkas.cz\/index.php?rest_route=\/wp\/v2\/posts"}],"about":[{"href":"http:\/\/pkas.cz\/index.php?rest_route=\/wp\/v2\/types\/post"}],"author":[{"embeddable":true,"href":"http:\/\/pkas.cz\/index.php?rest_route=\/wp\/v2\/users\/2"}],"replies":[{"embeddable":true,"href":"http:\/\/pkas.cz\/index.php?rest_route=%2Fwp%2Fv2%2Fcomments&post=4074"}],"version-history":[{"count":3,"href":"http:\/\/pkas.cz\/index.php?rest_route=\/wp\/v2\/posts\/4074\/revisions"}],"predecessor-version":[{"id":4078,"href":"http:\/\/pkas.cz\/index.php?rest_route=\/wp\/v2\/posts\/4074\/revisions\/4078"}],"wp:featuredmedia":[{"embeddable":true,"href":"http:\/\/pkas.cz\/index.php?rest_route=\/wp\/v2\/media\/4076"}],"wp:attachment":[{"href":"http:\/\/pkas.cz\/index.php?rest_route=%2Fwp%2Fv2%2Fmedia&parent=4074"}],"wp:term":[{"taxonomy":"category","embeddable":true,"href":"http:\/\/pkas.cz\/index.php?rest_route=%2Fwp%2Fv2%2Fcategories&post=4074"},{"taxonomy":"post_tag","embeddable":true,"href":"http:\/\/pkas.cz\/index.php?rest_route=%2Fwp%2Fv2%2Ftags&post=4074"}],"curies":[{"name":"wp","href":"https:\/\/api.w.org\/{rel}","templated":true}]}}