{"id":4053,"date":"2023-11-27T07:10:29","date_gmt":"2023-11-27T06:10:29","guid":{"rendered":"http:\/\/pkas.cz\/?p=4053"},"modified":"2023-11-27T07:32:27","modified_gmt":"2023-11-27T06:32:27","slug":"finale-bezeckeho-poharu-krajsky-vyberu-2-medaile-pro-plzensky-kraj","status":"publish","type":"post","link":"http:\/\/pkas.cz\/?p=4053","title":{"rendered":"Fin\u00e1le B\u011b\u017eeck\u00e9ho poh\u00e1ru krajsk\u00fd v\u00fdb\u011br\u016f &#8211; 2 medaile pro Plze\u0148sk\u00fd kraj"},"content":{"rendered":"<h1>Fin\u00e1le B\u011b\u017eeck\u00e9ho poh\u00e1ru krajsk\u00fd v\u00fdb\u011br\u016f &#8211; 2 medaile pro Plze\u0148sk\u00fd kraj<\/h1>\n<p><img loading=\"lazy\" decoding=\"async\" class=\"alignnone wp-image-4061\" src=\"http:\/\/pkas.cz\/wp-content\/uploads\/2023\/11\/DOROSTmcrKROS2023-135x300.jpg\" alt=\"\" width=\"247\" height=\"549\" srcset=\"http:\/\/pkas.cz\/wp-content\/uploads\/2023\/11\/DOROSTmcrKROS2023-135x300.jpg 135w, http:\/\/pkas.cz\/wp-content\/uploads\/2023\/11\/DOROSTmcrKROS2023-460x1024.jpg 460w, http:\/\/pkas.cz\/wp-content\/uploads\/2023\/11\/DOROSTmcrKROS2023.jpg 718w\" sizes=\"(max-width: 247px) 100vw, 247px\" \/> <img loading=\"lazy\" decoding=\"async\" class=\"alignnone wp-image-4062\" src=\"http:\/\/pkas.cz\/wp-content\/uploads\/2023\/11\/MLADSIZACIMCRKROS2023-169x300.jpg\" alt=\"\" width=\"308\" height=\"547\" srcset=\"http:\/\/pkas.cz\/wp-content\/uploads\/2023\/11\/MLADSIZACIMCRKROS2023-169x300.jpg 169w, http:\/\/pkas.cz\/wp-content\/uploads\/2023\/11\/MLADSIZACIMCRKROS2023-578x1024.jpg 578w, http:\/\/pkas.cz\/wp-content\/uploads\/2023\/11\/MLADSIZACIMCRKROS2023-768x1362.jpg 768w, http:\/\/pkas.cz\/wp-content\/uploads\/2023\/11\/MLADSIZACIMCRKROS2023-866x1536.jpg 866w, http:\/\/pkas.cz\/wp-content\/uploads\/2023\/11\/MLADSIZACIMCRKROS2023.jpg 1128w\" sizes=\"(max-width: 308px) 100vw, 308px\" \/><\/p>\n<p>Fotozdroj Miroslav Neuvirt<\/p>\n<p>Dv\u011b medaile si odv\u00e1\u017eej\u00ed z d\u011bji\u0161t\u011b M\u010cR v krosu v D\u0159\u00edte\u010di na Pardubicku na\u0161e krajsk\u00e9 v\u00fdpravy ml\u00e1de\u017ee.<\/p>\n<p>Mlad\u0161\u00ed \u017e\u00e1ci dali letos dohromady velice vyrovnan\u00fd t\u00fdm, kter\u00fd dr\u017eel krok s nejlep\u0161\u00edmi- \u010ctve\u0159ice <strong>Adam Soukup, Eli\u0161ka Volfov\u00e1, Eli\u0161ka Schweinerov\u00e1 a Adam Ko\u0161\u00e1tko <\/strong>se cel\u00fd z\u00e1vod pohybovala mezi prvn\u00edmi t\u0159emi reprezentacemi a nakonec z toho bylo skv\u011bl\u00e9 druh\u00e9 m\u00edsto.<\/p>\n<p>Hodn\u011b prom\u011bnliv\u00fd z\u00e1vod za\u017eila dorosteneck\u00e1 kategorie, kdy jsme dob\u0159e za\u010dali, potom m\u00edrn\u011b padali po\u0159ad\u00edm, a nakonec k p\u0159ekvapen\u00ed i samotn\u00e9ho fini\u0161mena, kter\u00fd si myslel po dob\u011bhu, \u017ee to nezvl\u00e1dl, jsme brali t\u0159et\u00ed m\u00edsto. Dorost b\u011b\u017eel ve slo\u017een\u00ed <strong>Jan Riegel, Nikola Koppov\u00e1, Andrea Bielikov\u00e1 a Jan \u0160karban<\/strong>.<\/p>\n<p>Pro v\u00fdb\u011br star\u0161\u00edho \u017eactva nakonec zbylo 12. m\u00edsto, i kdy\u017e z\u00e1vod byl dob\u0159e rozb\u011bhl\u00fd a je\u0161t\u011b v polovin\u011b druh\u00e9 okruhu jsme dr\u017eeli top v\u00fdsledek. \u0160tafeta b\u011b\u017eela ve slo\u017een\u00ed <strong>V\u00e1clav Bouberle, V\u011bra Hup\u00e1kov\u00e1, Simona \u0160m\u00eddov\u00e1 a Ond\u0159ej \u0160piroch.\u00a0<\/strong><\/p>\n<p><a href=\"https:\/\/online.atletika.cz\/vysledky\/70321\">KOMPLETN\u00cd V\u00ddSLEDKY<\/a><\/p>\n","protected":false},"excerpt":{"rendered":"<p>Fin\u00e1le B\u011b\u017eeck\u00e9ho poh\u00e1ru krajsk\u00fd v\u00fdb\u011br\u016f &#8211; 2 medaile pro Plze\u0148sk\u00fd kraj Fotozdroj Miroslav Neuvirt Dv\u011b medaile si odv\u00e1\u017eej\u00ed z d\u011bji\u0161t\u011b M\u010cR v krosu v D\u0159\u00edte\u010di&hellip;<\/p>\n","protected":false},"author":2,"featured_media":4062,"comment_status":"closed","ping_status":"closed","sticky":false,"template":"","format":"standard","meta":{"footnotes":""},"categories":[1],"tags":[],"jetpack_sharing_enabled":true,"jetpack_featured_media_url":"http:\/\/pkas.cz\/wp-content\/uploads\/2023\/11\/MLADSIZACIMCRKROS2023.jpg","_links":{"self":[{"href":"http:\/\/pkas.cz\/index.php?rest_route=\/wp\/v2\/posts\/4053"}],"collection":[{"href":"http:\/\/pkas.cz\/index.php?rest_route=\/wp\/v2\/posts"}],"about":[{"href":"http:\/\/pkas.cz\/index.php?rest_route=\/wp\/v2\/types\/post"}],"author":[{"embeddable":true,"href":"http:\/\/pkas.cz\/index.php?rest_route=\/wp\/v2\/users\/2"}],"replies":[{"embeddable":true,"href":"http:\/\/pkas.cz\/index.php?rest_route=%2Fwp%2Fv2%2Fcomments&post=4053"}],"version-history":[{"count":3,"href":"http:\/\/pkas.cz\/index.php?rest_route=\/wp\/v2\/posts\/4053\/revisions"}],"predecessor-version":[{"id":4064,"href":"http:\/\/pkas.cz\/index.php?rest_route=\/wp\/v2\/posts\/4053\/revisions\/4064"}],"wp:featuredmedia":[{"embeddable":true,"href":"http:\/\/pkas.cz\/index.php?rest_route=\/wp\/v2\/media\/4062"}],"wp:attachment":[{"href":"http:\/\/pkas.cz\/index.php?rest_route=%2Fwp%2Fv2%2Fmedia&parent=4053"}],"wp:term":[{"taxonomy":"category","embeddable":true,"href":"http:\/\/pkas.cz\/index.php?rest_route=%2Fwp%2Fv2%2Fcategories&post=4053"},{"taxonomy":"post_tag","embeddable":true,"href":"http:\/\/pkas.cz\/index.php?rest_route=%2Fwp%2Fv2%2Ftags&post=4053"}],"curies":[{"name":"wp","href":"https:\/\/api.w.org\/{rel}","templated":true}]}}