{"id":405,"date":"2019-09-24T19:26:10","date_gmt":"2019-09-24T17:26:10","guid":{"rendered":"http:\/\/pkas.cz\/?p=405"},"modified":"2019-09-24T19:26:12","modified_gmt":"2019-09-24T17:26:12","slug":"domazlice-videly-hvezdne-hazeni","status":"publish","type":"post","link":"http:\/\/pkas.cz\/?p=405","title":{"rendered":"Doma\u017elice vid\u011bly Hv\u011bzdn\u00e9 h\u00e1zen\u00ed"},"content":{"rendered":"\n<h1 class=\"wp-block-heading\">Doma\u017elice vid\u011bly Hv\u011bzdn\u00e9 h\u00e1zen\u00ed<\/h1>\n\n\n\n<figure class=\"wp-block-image\"><img loading=\"lazy\" decoding=\"async\" width=\"960\" height=\"640\" src=\"http:\/\/pkas.cz\/wp-content\/uploads\/2019\/09\/stanekdomazlice2019.jpg\" alt=\"stanek-hvezdne-hazeni\" class=\"wp-image-406\" srcset=\"http:\/\/pkas.cz\/wp-content\/uploads\/2019\/09\/stanekdomazlice2019.jpg 960w, http:\/\/pkas.cz\/wp-content\/uploads\/2019\/09\/stanekdomazlice2019-300x200.jpg 300w, http:\/\/pkas.cz\/wp-content\/uploads\/2019\/09\/stanekdomazlice2019-768x512.jpg 768w, http:\/\/pkas.cz\/wp-content\/uploads\/2019\/09\/stanekdomazlice2019-391x260.jpg 391w\" sizes=\"(max-width: 960px) 100vw, 960px\" \/><figcaption>Tom\u00e1\u0161 Stan\u011bk na Hv\u011bzdn\u00e9m h\u00e1zen\u00ed<\/figcaption><\/figure>\n\n\n\n<p><em>p\u0159evzato z atletika.cz<br>foto Robert Babor, facebook M\u00edla\u0159i Doma\u017elice<\/em><\/p>\n\n\n\n<p>Na Chodsku se konal ji\u017e dvan\u00e1ct\u00fd ro\u010dn\u00edk Hv\u011bzdn\u00e9ho h\u00e1zen\u00ed a Memori\u00e1lu Jana Mazance. Zejm\u00e9na vrha\u010dsk\u00e9 discipl\u00edny m\u011bly \u0161pi\u010dkovou kvalitu. V koula\u0159sk\u00e9m kruhu nechyb\u011bl \u010desk\u00fd rekordman Tom\u00e1\u0161 Stan\u011bk a v Doma\u017elic\u00edch p\u0159edvedl par\u00e1dn\u00ed p\u0159edstaven\u00ed. Hned v \u00favodn\u00ed s\u00e9rii zaznamenal 21.24 a ve \u010dtvrt\u00e9 se pak zlep\u0161il a\u017e na 21.67, \u010d\u00edm\u017e si o 37 centimetr\u016f posunul hodnotu sv\u00e9ho sez\u00f3nn\u00edho maxima. Z\u00e1vodu jasn\u011b dominoval. Druh\u00fd Ukrajinec Igor Musiyenko na n\u011bj ztratil v\u00edce ne\u017e t\u0159i metry (18.65). T\u0159et\u00ed byl Ladislav Pr\u00e1\u0161il za 18.39. Mezi \u017eenami byla podobn\u011b suver\u00e9nn\u00ed Mark\u00e9ta \u010cervenkov\u00e1. Jej\u00ed nejdel\u0161\u00ed pokus m\u011b\u0159il 17.14.<br>O\u0161t\u011bpa\u0159sk\u00fdm kl\u00e1n\u00edm tentokr\u00e1t vl\u00e1dli zahrani\u010dn\u00ed atleti. \u017densk\u00fd z\u00e1vod opanovala v\u00fdkonem 61.79 Indka Annu Raniov\u00e1. \u0160edes\u00e1timetrovou hranici poko\u0159ila tak\u00e9 druh\u00e1 Japonka Haruka Kitaguchiov\u00e1 (60.64). Tot\u00e9\u017e se t\u011bsn\u011b nepoda\u0159ilo t\u0159et\u00ed Ma\u010farce R\u00e9ce Szil\u00e1gyiov\u00e9 (59.57). Indick\u00e9ho v\u00edt\u011bze m\u011blo i mu\u017esk\u00e9 m\u011b\u0159en\u00ed sil. Stal se j\u00edm Shivpal Singh za 76.48 p\u0159ed Loty\u0161em Patriksem Gailumsem (75.27) a Pol\u00e1kem Lukaszem Grzesczukem (74.88). Nejlep\u0161\u00edm \u010desk\u00fdm z\u00e1vodn\u00edkem byl p\u00e1t\u00fd Petr Frydrych (73.79).<br>V diska\u0159sk\u00e9m sektoru byl nejlep\u0161\u00ed Pol\u00e1k Bartolom\u011bj St\u00f3j, jen\u017e zv\u00edt\u011bzil v\u00fdkonem 63.60. Druh\u00fd byl Slovinec Kristjan \u010ceh za 61.93. Souboj \u010desk\u00fdch diska\u0159\u016f vyzn\u011bl l\u00e9pe pro t\u0159et\u00edho Marka B\u00e1rtu (60.86) p\u0159ed \u010dtvrt\u00fdm Tom\u00e1\u0161em Vo\u0148avkou (59.96). V kategorii junior\u016f zaznamenali velmi kvalitn\u00ed v\u00fdkony brat\u0159i Forejtovi. Jakub hodil 61.56 a Michal zapsal rovn\u00fdch 61 metr\u016f. Mezi \u017eenami nena\u0161la p\u0159emo\u017eitelku Eli\u0161ka Sta\u0148kov\u00e1 (57.89).<br>V sout\u011b\u017ei kladiv\u00e1\u0159ek zv\u00edt\u011bzilo ml\u00e1d\u00ed v pod\u00e1n\u00ed Kate\u0159iny Skypalov\u00e9 (62.72) p\u0159ed zku\u0161enost\u00ed v osob\u011b Lenky Vale\u0161ov\u00e9 (62.12). Mu\u017esk\u00fd z\u00e1vod pat\u0159il Miroslavu Pavl\u00ed\u010dkovi (65.96). O nejkvalitn\u011bj\u0161\u00ed po\u010din na dr\u00e1ze se postaral Jamaj\u010dan Terry Thomas, jen\u017e zv\u00edt\u011bzil v z\u00e1vod\u011b na 400 metr\u016f v \u010dase 46.42. Hned dva prim\u00e1ty si z Doma\u017elic odvezla Kolumbijka Melissa Gonzalesov\u00e1, kdy\u017e vyhr\u00e1la dvoustovku p\u0159ek\u00e1\u017eek (27.48) i hladkou t\u0159\u00edstovku (37.95). Na t\u00e9 j\u00ed zdatn\u011b sekundovala Martina Hofmanov\u00e1, kter\u00e1 se mohla radovat z nov\u00e9ho osob\u00e1ku 38.18. Dvoustovku p\u0159ek\u00e1\u017eek mu\u017e\u016f vyhr\u00e1l v \u010dase 24.01 Mat\u011bj Mach.<br>V\u00ddSLEDKY\u00a0<a href=\"https:\/\/online.atletika.cz\/vysledky\/40445\">ZDE<\/a><\/p>\n","protected":false},"excerpt":{"rendered":"<p>Doma\u017elice vid\u011bly Hv\u011bzdn\u00e9 h\u00e1zen\u00ed p\u0159evzato z atletika.czfoto Robert Babor, facebook M\u00edla\u0159i Doma\u017elice Na Chodsku se konal ji\u017e dvan\u00e1ct\u00fd ro\u010dn\u00edk Hv\u011bzdn\u00e9ho h\u00e1zen\u00ed a Memori\u00e1lu Jana Mazance.&hellip;<\/p>\n","protected":false},"author":1,"featured_media":406,"comment_status":"open","ping_status":"open","sticky":false,"template":"","format":"standard","meta":{"footnotes":""},"categories":[1],"tags":[],"jetpack_sharing_enabled":true,"jetpack_featured_media_url":"http:\/\/pkas.cz\/wp-content\/uploads\/2019\/09\/stanekdomazlice2019.jpg","_links":{"self":[{"href":"http:\/\/pkas.cz\/index.php?rest_route=\/wp\/v2\/posts\/405"}],"collection":[{"href":"http:\/\/pkas.cz\/index.php?rest_route=\/wp\/v2\/posts"}],"about":[{"href":"http:\/\/pkas.cz\/index.php?rest_route=\/wp\/v2\/types\/post"}],"author":[{"embeddable":true,"href":"http:\/\/pkas.cz\/index.php?rest_route=\/wp\/v2\/users\/1"}],"replies":[{"embeddable":true,"href":"http:\/\/pkas.cz\/index.php?rest_route=%2Fwp%2Fv2%2Fcomments&post=405"}],"version-history":[{"count":1,"href":"http:\/\/pkas.cz\/index.php?rest_route=\/wp\/v2\/posts\/405\/revisions"}],"predecessor-version":[{"id":407,"href":"http:\/\/pkas.cz\/index.php?rest_route=\/wp\/v2\/posts\/405\/revisions\/407"}],"wp:featuredmedia":[{"embeddable":true,"href":"http:\/\/pkas.cz\/index.php?rest_route=\/wp\/v2\/media\/406"}],"wp:attachment":[{"href":"http:\/\/pkas.cz\/index.php?rest_route=%2Fwp%2Fv2%2Fmedia&parent=405"}],"wp:term":[{"taxonomy":"category","embeddable":true,"href":"http:\/\/pkas.cz\/index.php?rest_route=%2Fwp%2Fv2%2Fcategories&post=405"},{"taxonomy":"post_tag","embeddable":true,"href":"http:\/\/pkas.cz\/index.php?rest_route=%2Fwp%2Fv2%2Ftags&post=405"}],"curies":[{"name":"wp","href":"https:\/\/api.w.org\/{rel}","templated":true}]}}