{"id":4043,"date":"2023-11-20T18:26:09","date_gmt":"2023-11-20T17:26:09","guid":{"rendered":"http:\/\/pkas.cz\/?p=4043"},"modified":"2023-11-20T18:26:09","modified_gmt":"2023-11-20T17:26:09","slug":"beh-17-listopadu-uzavrel-bezecky-pohar-mladeze-2023","status":"publish","type":"post","link":"http:\/\/pkas.cz\/?p=4043","title":{"rendered":"B\u011bh 17. listopadu uzav\u0159el B\u011b\u017eeck\u00fd poh\u00e1r ml\u00e1de\u017ee 2023"},"content":{"rendered":"<h1>B\u011bh 17. listopadu uzav\u0159el B\u011b\u017eeck\u00fd poh\u00e1r ml\u00e1de\u017ee 2023<\/h1>\n<p><img loading=\"lazy\" decoding=\"async\" class=\"alignnone size-medium wp-image-4044\" src=\"http:\/\/pkas.cz\/wp-content\/uploads\/2023\/11\/foto-blovice-300x300.jpg\" alt=\"\" width=\"300\" height=\"300\" srcset=\"http:\/\/pkas.cz\/wp-content\/uploads\/2023\/11\/foto-blovice-300x300.jpg 300w, http:\/\/pkas.cz\/wp-content\/uploads\/2023\/11\/foto-blovice-1024x1024.jpg 1024w, http:\/\/pkas.cz\/wp-content\/uploads\/2023\/11\/foto-blovice-150x150.jpg 150w, http:\/\/pkas.cz\/wp-content\/uploads\/2023\/11\/foto-blovice-768x769.jpg 768w, http:\/\/pkas.cz\/wp-content\/uploads\/2023\/11\/foto-blovice.jpg 1364w\" sizes=\"(max-width: 300px) 100vw, 300px\" \/><\/p>\n<p>fotozdroj Facebook Aktiv Sport Hor\u0161ovsk\u00fd T\u00fdn<\/p>\n<p>Sv\u00e1te\u010dn\u00ed dopoledne 17. listopadu pat\u0159\u00ed v Blovic\u00edch b\u011bhu. Ji\u017e podruh\u00e9 se zde z\u00e1vodilo i v r\u00e1mci B\u011b\u017eeck\u00e9ho poh\u00e1ru ml\u00e1de\u017ee Plze\u0148sk\u00e9ho kraje. Chladn\u00e9 po\u010das\u00ed p\u0159es to na start p\u0159il\u00e1kalo skoro 170 b\u011b\u017ec\u016f v ml\u00e1de\u017enick\u00fdch kategori\u00edch.<\/p>\n<p><a href=\"http:\/\/www.pro-sport.cz:443\/sites\/PRO-SPORT.cz\/repository\/V__sledky_B__h_17.listopadu_d__ti_2023.pdf\">P\u0158IN\u00c1\u0160\u00cdME V\u00ddSLEDKY ml\u00e1de\u017ee<\/a><\/p>\n<p>a <a href=\"http:\/\/www.pro-sport.cz:443\/sites\/PRO-SPORT.cz\/repository\/V__sledky_B__h_17.listopadu_dosp__l___2023.pdf\">V\u00ddSLEDKY dosp\u011bl\u00fdch a dorostu<\/a><\/p>\n<p><a href=\"http:\/\/www.pro-sport.cz:443\/sites\/PRO-SPORT.cz\/repository\/Kone__n___po__ad___B____eck__ho_poh__ru_ml__de__e_2023.xls\">KONE\u010cN\u00c9 PO\u0158AD\u00cd RO\u010cN\u00cdKU 2023<\/a><\/p>\n<p><a href=\"https:\/\/eu.zonerama.com\/Photocross\/1317602?count=25\">FOTOGLARII Z\u00c1VODU OD PO\u0158ADATEL\u016e<\/a><\/p>\n<p>&nbsp;<\/p>\n<p>Tradi\u010dn\u00ed slavnostn\u00ed vyhl\u00e1\u0161en\u00ed se bude konat 12. ledna 2024 v Plzni. T\u0159i nejlep\u0161\u00ed z\u00e1vodn\u00edci v ka\u017ed\u00e9 discipl\u00edn\u011b budou pozv\u00e1ni a slavnostn\u011b ocen\u011bni. Pozv\u00e1nky jednotliv\u00fdch z\u00e1vodn\u00edk\u016f po\u0161le promot\u00e9r cel\u00e9ho poh\u00e1ru pan Roman Sladk\u00fd.<\/p>\n<p>&nbsp;<\/p>\n","protected":false},"excerpt":{"rendered":"<p>B\u011bh 17. listopadu uzav\u0159el B\u011b\u017eeck\u00fd poh\u00e1r ml\u00e1de\u017ee 2023 fotozdroj Facebook Aktiv Sport Hor\u0161ovsk\u00fd T\u00fdn Sv\u00e1te\u010dn\u00ed dopoledne 17. listopadu pat\u0159\u00ed v Blovic\u00edch b\u011bhu. Ji\u017e podruh\u00e9 se&hellip;<\/p>\n","protected":false},"author":2,"featured_media":4044,"comment_status":"closed","ping_status":"closed","sticky":false,"template":"","format":"standard","meta":{"footnotes":""},"categories":[1],"tags":[],"jetpack_sharing_enabled":true,"jetpack_featured_media_url":"http:\/\/pkas.cz\/wp-content\/uploads\/2023\/11\/foto-blovice.jpg","_links":{"self":[{"href":"http:\/\/pkas.cz\/index.php?rest_route=\/wp\/v2\/posts\/4043"}],"collection":[{"href":"http:\/\/pkas.cz\/index.php?rest_route=\/wp\/v2\/posts"}],"about":[{"href":"http:\/\/pkas.cz\/index.php?rest_route=\/wp\/v2\/types\/post"}],"author":[{"embeddable":true,"href":"http:\/\/pkas.cz\/index.php?rest_route=\/wp\/v2\/users\/2"}],"replies":[{"embeddable":true,"href":"http:\/\/pkas.cz\/index.php?rest_route=%2Fwp%2Fv2%2Fcomments&post=4043"}],"version-history":[{"count":1,"href":"http:\/\/pkas.cz\/index.php?rest_route=\/wp\/v2\/posts\/4043\/revisions"}],"predecessor-version":[{"id":4045,"href":"http:\/\/pkas.cz\/index.php?rest_route=\/wp\/v2\/posts\/4043\/revisions\/4045"}],"wp:featuredmedia":[{"embeddable":true,"href":"http:\/\/pkas.cz\/index.php?rest_route=\/wp\/v2\/media\/4044"}],"wp:attachment":[{"href":"http:\/\/pkas.cz\/index.php?rest_route=%2Fwp%2Fv2%2Fmedia&parent=4043"}],"wp:term":[{"taxonomy":"category","embeddable":true,"href":"http:\/\/pkas.cz\/index.php?rest_route=%2Fwp%2Fv2%2Fcategories&post=4043"},{"taxonomy":"post_tag","embeddable":true,"href":"http:\/\/pkas.cz\/index.php?rest_route=%2Fwp%2Fv2%2Ftags&post=4043"}],"curies":[{"name":"wp","href":"https:\/\/api.w.org\/{rel}","templated":true}]}}