{"id":403,"date":"2019-09-24T19:23:39","date_gmt":"2019-09-24T17:23:39","guid":{"rendered":"http:\/\/pkas.cz\/?p=403"},"modified":"2019-09-24T19:23:42","modified_gmt":"2019-09-24T17:23:42","slug":"bezecky-pohar-a-2-kolo-omd-junioru-a-dorostu","status":"publish","type":"post","link":"http:\/\/pkas.cz\/?p=403","title":{"rendered":"B\u011b\u017eeck\u00fd poh\u00e1r a 2. kolo OMD junior\u016f a dorostu"},"content":{"rendered":"\n<h1 class=\"wp-block-heading\">B\u011b\u017eeck\u00fd poh\u00e1r a 2. kolo OMD junior\u016f a dorostu<\/h1>\n\n\n\n<p>\n\nV P\u00edsku se v sobotu 31.8. uskute\u010dnilo 2. kolo OMD dorostu a junior\u016f P\u0159in\u00e1\u0161\u00edme V\u00ddSLEDKY&nbsp;<a href=\"http:\/\/www.pkas.cz\/online.atletika.cz\/vysledky\/39933\">ZDE<\/a><\/p>\n\n\n\n<p>31.8. se konal tak\u00e9 B\u011b\u017eeck\u00fd poh\u00e1r ml\u00e1de\u017ee v Plzni na Bolevci.<br>V\u00ddSLEDKY&nbsp;<a href=\"http:\/\/www.pro-sport.cz\/sites\/PRO-SPORT.cz\/\/repository\/V__sledky_B__h_Plze__sk___tepl__rensk___kolem_Boleveck__ch_rybn__k__.2019.xlsx\">ZDE<\/a><br>Pr\u016fb\u011b\u017en\u00e9 po\u0159ad\u00ed po 8. z\u00e1vodech&nbsp;<a href=\"http:\/\/www.pro-sport.cz\/sites\/PRO-SPORT.cz\/repository\/Pr__b____n___po__ad___B____eck__ho_poh__ru_ml__de__e_2019.VIII.xls\">ZDE<\/a>&nbsp;TISKOV\u00c1 ZPR\u00c1VA autor Roman Sladk\u00fd<br>V sobotu 31. 8. se v Plzni na Ostende uskute\u010dnil \u0161est\u00fd ro\u010dn\u00edk B\u011bhu Plze\u0148sk\u00e9 tepl\u00e1rensk\u00e9 kolem Boleveck\u00fdch rybn\u00edk\u016f. Leto\u0161n\u00ed ro\u010dn\u00edk byl ve znamen\u00ed vysok\u00e9ho po\u010dtu startuj\u00edc\u00edch. Na start v\u0161ech b\u011bh\u016f se postavilo celkem 405 b\u011b\u017ec\u016f v\u0161ech v\u011bkov\u00fdch kategori\u00ed. 239 d\u011bt\u00ed z\u00e1vodilo v r\u00e1mci B\u011b\u017eeck\u00e9ho poh\u00e1ru ml\u00e1de\u017ee Plze\u0148sk\u00e9ho kraje, 26 b\u011b\u017ec\u016f si vyzkou\u0161elo m\u00e9n\u011b n\u00e1ro\u010dnou tra\u0165 o d\u00e9lce 2 km, 48 b\u011b\u017eelo z\u00e1vod na 3,5 km a 92 se z\u00fa\u010dastnilo hlavn\u00edho z\u00e1vodu na 5,5 km.<br>Celkov\u00fdm v\u00edt\u011bzem b\u011bhu na 5,5 km se zcela suver\u00e9nn\u011b stal v \u010dase 18:51 min Pavel Proch\u00e1zka z AK Sokolov. Druh\u00e9 m\u00edsto z lo\u0148sk\u00e9ho roku zopakoval srbsk\u00fd b\u011b\u017eec Dimitrije Crnokrak a t\u0159et\u00ed dob\u011bhl Jan Sedl\u00e1\u010dek z TJ Su\u0161ice. Mezi \u017eenami vyhr\u00e1la v \u010dase 24:37 Alena Vintrov\u00e1 p\u0159ed \u0160t\u011bp\u00e1nkou Herradovou a Karol\u00ednou Hrubou. V\u00edt\u011bzi jednotliv\u00fdch v\u011bkov\u00fdch kategori\u00ed se stali Pavel Proch\u00e1zka, Dimitrije Crnokrak, Ji\u0159\u00ed Proch\u00e1zka, Adrien Sehnal (SC Radot\u00edn), Patrik \u017di\u0161ka, Alena Vintrov\u00e1, \u0160t\u011bp\u00e1nka Herradov\u00e1, Gabriela Korb\u00e1\u0161ov\u00e1 (BK \u017datec) a Jindra Zah\u00e1lkov\u00e1 (KB Chlum\u010dany).<br>V b\u011bhu na 3,5 km zv\u00edt\u011bzil v \u010dase 12:43 min David Luk\u00e1\u0161 (TJ Sokol SG Plze\u0148-Pet\u0159\u00edn). Na druh\u00e9m m\u00edst\u011b dob\u011bhl Jaroslav \u0160m\u00edd z Dob\u0159an a na t\u0159et\u00edm Kamil \u0160t\u011bp\u00e1nek (Isofruit). Nejrychlej\u0161\u00ed \u017eenou byla teprve star\u0161\u00ed \u017e\u00e1kyn\u011b Vendula Panu\u0161kov\u00e1 z AC Hora\u017e\u010fovice. Druh\u00e1 skon\u010dila Gabriela Korb\u00e1\u0161ov\u00e1 a t\u0159et\u00ed Pavla Valachov\u00e1 z Hora\u017e\u010fovic. V\u00edt\u011bzi jednotliv\u00fdch kategori\u00ed se stali David Luk\u00e1\u0161, Jaroslav \u0160m\u00edd, Jarek Berdych z Kazn\u011bjova, Bohumil Kreml z Mostu, nejstar\u0161\u00ed \u00fa\u010dastn\u00edk akce Ji\u0159\u00ed Pejpal (r.n. 1934) z TJ Liga 100 Praha, Vendula Panu\u0161kov\u00e1, Zuzana Kl\u00e1skov\u00e1 (Forrest Gump team), Eva Nov\u00e1kov\u00e1 z Plzn\u011b, Gabriela Korb\u00e1\u0161ov\u00e1 a Marie Pechov\u00e1.<br>D\u011bti b\u011b\u017eely sv\u00e9 z\u00e1vody v les\u00edch okolo kempu na Ostende a jejich trasy m\u011b\u0159ily 300 m, 1,1 a 2 km. V\u00edt\u011bzi sv\u00fdch kategori\u00edch se stali Alexej Sou\u010dek z Plzn\u011b, Stella Kindlov\u00e1, Luk\u00e1\u0161 Kydl\u00ed\u010dek (\u0160AK P\u0159e\u0161tice), Ema J\u00e1mborov\u00e1 (Adrien Elixir Elite team), Leonard Mastn\u00fd (TJ Sokol SG Plze\u0148-Pet\u0159\u00edn), Krist\u00fdna Z\u00e1ho\u0159ov\u00e1 (Ban\u00edk St\u0159\u00edbro), Jan \u0160karban (AK \u0160koda Plze\u0148), Tereza Burlov\u00e1 (\u0160AK P\u0159e\u0161tice), Jan \u0160v\u00edgler (AC Doma\u017elice), Vendula Panu\u0161kov\u00e1 (AC Hora\u017e\u010fovice), Jan Pergler (Ban\u00edk St\u0159\u00edbro) a Linda Luke\u0161ov\u00e1 (AK \u0160koda Plze\u0148).<br>Na v\u0161echny b\u011b\u017ece \u010dekal u pl\u00e1\u017ee na Ostende zaj\u00edmav\u00fd doprovodn\u00fd program. Pro d\u011bti byl p\u0159ipraven sk\u00e1kac\u00ed hrad a malov\u00e1n\u00ed na obli\u010dej. Sv\u00e9 st\u00e1nky zde m\u011bly V\u0161eobecn\u00e1 zdravotn\u00ed poji\u0161\u0165ovna, Plze\u0148sk\u00e1 tepl\u00e1rensk\u00e1 a 3 vozy tak\u00e9 vystavila Toyota Dol\u00e1k. Akc\u00ed skv\u011ble prov\u00e1zel moder\u00e1tor Zden\u011bk H\u016frka. Svoji p\u0159\u00edtomnost\u00ed ji podpo\u0159ili patroni akce &#8211; zlat\u00fd medailista z OH v Mexiku 1968 ve st\u0159elb\u011b z malor\u00e1\u017eky Jan K\u016frka a \u010desk\u00e1 reprezentantka v b\u011bz\u00edch na 800 m a 1500 m Diana Mezulianikov\u00e1. Krom\u011b v\u011bcn\u00fdch cen a medail\u00ed se n\u011bkte\u0159\u00ed b\u011b\u017eci mohli radovat z cen z bohat\u00e9 tomboly spole\u010dnosti Plze\u0148sk\u00e1 tepl\u00e1rensk\u00e1. Kr\u00e1sn\u00e9, tepl\u00e9 po\u010das\u00ed a pohodov\u00e1 atmosf\u00e9ra tak prov\u00e1zely v\u0161echny, kte\u0159\u00ed se p\u0159i\u0161li na Bolev\u00e1k rozlou\u010dit s pr\u00e1zdninami.\n\n<\/p>\n","protected":false},"excerpt":{"rendered":"<p>B\u011b\u017eeck\u00fd poh\u00e1r a 2. kolo OMD junior\u016f a dorostu V P\u00edsku se v sobotu 31.8. uskute\u010dnilo 2. kolo OMD dorostu a junior\u016f P\u0159in\u00e1\u0161\u00edme V\u00ddSLEDKY&nbsp;ZDE 31.8.&hellip;<\/p>\n","protected":false},"author":1,"featured_media":0,"comment_status":"open","ping_status":"open","sticky":false,"template":"","format":"standard","meta":{"footnotes":""},"categories":[1],"tags":[],"jetpack_sharing_enabled":true,"jetpack_featured_media_url":"","_links":{"self":[{"href":"http:\/\/pkas.cz\/index.php?rest_route=\/wp\/v2\/posts\/403"}],"collection":[{"href":"http:\/\/pkas.cz\/index.php?rest_route=\/wp\/v2\/posts"}],"about":[{"href":"http:\/\/pkas.cz\/index.php?rest_route=\/wp\/v2\/types\/post"}],"author":[{"embeddable":true,"href":"http:\/\/pkas.cz\/index.php?rest_route=\/wp\/v2\/users\/1"}],"replies":[{"embeddable":true,"href":"http:\/\/pkas.cz\/index.php?rest_route=%2Fwp%2Fv2%2Fcomments&post=403"}],"version-history":[{"count":1,"href":"http:\/\/pkas.cz\/index.php?rest_route=\/wp\/v2\/posts\/403\/revisions"}],"predecessor-version":[{"id":404,"href":"http:\/\/pkas.cz\/index.php?rest_route=\/wp\/v2\/posts\/403\/revisions\/404"}],"wp:attachment":[{"href":"http:\/\/pkas.cz\/index.php?rest_route=%2Fwp%2Fv2%2Fmedia&parent=403"}],"wp:term":[{"taxonomy":"category","embeddable":true,"href":"http:\/\/pkas.cz\/index.php?rest_route=%2Fwp%2Fv2%2Fcategories&post=403"},{"taxonomy":"post_tag","embeddable":true,"href":"http:\/\/pkas.cz\/index.php?rest_route=%2Fwp%2Fv2%2Ftags&post=403"}],"curies":[{"name":"wp","href":"https:\/\/api.w.org\/{rel}","templated":true}]}}