{"id":4018,"date":"2023-10-31T22:56:37","date_gmt":"2023-10-31T21:56:37","guid":{"rendered":"http:\/\/pkas.cz\/?p=4018"},"modified":"2023-10-31T22:56:37","modified_gmt":"2023-10-31T21:56:37","slug":"nominace-pkas-na-finale-bezeckeho-poharu-mladeze","status":"publish","type":"post","link":"http:\/\/pkas.cz\/?p=4018","title":{"rendered":"Nominace PKAS na Fin\u00e1le B\u011b\u017eeck\u00e9ho poh\u00e1ru ml\u00e1de\u017ee"},"content":{"rendered":"<h1>Nominace PKAS na Fin\u00e1le B\u011b\u017eeck\u00e9ho poh\u00e1ru ml\u00e1de\u017ee<\/h1>\n<p><img loading=\"lazy\" decoding=\"async\" class=\"alignnone size-medium wp-image-3945\" src=\"http:\/\/pkas.cz\/wp-content\/uploads\/2023\/09\/logo-KAS-300x181.png\" alt=\"\" width=\"300\" height=\"181\" srcset=\"http:\/\/pkas.cz\/wp-content\/uploads\/2023\/09\/logo-KAS-300x181.png 300w, http:\/\/pkas.cz\/wp-content\/uploads\/2023\/09\/logo-KAS.png 533w\" sizes=\"(max-width: 300px) 100vw, 300px\" \/><\/p>\n<p>Vedouc\u00ed v\u00fdpravy Miroslav Neuvirt zve\u0159ejnil nominaci na Fin\u00e1le B\u011b\u017eeck\u00e9ho poh\u00e1ru ml\u00e1de\u017ee, kter\u00e9 se uskute\u010dn\u00ed v r\u00e1mci M\u010cR v p\u0159espoln\u00edm b\u011bhu 25.11. v D\u0159\u00edte\u010di na Pardubicku.<\/p>\n<p><a href=\"http:\/\/pkas.cz\/wp-content\/uploads\/2023\/10\/Dritec-nominace-PKAS.xlsx\">NOMINACE<\/a><\/p>\n<p><a href=\"https:\/\/online.atletika.cz\/Propozice\/propozice\/70321\">PROPOZICE Z\u00c1VODU<\/a><\/p>\n","protected":false},"excerpt":{"rendered":"<p>Nominace PKAS na Fin\u00e1le B\u011b\u017eeck\u00e9ho poh\u00e1ru ml\u00e1de\u017ee Vedouc\u00ed v\u00fdpravy Miroslav Neuvirt zve\u0159ejnil nominaci na Fin\u00e1le B\u011b\u017eeck\u00e9ho poh\u00e1ru ml\u00e1de\u017ee, kter\u00e9 se uskute\u010dn\u00ed v r\u00e1mci M\u010cR v&hellip;<\/p>\n","protected":false},"author":2,"featured_media":3945,"comment_status":"closed","ping_status":"closed","sticky":false,"template":"","format":"standard","meta":{"footnotes":""},"categories":[1],"tags":[],"jetpack_sharing_enabled":true,"jetpack_featured_media_url":"http:\/\/pkas.cz\/wp-content\/uploads\/2023\/09\/logo-KAS.png","_links":{"self":[{"href":"http:\/\/pkas.cz\/index.php?rest_route=\/wp\/v2\/posts\/4018"}],"collection":[{"href":"http:\/\/pkas.cz\/index.php?rest_route=\/wp\/v2\/posts"}],"about":[{"href":"http:\/\/pkas.cz\/index.php?rest_route=\/wp\/v2\/types\/post"}],"author":[{"embeddable":true,"href":"http:\/\/pkas.cz\/index.php?rest_route=\/wp\/v2\/users\/2"}],"replies":[{"embeddable":true,"href":"http:\/\/pkas.cz\/index.php?rest_route=%2Fwp%2Fv2%2Fcomments&post=4018"}],"version-history":[{"count":1,"href":"http:\/\/pkas.cz\/index.php?rest_route=\/wp\/v2\/posts\/4018\/revisions"}],"predecessor-version":[{"id":4020,"href":"http:\/\/pkas.cz\/index.php?rest_route=\/wp\/v2\/posts\/4018\/revisions\/4020"}],"wp:featuredmedia":[{"embeddable":true,"href":"http:\/\/pkas.cz\/index.php?rest_route=\/wp\/v2\/media\/3945"}],"wp:attachment":[{"href":"http:\/\/pkas.cz\/index.php?rest_route=%2Fwp%2Fv2%2Fmedia&parent=4018"}],"wp:term":[{"taxonomy":"category","embeddable":true,"href":"http:\/\/pkas.cz\/index.php?rest_route=%2Fwp%2Fv2%2Fcategories&post=4018"},{"taxonomy":"post_tag","embeddable":true,"href":"http:\/\/pkas.cz\/index.php?rest_route=%2Fwp%2Fv2%2Ftags&post=4018"}],"curies":[{"name":"wp","href":"https:\/\/api.w.org\/{rel}","templated":true}]}}