{"id":4007,"date":"2023-10-23T17:08:43","date_gmt":"2023-10-23T15:08:43","guid":{"rendered":"http:\/\/pkas.cz\/?p=4007"},"modified":"2023-10-31T23:10:56","modified_gmt":"2023-10-31T22:10:56","slug":"podzimni-krosove-zavody-vyvrcholily-oblastnim-mistrovstvim-v-krosu","status":"publish","type":"post","link":"http:\/\/pkas.cz\/?p=4007","title":{"rendered":"Podzimn\u00ed krosov\u00e9 z\u00e1vody vyvrcholily Oblastn\u00edm mistrovstv\u00edm v krosu"},"content":{"rendered":"<h1>Podzimn\u00ed krosov\u00e9 z\u00e1vody vyvrcholily Oblastn\u00edm mistrovstv\u00edm v krosu<\/h1>\n<p><img loading=\"lazy\" decoding=\"async\" class=\"alignnone wp-image-4008\" src=\"http:\/\/pkas.cz\/wp-content\/uploads\/2023\/10\/OMBELA2023-300x240.jpg\" alt=\"\" width=\"493\" height=\"394\" srcset=\"http:\/\/pkas.cz\/wp-content\/uploads\/2023\/10\/OMBELA2023-300x240.jpg 300w, http:\/\/pkas.cz\/wp-content\/uploads\/2023\/10\/OMBELA2023-768x614.jpg 768w, http:\/\/pkas.cz\/wp-content\/uploads\/2023\/10\/OMBELA2023.jpg 1025w\" sizes=\"(max-width: 493px) 100vw, 493px\" \/><\/p>\n<p>Fotozdroj Aktiv Sport Hor\u0161ovsk\u00fd T\u00fdn &#8211; start mlad\u0161\u00edch \u017e\u00e1ky\u0148<\/p>\n<p>V sobotu 21.10. se uskute\u010dnilo Oblastn\u00ed mistrostv\u00ed v krosu v\u00a0 B\u011bl\u00e9 nad Radbuzou v r\u00e1mci 24. ro\u010dn\u00edku B\u011blsk\u00e9 p\u011btky. Na startu jsme mohli vid\u011bt 283 z\u00e1vodn\u00edk\u016f od nejmen\u0161\u00edch kategori\u00ed po ty nejstar\u0161\u00ed.<\/p>\n<p>v kategorii mu\u017e\u016f byl nejlep\u0161\u00ed <strong>Tom\u00e1\u0161 Ja\u0161a<\/strong> (\u0160KODA Plze\u0148) p\u0159ed <strong>Jirkou \u0160pirochem<\/strong> (TJ Ban\u00edk St\u0159\u00edbro)<strong> a Vojt\u011bchem Ko\u017eeluhem <\/strong>(Atletika Klatovy).<\/p>\n<p>V \u017eensk\u00e9 kategorii vyhr\u00e1la <strong>Anna Sur\u00e1kov\u00e1<\/strong> (\u0160KODA Plze\u0148) p\u0159ed <strong>Barborou \u0160turmovou <\/strong>a <strong>Mark\u00e9tou Musilovou<\/strong>.<\/p>\n<p><a href=\"https:\/\/online.atletika.cz\/vysledky\/68052\/0\/3\">V\u00ddSLEDKY<\/a><\/p>\n<p><a href=\"http:\/\/www.pro-sport.cz\/sites\/PRO-SPORT.cz\/\/repository\/Pr__b____n___po__ad___B____eck__ho_poh__ru_ml__de__e_2023_XI.xls\">PR\u016eB\u011a\u017dN\u00c9 V\u00ddSLEDKY B\u011a\u017dECK\u00c9HO POH\u00c1RU<\/a> p\u0159ed posledn\u00edm z\u00e1vodem v Blovic\u00edch 17.11. 2023 &#8211; <a href=\"http:\/\/www.pro-sport.cz\/sites\/PRO-SPORT.cz\/\/repository\/propozice_b__h_17_listopadu_2023.docx\">PROPOZICE Z\u00c1VODU<\/a><\/p>\n","protected":false},"excerpt":{"rendered":"<p>Podzimn\u00ed krosov\u00e9 z\u00e1vody vyvrcholily Oblastn\u00edm mistrovstv\u00edm v krosu Fotozdroj Aktiv Sport Hor\u0161ovsk\u00fd T\u00fdn &#8211; start mlad\u0161\u00edch \u017e\u00e1ky\u0148 V sobotu 21.10. se uskute\u010dnilo Oblastn\u00ed mistrostv\u00ed v&hellip;<\/p>\n","protected":false},"author":2,"featured_media":4008,"comment_status":"closed","ping_status":"closed","sticky":false,"template":"","format":"standard","meta":{"footnotes":""},"categories":[1],"tags":[],"jetpack_sharing_enabled":true,"jetpack_featured_media_url":"http:\/\/pkas.cz\/wp-content\/uploads\/2023\/10\/OMBELA2023.jpg","_links":{"self":[{"href":"http:\/\/pkas.cz\/index.php?rest_route=\/wp\/v2\/posts\/4007"}],"collection":[{"href":"http:\/\/pkas.cz\/index.php?rest_route=\/wp\/v2\/posts"}],"about":[{"href":"http:\/\/pkas.cz\/index.php?rest_route=\/wp\/v2\/types\/post"}],"author":[{"embeddable":true,"href":"http:\/\/pkas.cz\/index.php?rest_route=\/wp\/v2\/users\/2"}],"replies":[{"embeddable":true,"href":"http:\/\/pkas.cz\/index.php?rest_route=%2Fwp%2Fv2%2Fcomments&post=4007"}],"version-history":[{"count":4,"href":"http:\/\/pkas.cz\/index.php?rest_route=\/wp\/v2\/posts\/4007\/revisions"}],"predecessor-version":[{"id":4021,"href":"http:\/\/pkas.cz\/index.php?rest_route=\/wp\/v2\/posts\/4007\/revisions\/4021"}],"wp:featuredmedia":[{"embeddable":true,"href":"http:\/\/pkas.cz\/index.php?rest_route=\/wp\/v2\/media\/4008"}],"wp:attachment":[{"href":"http:\/\/pkas.cz\/index.php?rest_route=%2Fwp%2Fv2%2Fmedia&parent=4007"}],"wp:term":[{"taxonomy":"category","embeddable":true,"href":"http:\/\/pkas.cz\/index.php?rest_route=%2Fwp%2Fv2%2Fcategories&post=4007"},{"taxonomy":"post_tag","embeddable":true,"href":"http:\/\/pkas.cz\/index.php?rest_route=%2Fwp%2Fv2%2Ftags&post=4007"}],"curies":[{"name":"wp","href":"https:\/\/api.w.org\/{rel}","templated":true}]}}