{"id":3994,"date":"2023-10-17T16:13:08","date_gmt":"2023-10-17T14:13:08","guid":{"rendered":"http:\/\/pkas.cz\/?p=3994"},"modified":"2023-10-17T16:16:09","modified_gmt":"2023-10-17T14:16:09","slug":"valna-hromada-pkas-3","status":"publish","type":"post","link":"http:\/\/pkas.cz\/?p=3994","title":{"rendered":"Valn\u00e1 hromada PKAS,  &#8222;dopln\u011bn\u00ed&#8220;"},"content":{"rendered":"<h1>Valn\u00e1 hromada PKAS<\/h1>\n<p><strong>POZV\u00c1NKA na valnou hromadu Plze\u0148sk\u00e9ho krajsk\u00e9ho atletick\u00e9ho svazu<\/strong><\/p>\n<p style=\"text-align: center;\">&#8222;dopln\u011bn\u00ed volby deleg\u00e1t\u016f na zased\u00e1n\u00ed VH \u010cAS&#8220;<\/p>\n<p><strong>M\u00edsto kon\u00e1n\u00ed:<\/strong>\u00a0\u00a0\u00a0\u00a0\u00a0\u00a0\u00a0\u00a0\u00a0\u00a0\u00a0\u00a0\u00a0\u00a0\u00a0\u00a0\u00a0 Plze\u0148 &#8211; Hotel Central, N\u00e1m\u011bst\u00ed Republiky 358\/33<\/p>\n<p><strong>Term\u00edn:\u00a0\u00a0\u00a0\u00a0\u00a0\u00a0\u00a0\u00a0\u00a0\u00a0\u00a0\u00a0\u00a0\u00a0 <\/strong>\u00a0\u00a0\u00a0\u00a0\u00a0\u00a0\u00a0\u00a0\u00a0\u00a0\u00a0\u00a0\u00a0\u00a0 \u010dtvrtek, 2. 11. 2023 od 17 hod<\/p>\n<p><strong>Program:<\/strong><\/p>\n<ol>\n<li>Prezentace a zah\u00e1jen\u00ed<\/li>\n<li>Schv\u00e1len\u00ed programu VH<\/li>\n<li>Volba p\u0159edsedaj\u00edc\u00edho, skrut\u00e1tor\u016f, mand\u00e1tov\u00e9 komise, n\u00e1vrhov\u00e9 komise<\/li>\n<li>Volba volebn\u00ed komise<\/li>\n<li>Zpr\u00e1va o \u010dinnosti KAS a VV KAS za obdob\u00ed 2022<\/li>\n<li>Zpr\u00e1va hospod\u00e1\u0159e KAS za rok 2022 a n\u00e1vrh rozpo\u010dtu na rok 2023<\/li>\n<li>Zpr\u00e1va mand\u00e1tov\u00e9 komise<\/li>\n<li>Zpr\u00e1va revizora KAS<\/li>\n<li>Zpr\u00e1va komise rozhod\u010d\u00edch<\/li>\n<li>Volba deleg\u00e1t\u016f na zased\u00e1n\u00ed VH \u010cAS<\/li>\n<li>Diskuse<\/li>\n<li>N\u00e1vrh usnesen\u00ed VH<\/li>\n<li>Z\u00e1v\u011br<\/li>\n<li>Ob\u010derstven\u00ed<\/li>\n<\/ol>\n<p>&nbsp;<\/p>\n<p><strong>Volba deleg\u00e1t\u016f na VH \u010cAS.<\/strong><\/p>\n<p>N\u00e1vrh kandid\u00e1ta na funkce deleg\u00e1t\u016f na valnou hromadu \u010cAS se pod\u00e1v\u00e1 p\u00edsemn\u011b tajemn\u00edkovi p\u0159\u00edmo na valn\u00e9 hromad\u011b PKAS a obsahuje tyto n\u00e1le\u017eitosti: jm\u00e9no a p\u0159\u00edjmen\u00ed kandid\u00e1ta, jm\u00e9no nebo n\u00e1zev navrhovatele a datum a podpis navrhovatele. Vzor n\u00e1vrhu v\u010detn\u011b povinn\u00fdch \u00fadaj\u016f bude zve\u0159ejn\u011bn na webu KAS (www.PKAS.cz). V r\u00e1mci VH PKAS se bude volit 9 deleg\u00e1t\u016f na VH \u010cAS. Valn\u00e1 hromada \u010cAS se uskute\u010dn\u00ed 9. prosince 2023 v Praze.<\/p>\n<p>Pr\u00e1vo \u00fa\u010dasti na VH maj\u00ed pouze statut\u00e1rn\u00ed z\u00e1stupci klub\u016f, p\u0159\u00edpadn\u011b pov\u011b\u0159en\u00e9 osoby na z\u00e1klad\u011b pln\u00e9 moci v po\u010dtu dle p\u0159\u00edlohy.<\/p>\n<p>Pozv\u00e1nka ke sta\u017een\u00ed\u00a0<a href=\"http:\/\/pkas.cz\/wp-content\/uploads\/2023\/10\/Pozvanka_VH_PKAS_2023.pdf\">ZDE<\/a>.<\/p>\n<p>Pln\u00e1 moc ke sta\u017een\u00ed\u00a0<a href=\"http:\/\/pkas.cz\/wp-content\/uploads\/2023\/10\/Plna-moc-VH-KAS-2023.doc\">ZDE<\/a>.<\/p>\n<p>N\u00e1vrh kandid\u00e1ta na deleg\u00e1ta VH \u010cAS ke sta\u017een\u00ed <a href=\"http:\/\/pkas.cz\/wp-content\/uploads\/2023\/10\/Navrh-kandidata-na-delegata_VH_CAS.docx\">ZDE<\/a>.<\/p>\n<p>&nbsp;<\/p>\n<p><strong>Pozvan\u00e9 kluby Plze\u0148sk\u00e9ho KAS:\u00a0<\/strong><\/p>\n<p><strong>Po\u010det deleg\u00e1t\u016f: 28<\/strong><\/p>\n<p><strong>Po\u010det AO\/AK: 21 (+1 Atletick\u00fd krou\u017eek)<\/strong><\/p>\n<ol>\n<li>AK \u0160koda Plze\u0148 &#8211; 5 deleg\u00e1t\u016f<\/li>\n<li>AC Doma\u017elice, z. s. &#8211; 2 deleg\u00e1ty<\/li>\n<li>TJ Ban\u00edk St\u0159\u00edbro, spolek &#8211; 2 deleg\u00e1ty<\/li>\n<li>TJ Sokol SG Plze\u0148 &#8211; Pet\u0159\u00edn &#8211; 2 deleg\u00e1ty<\/li>\n<\/ol>\n<p><strong>Ostatn\u00ed kluby v kraji v\u017edy jednoho deleg\u00e1ta:\u00a0 <\/strong><\/p>\n<ol>\n<li>AC Falcon Rokycany z.s.<\/li>\n<li>ACK Doma\u017elice, z.s.<\/li>\n<li>AKM Viktoria Plze\u0148<\/li>\n<li>Aktiv Sport Hor\u0161ovsk\u00fd T\u00fdn, z. s.<\/li>\n<li>ATLETCLUB N\u00fd\u0159any, z.s.<\/li>\n<li>Atletika Klatovy<\/li>\n<li>DDM Kralovice<\/li>\n<li>DDM Tachov<\/li>\n<li>M\u00cdLA\u0158I Doma\u017elice<\/li>\n<li>Plze\u0148sk\u00e1 sportovn\u00ed o.p.s.<\/li>\n<li>Rozb\u011bh\u00e1me \u010cesko, z.\u00fa.<\/li>\n<li>SC MARATHON PLZE\u0147, z.s.<\/li>\n<li>\u0160AK p\u0159i Z\u0160 P\u0159e\u0161tice<\/li>\n<li>TJ Dob\u0159any z.s.<\/li>\n<li>TJ N\u00fdrsko<\/li>\n<li>TJ Slavoj Tachov, z. s.<\/li>\n<li>TJ Su\u0161ice, z.s.<\/li>\n<\/ol>\n<p>AKR \u017delezn\u00e1 Ruda (bez hlasovac\u00edho pr\u00e1va)<\/p>\n<p>&nbsp;<\/p>\n<p><img loading=\"lazy\" decoding=\"async\" class=\" wp-image-3945 aligncenter\" src=\"http:\/\/pkas.cz\/wp-content\/uploads\/2023\/09\/logo-KAS-300x181.png\" alt=\"\" width=\"219\" height=\"132\" srcset=\"http:\/\/pkas.cz\/wp-content\/uploads\/2023\/09\/logo-KAS-300x181.png 300w, http:\/\/pkas.cz\/wp-content\/uploads\/2023\/09\/logo-KAS.png 533w\" sizes=\"(max-width: 219px) 100vw, 219px\" \/><\/p>\n","protected":false},"excerpt":{"rendered":"<p>Valn\u00e1 hromada PKAS POZV\u00c1NKA na valnou hromadu Plze\u0148sk\u00e9ho krajsk\u00e9ho atletick\u00e9ho svazu &#8222;dopln\u011bn\u00ed volby deleg\u00e1t\u016f na zased\u00e1n\u00ed VH \u010cAS&#8220; M\u00edsto kon\u00e1n\u00ed:\u00a0\u00a0\u00a0\u00a0\u00a0\u00a0\u00a0\u00a0\u00a0\u00a0\u00a0\u00a0\u00a0\u00a0\u00a0\u00a0\u00a0 Plze\u0148 &#8211; Hotel Central, N\u00e1m\u011bst\u00ed&hellip;<\/p>\n","protected":false},"author":3,"featured_media":3945,"comment_status":"closed","ping_status":"closed","sticky":false,"template":"","format":"standard","meta":{"footnotes":""},"categories":[1],"tags":[],"jetpack_sharing_enabled":true,"jetpack_featured_media_url":"http:\/\/pkas.cz\/wp-content\/uploads\/2023\/09\/logo-KAS.png","_links":{"self":[{"href":"http:\/\/pkas.cz\/index.php?rest_route=\/wp\/v2\/posts\/3994"}],"collection":[{"href":"http:\/\/pkas.cz\/index.php?rest_route=\/wp\/v2\/posts"}],"about":[{"href":"http:\/\/pkas.cz\/index.php?rest_route=\/wp\/v2\/types\/post"}],"author":[{"embeddable":true,"href":"http:\/\/pkas.cz\/index.php?rest_route=\/wp\/v2\/users\/3"}],"replies":[{"embeddable":true,"href":"http:\/\/pkas.cz\/index.php?rest_route=%2Fwp%2Fv2%2Fcomments&post=3994"}],"version-history":[{"count":5,"href":"http:\/\/pkas.cz\/index.php?rest_route=\/wp\/v2\/posts\/3994\/revisions"}],"predecessor-version":[{"id":3999,"href":"http:\/\/pkas.cz\/index.php?rest_route=\/wp\/v2\/posts\/3994\/revisions\/3999"}],"wp:featuredmedia":[{"embeddable":true,"href":"http:\/\/pkas.cz\/index.php?rest_route=\/wp\/v2\/media\/3945"}],"wp:attachment":[{"href":"http:\/\/pkas.cz\/index.php?rest_route=%2Fwp%2Fv2%2Fmedia&parent=3994"}],"wp:term":[{"taxonomy":"category","embeddable":true,"href":"http:\/\/pkas.cz\/index.php?rest_route=%2Fwp%2Fv2%2Fcategories&post=3994"},{"taxonomy":"post_tag","embeddable":true,"href":"http:\/\/pkas.cz\/index.php?rest_route=%2Fwp%2Fv2%2Ftags&post=3994"}],"curies":[{"name":"wp","href":"https:\/\/api.w.org\/{rel}","templated":true}]}}