{"id":3985,"date":"2023-10-17T08:02:03","date_gmt":"2023-10-17T06:02:03","guid":{"rendered":"http:\/\/pkas.cz\/?p=3985"},"modified":"2023-10-17T08:02:03","modified_gmt":"2023-10-17T06:02:03","slug":"ohlednuti-za-stredoskolsky-atletickym-poharem","status":"publish","type":"post","link":"http:\/\/pkas.cz\/?p=3985","title":{"rendered":"Ohl\u00e9dnut\u00ed za St\u0159edo\u0161kolsk\u00fd atletick\u00fdm poh\u00e1rem"},"content":{"rendered":"<h1>Ohl\u00e9dnut\u00ed za St\u0159edo\u0161kolsk\u00fd atletick\u00fdm poh\u00e1rem<\/h1>\n<p><img loading=\"lazy\" decoding=\"async\" class=\"alignnone  wp-image-3986\" src=\"http:\/\/pkas.cz\/wp-content\/uploads\/2023\/10\/GJSB-SAP-DOMAZLICE2023-240x300.jpg\" alt=\"\" width=\"363\" height=\"454\" srcset=\"http:\/\/pkas.cz\/wp-content\/uploads\/2023\/10\/GJSB-SAP-DOMAZLICE2023-240x300.jpg 240w, http:\/\/pkas.cz\/wp-content\/uploads\/2023\/10\/GJSB-SAP-DOMAZLICE2023-819x1024.jpg 819w, http:\/\/pkas.cz\/wp-content\/uploads\/2023\/10\/GJSB-SAP-DOMAZLICE2023-768x960.jpg 768w, http:\/\/pkas.cz\/wp-content\/uploads\/2023\/10\/GJSB-SAP-DOMAZLICE2023-1229x1536.jpg 1229w, http:\/\/pkas.cz\/wp-content\/uploads\/2023\/10\/GJSB-SAP-DOMAZLICE2023.jpg 1440w\" sizes=\"(max-width: 363px) 100vw, 363px\" \/><\/p>\n<p>zdroj Facebook GJ\u0160B Doma\u017elice<\/p>\n<p>B\u011bhem z\u00e1\u0159\u00ed a \u0159\u00edjna prob\u00edhala tak\u00e9 atletick\u00e1 sout\u011b\u017e st\u0159edn\u00ed \u0161kol pod n\u00e1zvem SAP &#8211; St\u0159edo\u0161kolsk\u00fd atletick\u00fd poh\u00e1r.<\/p>\n<p>Krajsk\u00e9 fin\u00e1le prob\u011bhlo v Doma\u017elic\u00edch 26. z\u00e1\u0159\u00ed za \u00fa\u010dasti osmi nejlep\u0161\u00edch dru\u017estev v ka\u017ed\u00e9 kategorii.<\/p>\n<p><a href=\"https:\/\/online.atletika.cz\/vysledky\/69998\">CELKOV\u00c9 V\u00ddSLEDKY<\/a><\/p>\n<p>&nbsp;<\/p>\n<p>V\u00edt\u011bzov\u00e9 v chlapeck\u00e9 kategorii <strong>Gymn\u00e1zium Jind\u0159icha \u0160imona Baara Doma\u017elice<\/strong> a v d\u00edv\u010d\u00ed kategorii\u00a0 <strong>Gymn\u00e1zium Klatovy<\/strong> reprezentovali n\u00e1\u0161 kraj na republikov\u00e9m fin\u00e1le V B\u0159eclavi, kter\u00e9 se uskute\u010dnilo 11. \u0159\u00edjna.<\/p>\n<p>D\u011bv\u010data z Klatov obsadila 10. m\u00edsto. Doma\u017eli\u010dt\u00ed borci skon\u010dili na 13. m\u00edst\u011b.<\/p>\n<p><a href=\"https:\/\/online.atletika.cz\/vysledky\/69999\">KOMPLETN\u00cd V\u00ddSLEDKY<\/a><\/p>\n","protected":false},"excerpt":{"rendered":"<p>Ohl\u00e9dnut\u00ed za St\u0159edo\u0161kolsk\u00fd atletick\u00fdm poh\u00e1rem zdroj Facebook GJ\u0160B Doma\u017elice B\u011bhem z\u00e1\u0159\u00ed a \u0159\u00edjna prob\u00edhala tak\u00e9 atletick\u00e1 sout\u011b\u017e st\u0159edn\u00ed \u0161kol pod n\u00e1zvem SAP &#8211; St\u0159edo\u0161kolsk\u00fd atletick\u00fd&hellip;<\/p>\n","protected":false},"author":2,"featured_media":3986,"comment_status":"closed","ping_status":"closed","sticky":false,"template":"","format":"standard","meta":{"footnotes":""},"categories":[1],"tags":[],"jetpack_sharing_enabled":true,"jetpack_featured_media_url":"http:\/\/pkas.cz\/wp-content\/uploads\/2023\/10\/GJSB-SAP-DOMAZLICE2023.jpg","_links":{"self":[{"href":"http:\/\/pkas.cz\/index.php?rest_route=\/wp\/v2\/posts\/3985"}],"collection":[{"href":"http:\/\/pkas.cz\/index.php?rest_route=\/wp\/v2\/posts"}],"about":[{"href":"http:\/\/pkas.cz\/index.php?rest_route=\/wp\/v2\/types\/post"}],"author":[{"embeddable":true,"href":"http:\/\/pkas.cz\/index.php?rest_route=\/wp\/v2\/users\/2"}],"replies":[{"embeddable":true,"href":"http:\/\/pkas.cz\/index.php?rest_route=%2Fwp%2Fv2%2Fcomments&post=3985"}],"version-history":[{"count":1,"href":"http:\/\/pkas.cz\/index.php?rest_route=\/wp\/v2\/posts\/3985\/revisions"}],"predecessor-version":[{"id":3987,"href":"http:\/\/pkas.cz\/index.php?rest_route=\/wp\/v2\/posts\/3985\/revisions\/3987"}],"wp:featuredmedia":[{"embeddable":true,"href":"http:\/\/pkas.cz\/index.php?rest_route=\/wp\/v2\/media\/3986"}],"wp:attachment":[{"href":"http:\/\/pkas.cz\/index.php?rest_route=%2Fwp%2Fv2%2Fmedia&parent=3985"}],"wp:term":[{"taxonomy":"category","embeddable":true,"href":"http:\/\/pkas.cz\/index.php?rest_route=%2Fwp%2Fv2%2Fcategories&post=3985"},{"taxonomy":"post_tag","embeddable":true,"href":"http:\/\/pkas.cz\/index.php?rest_route=%2Fwp%2Fv2%2Ftags&post=3985"}],"curies":[{"name":"wp","href":"https:\/\/api.w.org\/{rel}","templated":true}]}}