{"id":3976,"date":"2023-10-11T07:42:41","date_gmt":"2023-10-11T05:42:41","guid":{"rendered":"http:\/\/pkas.cz\/?p=3976"},"modified":"2023-10-11T07:42:41","modified_gmt":"2023-10-11T05:42:41","slug":"sportovni-gymnazium-dny-otevrenych-dveri-ve-skolnim-roce-2023-2024","status":"publish","type":"post","link":"http:\/\/pkas.cz\/?p=3976","title":{"rendered":"Sportovn\u00ed gymn\u00e1zium &#8211; Dny otev\u0159en\u00fdch dve\u0159\u00ed ve \u0161koln\u00edm roce 2023\/2024"},"content":{"rendered":"<h1>Sportovn\u00ed gymn\u00e1zium &#8211; Dny otev\u0159en\u00fdch dve\u0159\u00ed ve \u0161koln\u00edm roce 2023\/2024<\/h1>\n<p><img loading=\"lazy\" decoding=\"async\" class=\"alignnone size-full wp-image-2441\" src=\"http:\/\/pkas.cz\/wp-content\/uploads\/2021\/09\/sgpilsen-logo.png\" alt=\"\" width=\"152\" height=\"85\" srcset=\"http:\/\/pkas.cz\/wp-content\/uploads\/2021\/09\/sgpilsen-logo.png 152w, http:\/\/pkas.cz\/wp-content\/uploads\/2021\/09\/sgpilsen-logo-150x85.png 150w\" sizes=\"(max-width: 152px) 100vw, 152px\" \/><\/p>\n<p>&nbsp;<\/p>\n<p>obor vzd\u011bl\u00e1n\u00ed\u00a0<strong>79-42-K\/41 Gymn\u00e1zium se sportovn\u00ed p\u0159\u00edpravou\u00a0<\/strong>(atletika, judo, sportovn\u00ed st\u0159elba, plav\u00e1n\u00ed, tenis, volejbal-d\u00edvky)<\/p>\n<p>(pro uchaze\u010de z 9. t\u0159\u00edd Z\u0160, Kvarty SG Plze\u0148 a Kvart osmilet\u00fdch gymn\u00e1zi\u00ed a Sekund \u0161estilet\u00fdch gymn\u00e1zi\u00ed)<\/p>\n<p><em>Den otev\u0159en\u00fdch dve\u0159\u00ed &#8211;\u00a0<\/em><strong>17<\/strong><strong>. 10. 2023\u00a0<\/strong>&#8211;<strong>\u00a015:30 H<\/strong><\/p>\n<p>&nbsp;<\/p>\n<h2>Harmonogram pro v\u0161echny term\u00edny:<\/h2>\n<p><strong>15:30 &#8211; 16:30<\/strong>\u00a0&#8211; Aula SG, pod\u00e1n\u00ed informac\u00ed ke studiu a p\u0159ij\u00edmac\u00edm \u0159\u00edzen\u00ed p\u0159\u00edslu\u0161n\u00e9ho oboru<br \/>\n<strong>16:30 &#8211; 17:00<\/strong>\u00a0&#8211; spole\u010dn\u00e1 prohl\u00eddka studijn\u00edho a sportovn\u00edho z\u00e1zem\u00ed \u0161koly<br \/>\n<strong>17:00 &#8211; 17:15<\/strong>\u00a0&#8211; pro z\u00e1jemce prohl\u00eddka ubytov\u00e1n\u00ed na Domov\u011b ml\u00e1de\u017ee<\/p>\n<p>&nbsp;<\/p>\n<p>Dal\u0161\u00ed informace <a href=\"https:\/\/www.sgpilsen.cz\/informace-pro-uchazece\">ZDE<\/a><\/p>\n","protected":false},"excerpt":{"rendered":"<p>Sportovn\u00ed gymn\u00e1zium &#8211; Dny otev\u0159en\u00fdch dve\u0159\u00ed ve \u0161koln\u00edm roce 2023\/2024 &nbsp; obor vzd\u011bl\u00e1n\u00ed\u00a079-42-K\/41 Gymn\u00e1zium se sportovn\u00ed p\u0159\u00edpravou\u00a0(atletika, judo, sportovn\u00ed st\u0159elba, plav\u00e1n\u00ed, tenis, volejbal-d\u00edvky) (pro uchaze\u010de&hellip;<\/p>\n","protected":false},"author":2,"featured_media":2441,"comment_status":"closed","ping_status":"closed","sticky":false,"template":"","format":"standard","meta":{"footnotes":""},"categories":[1],"tags":[],"jetpack_sharing_enabled":true,"jetpack_featured_media_url":"http:\/\/pkas.cz\/wp-content\/uploads\/2021\/09\/sgpilsen-logo.png","_links":{"self":[{"href":"http:\/\/pkas.cz\/index.php?rest_route=\/wp\/v2\/posts\/3976"}],"collection":[{"href":"http:\/\/pkas.cz\/index.php?rest_route=\/wp\/v2\/posts"}],"about":[{"href":"http:\/\/pkas.cz\/index.php?rest_route=\/wp\/v2\/types\/post"}],"author":[{"embeddable":true,"href":"http:\/\/pkas.cz\/index.php?rest_route=\/wp\/v2\/users\/2"}],"replies":[{"embeddable":true,"href":"http:\/\/pkas.cz\/index.php?rest_route=%2Fwp%2Fv2%2Fcomments&post=3976"}],"version-history":[{"count":1,"href":"http:\/\/pkas.cz\/index.php?rest_route=\/wp\/v2\/posts\/3976\/revisions"}],"predecessor-version":[{"id":3977,"href":"http:\/\/pkas.cz\/index.php?rest_route=\/wp\/v2\/posts\/3976\/revisions\/3977"}],"wp:featuredmedia":[{"embeddable":true,"href":"http:\/\/pkas.cz\/index.php?rest_route=\/wp\/v2\/media\/2441"}],"wp:attachment":[{"href":"http:\/\/pkas.cz\/index.php?rest_route=%2Fwp%2Fv2%2Fmedia&parent=3976"}],"wp:term":[{"taxonomy":"category","embeddable":true,"href":"http:\/\/pkas.cz\/index.php?rest_route=%2Fwp%2Fv2%2Fcategories&post=3976"},{"taxonomy":"post_tag","embeddable":true,"href":"http:\/\/pkas.cz\/index.php?rest_route=%2Fwp%2Fv2%2Ftags&post=3976"}],"curies":[{"name":"wp","href":"https:\/\/api.w.org\/{rel}","templated":true}]}}