{"id":3971,"date":"2023-10-09T13:38:52","date_gmt":"2023-10-09T11:38:52","guid":{"rendered":"http:\/\/pkas.cz\/?p=3971"},"modified":"2023-10-09T13:38:52","modified_gmt":"2023-10-09T11:38:52","slug":"bezecky-pohar-mladeze-pokracoval-na-babylone","status":"publish","type":"post","link":"http:\/\/pkas.cz\/?p=3971","title":{"rendered":"B\u011b\u017eeck\u00fd poh\u00e1r ml\u00e1de\u017ee pokra\u010doval na Babylon\u011b"},"content":{"rendered":"<h1>B\u011b\u017eeck\u00fd poh\u00e1r ml\u00e1de\u017ee pokra\u010doval na Babylon\u011b<\/h1>\n<p><img loading=\"lazy\" decoding=\"async\" class=\"alignnone  wp-image-3972\" src=\"http:\/\/pkas.cz\/wp-content\/uploads\/2023\/10\/blbstzakyne-300x225.jpg\" alt=\"\" width=\"439\" height=\"329\" srcset=\"http:\/\/pkas.cz\/wp-content\/uploads\/2023\/10\/blbstzakyne-300x225.jpg 300w, http:\/\/pkas.cz\/wp-content\/uploads\/2023\/10\/blbstzakyne-1024x768.jpg 1024w, http:\/\/pkas.cz\/wp-content\/uploads\/2023\/10\/blbstzakyne-768x576.jpg 768w, http:\/\/pkas.cz\/wp-content\/uploads\/2023\/10\/blbstzakyne-1536x1152.jpg 1536w, http:\/\/pkas.cz\/wp-content\/uploads\/2023\/10\/blbstzakyne.jpg 1600w\" sizes=\"(max-width: 439px) 100vw, 439px\" \/><\/p>\n<p>Start z\u00e1vodu star\u0161\u00edch \u017e\u00e1ky\u0148 &#8211; foto Martina Voz\u00e1rov\u00e1<\/p>\n<p>V sobotu 7. \u0159\u00edjna se p\u0159ehoupl B\u011b\u017eeck\u00fd poh\u00e1r ml\u00e1de\u017ee do sv\u00e9 posledn\u00ed t\u0159etiny. Celkov\u011b ji\u017e po 58 se b\u011b\u017eelo na Babylon\u011b u Doma\u017elic v r\u00e1mci B\u011bhu lesy babylonsk\u00fdmi.<\/p>\n<p>&nbsp;<\/p>\n<p><a href=\"http:\/\/www.pro-sport.cz\/sites\/PRO-SPORT.cz\/\/repository\/V__sledky_B__h_babylonsk__mi_lesy_2023.ods\">P\u0158IN\u00c1\u0160\u00cdME V\u00ddSLEDKY<\/a><\/p>\n<p><a href=\"http:\/\/www.pro-sport.cz\/sites\/PRO-SPORT.cz\/\/repository\/Pr__b____n___po__ad___B____eck__ho_poh__ru_ml__de__e_2023_IX.xls\">PR\u016eB\u011a\u017dN\u00c9 PO\u0158AD\u00cd B\u011a\u017dECK\u00c9HO POH\u00c1RU<\/a><\/p>\n<p>&nbsp;<\/p>\n<p>Dal\u0161\u00ed z\u00e1vod se uskute\u010dn\u00ed ji\u017e za t\u00fdden 14.10. 2023 v Klatovech. Z\u00e1vod nese n\u00e1zev B\u011bh klatovskou H\u016frkou.<\/p>\n<p><a href=\"http:\/\/www.pro-sport.cz\/sites\/PRO-SPORT.cz\/\/repository\/Beh_Hurkou_2023.pdf\">PROPOZICE Z\u00c1VODU<\/a><\/p>\n<p>&nbsp;<\/p>\n","protected":false},"excerpt":{"rendered":"<p>B\u011b\u017eeck\u00fd poh\u00e1r ml\u00e1de\u017ee pokra\u010doval na Babylon\u011b Start z\u00e1vodu star\u0161\u00edch \u017e\u00e1ky\u0148 &#8211; foto Martina Voz\u00e1rov\u00e1 V sobotu 7. \u0159\u00edjna se p\u0159ehoupl B\u011b\u017eeck\u00fd poh\u00e1r ml\u00e1de\u017ee do sv\u00e9&hellip;<\/p>\n","protected":false},"author":2,"featured_media":3972,"comment_status":"closed","ping_status":"closed","sticky":false,"template":"","format":"standard","meta":{"footnotes":""},"categories":[1],"tags":[],"jetpack_sharing_enabled":true,"jetpack_featured_media_url":"http:\/\/pkas.cz\/wp-content\/uploads\/2023\/10\/blbstzakyne.jpg","_links":{"self":[{"href":"http:\/\/pkas.cz\/index.php?rest_route=\/wp\/v2\/posts\/3971"}],"collection":[{"href":"http:\/\/pkas.cz\/index.php?rest_route=\/wp\/v2\/posts"}],"about":[{"href":"http:\/\/pkas.cz\/index.php?rest_route=\/wp\/v2\/types\/post"}],"author":[{"embeddable":true,"href":"http:\/\/pkas.cz\/index.php?rest_route=\/wp\/v2\/users\/2"}],"replies":[{"embeddable":true,"href":"http:\/\/pkas.cz\/index.php?rest_route=%2Fwp%2Fv2%2Fcomments&post=3971"}],"version-history":[{"count":2,"href":"http:\/\/pkas.cz\/index.php?rest_route=\/wp\/v2\/posts\/3971\/revisions"}],"predecessor-version":[{"id":3974,"href":"http:\/\/pkas.cz\/index.php?rest_route=\/wp\/v2\/posts\/3971\/revisions\/3974"}],"wp:featuredmedia":[{"embeddable":true,"href":"http:\/\/pkas.cz\/index.php?rest_route=\/wp\/v2\/media\/3972"}],"wp:attachment":[{"href":"http:\/\/pkas.cz\/index.php?rest_route=%2Fwp%2Fv2%2Fmedia&parent=3971"}],"wp:term":[{"taxonomy":"category","embeddable":true,"href":"http:\/\/pkas.cz\/index.php?rest_route=%2Fwp%2Fv2%2Fcategories&post=3971"},{"taxonomy":"post_tag","embeddable":true,"href":"http:\/\/pkas.cz\/index.php?rest_route=%2Fwp%2Fv2%2Ftags&post=3971"}],"curies":[{"name":"wp","href":"https:\/\/api.w.org\/{rel}","templated":true}]}}