{"id":3967,"date":"2023-10-01T08:01:55","date_gmt":"2023-10-01T06:01:55","guid":{"rendered":"http:\/\/pkas.cz\/?p=3967"},"modified":"2023-10-01T08:01:55","modified_gmt":"2023-10-01T06:01:55","slug":"mcr-druzstev-starsiho-zactva","status":"publish","type":"post","link":"http:\/\/pkas.cz\/?p=3967","title":{"rendered":"M\u010cR dru\u017estev star\u0161\u00edho \u017eactva"},"content":{"rendered":"<h1>M\u010cR dru\u017estev star\u0161\u00edho \u017eactva<\/h1>\n<p><img loading=\"lazy\" decoding=\"async\" class=\"alignnone  wp-image-3968\" src=\"http:\/\/pkas.cz\/wp-content\/uploads\/2023\/10\/skodaplzenzacky2023-300x225.jpg\" alt=\"\" width=\"519\" height=\"389\" srcset=\"http:\/\/pkas.cz\/wp-content\/uploads\/2023\/10\/skodaplzenzacky2023-300x225.jpg 300w, http:\/\/pkas.cz\/wp-content\/uploads\/2023\/10\/skodaplzenzacky2023-1024x768.jpg 1024w, http:\/\/pkas.cz\/wp-content\/uploads\/2023\/10\/skodaplzenzacky2023-768x576.jpg 768w, http:\/\/pkas.cz\/wp-content\/uploads\/2023\/10\/skodaplzenzacky2023-1536x1152.jpg 1536w, http:\/\/pkas.cz\/wp-content\/uploads\/2023\/10\/skodaplzenzacky2023.jpg 2048w\" sizes=\"(max-width: 519px) 100vw, 519px\" \/><\/p>\n<p>Fotografie AK \u0160KODA Plze\u0148<\/p>\n<p>Na pra\u017esk\u00e9 D\u011bkance vyvrcholilo M\u010cR dru\u017estev\u00a0 \u017eactva, kde n\u00e1\u0161 region m\u011bl zastoupen\u00ed v d\u00edv\u010d\u00edm t\u00fdmu \u0160kody Plze\u0148. D\u011bv\u010data skon\u010dila se ziskem 110 bod\u016f na osm\u00e9m m\u00edst\u011b.<\/p>\n<p>Nejv\u00edce bod\u016f pro t\u00fdm z\u00edskala trojice:<\/p>\n<p><strong>Eli\u0161ka Ma\u0159\u00edkov\u00e1<\/strong> -18 bod\u016f<\/p>\n<p><strong>V\u011bra Hup\u00e1kov\u00e1 a Stella Pa\u0161kov\u00e1<\/strong> po 11 bodech<\/p>\n<p><a href=\"https:\/\/online.atletika.cz\/vysledky\/65818\/1090\">V\u00ddSLEDKY<br \/>\n<\/a><\/p>\n","protected":false},"excerpt":{"rendered":"<p>M\u010cR dru\u017estev star\u0161\u00edho \u017eactva Fotografie AK \u0160KODA Plze\u0148 Na pra\u017esk\u00e9 D\u011bkance vyvrcholilo M\u010cR dru\u017estev\u00a0 \u017eactva, kde n\u00e1\u0161 region m\u011bl zastoupen\u00ed v d\u00edv\u010d\u00edm t\u00fdmu \u0160kody Plze\u0148.&hellip;<\/p>\n","protected":false},"author":2,"featured_media":3968,"comment_status":"closed","ping_status":"closed","sticky":false,"template":"","format":"standard","meta":{"footnotes":""},"categories":[1],"tags":[],"jetpack_sharing_enabled":true,"jetpack_featured_media_url":"http:\/\/pkas.cz\/wp-content\/uploads\/2023\/10\/skodaplzenzacky2023.jpg","_links":{"self":[{"href":"http:\/\/pkas.cz\/index.php?rest_route=\/wp\/v2\/posts\/3967"}],"collection":[{"href":"http:\/\/pkas.cz\/index.php?rest_route=\/wp\/v2\/posts"}],"about":[{"href":"http:\/\/pkas.cz\/index.php?rest_route=\/wp\/v2\/types\/post"}],"author":[{"embeddable":true,"href":"http:\/\/pkas.cz\/index.php?rest_route=\/wp\/v2\/users\/2"}],"replies":[{"embeddable":true,"href":"http:\/\/pkas.cz\/index.php?rest_route=%2Fwp%2Fv2%2Fcomments&post=3967"}],"version-history":[{"count":1,"href":"http:\/\/pkas.cz\/index.php?rest_route=\/wp\/v2\/posts\/3967\/revisions"}],"predecessor-version":[{"id":3969,"href":"http:\/\/pkas.cz\/index.php?rest_route=\/wp\/v2\/posts\/3967\/revisions\/3969"}],"wp:featuredmedia":[{"embeddable":true,"href":"http:\/\/pkas.cz\/index.php?rest_route=\/wp\/v2\/media\/3968"}],"wp:attachment":[{"href":"http:\/\/pkas.cz\/index.php?rest_route=%2Fwp%2Fv2%2Fmedia&parent=3967"}],"wp:term":[{"taxonomy":"category","embeddable":true,"href":"http:\/\/pkas.cz\/index.php?rest_route=%2Fwp%2Fv2%2Fcategories&post=3967"},{"taxonomy":"post_tag","embeddable":true,"href":"http:\/\/pkas.cz\/index.php?rest_route=%2Fwp%2Fv2%2Ftags&post=3967"}],"curies":[{"name":"wp","href":"https:\/\/api.w.org\/{rel}","templated":true}]}}