{"id":3960,"date":"2023-10-01T07:39:52","date_gmt":"2023-10-01T05:39:52","guid":{"rendered":"http:\/\/pkas.cz\/?p=3960"},"modified":"2023-10-01T07:39:52","modified_gmt":"2023-10-01T05:39:52","slug":"mezikrajove-utkani-mladsiho-zactva-tym-plzenskeho-kraje-druhy-2","status":"publish","type":"post","link":"http:\/\/pkas.cz\/?p=3960","title":{"rendered":"Mezikrajov\u00e9 utk\u00e1n\u00ed mlad\u0161\u00edho \u017eactva: T\u00fdm Plze\u0148sk\u00e9ho kraje druh\u00fd"},"content":{"rendered":"<h1>Mezikrajov\u00e9 utk\u00e1n\u00ed mlad\u0161\u00edho \u017eactva: T\u00fdm Plze\u0148sk\u00e9ho kraje druh\u00fd<\/h1>\n<p><img loading=\"lazy\" decoding=\"async\" class=\"alignnone  wp-image-3962\" src=\"http:\/\/pkas.cz\/wp-content\/uploads\/2023\/09\/mezikrajko2023mladsi-300x225.jpg\" alt=\"\" width=\"408\" height=\"306\" srcset=\"http:\/\/pkas.cz\/wp-content\/uploads\/2023\/09\/mezikrajko2023mladsi-300x225.jpg 300w, http:\/\/pkas.cz\/wp-content\/uploads\/2023\/09\/mezikrajko2023mladsi-1024x768.jpg 1024w, http:\/\/pkas.cz\/wp-content\/uploads\/2023\/09\/mezikrajko2023mladsi-768x576.jpg 768w, http:\/\/pkas.cz\/wp-content\/uploads\/2023\/09\/mezikrajko2023mladsi-1536x1152.jpg 1536w, http:\/\/pkas.cz\/wp-content\/uploads\/2023\/09\/mezikrajko2023mladsi.jpg 2048w\" sizes=\"(max-width: 408px) 100vw, 408px\" \/><\/p>\n<p>foto Kate\u0159ina Mar\u0161\u00e1lkov\u00e1<\/p>\n<p>Jihlava na konci sez\u00f3ny hostila Mezikrajov\u00e9 utk\u00e1n\u00ed mlad\u0161\u00edho \u017eactva. T\u00fdm Plze\u0148sk\u00e9ho kraje m\u011bl tentokr\u00e1t siln\u011bj\u0161\u00ed chlapeckou \u010d\u00e1st ne\u017e d\u00edv\u010d\u00ed, p\u0159esto sou\u010dtem obou kategori\u00ed z toho bylo nakonec o bod skv\u011bl\u00e9 druh\u00e9 m\u00edsto. Kdy\u017e chlapci z\u00edskali 17 bod\u016f a d\u00edvky 76 bod\u016f.<\/p>\n<p>P\u0159esv\u011bd\u010div\u011b zv\u00edt\u011bzili St\u0159edo\u010de\u0161i.<\/p>\n<p>Individu\u00e1ln\u011b se da\u0159ilo <strong>Jakubovi Koz\u00e1kovi<\/strong>, kter\u00fd vyhr\u00e1l v\u00fd\u0161ku za 169 cm a byl druh\u00fd za 8,14s (v rozb\u011bhu 8,06s)<\/p>\n<p><strong>Marek Rendl\u00a0 <\/strong>vyhr\u00e1l vrh koul\u00ed 12,24m a byl \u010dtvrt\u00fd v d\u00e1lce za 470cm.<\/p>\n<p><strong>Adam Ko\u0161\u00e1tko<\/strong> vyhr\u00e1l b\u011bh na 800m v \u010dase 2:15,69.<\/p>\n<p><strong>Marek Hrub\u00fd<\/strong> si p\u0159ipsal druh\u00e9 m\u00edsto na 150m za 19,30s a t\u0159et\u00ed na p\u0159ek\u00e1\u017ek\u00e1ch v osobn\u00edm rekordu 9,63s.<\/p>\n<p><strong>Val\u00e9rie Zikmundov\u00e1<\/strong> vyhr\u00e1la vrh koul\u00ed za 11,49m.<\/p>\n<p><a href=\"https:\/\/online.atletika.cz\/vysledky\/70152\/20\">V\u00ddSLEDKY<\/a><\/p>\n<p>&nbsp;<\/p>\n","protected":false},"excerpt":{"rendered":"<p>Mezikrajov\u00e9 utk\u00e1n\u00ed mlad\u0161\u00edho \u017eactva: T\u00fdm Plze\u0148sk\u00e9ho kraje druh\u00fd foto Kate\u0159ina Mar\u0161\u00e1lkov\u00e1 Jihlava na konci sez\u00f3ny hostila Mezikrajov\u00e9 utk\u00e1n\u00ed mlad\u0161\u00edho \u017eactva. T\u00fdm Plze\u0148sk\u00e9ho kraje m\u011bl tentokr\u00e1t&hellip;<\/p>\n","protected":false},"author":2,"featured_media":3962,"comment_status":"closed","ping_status":"closed","sticky":false,"template":"","format":"standard","meta":{"footnotes":""},"categories":[1],"tags":[],"jetpack_sharing_enabled":true,"jetpack_featured_media_url":"http:\/\/pkas.cz\/wp-content\/uploads\/2023\/09\/mezikrajko2023mladsi.jpg","_links":{"self":[{"href":"http:\/\/pkas.cz\/index.php?rest_route=\/wp\/v2\/posts\/3960"}],"collection":[{"href":"http:\/\/pkas.cz\/index.php?rest_route=\/wp\/v2\/posts"}],"about":[{"href":"http:\/\/pkas.cz\/index.php?rest_route=\/wp\/v2\/types\/post"}],"author":[{"embeddable":true,"href":"http:\/\/pkas.cz\/index.php?rest_route=\/wp\/v2\/users\/2"}],"replies":[{"embeddable":true,"href":"http:\/\/pkas.cz\/index.php?rest_route=%2Fwp%2Fv2%2Fcomments&post=3960"}],"version-history":[{"count":2,"href":"http:\/\/pkas.cz\/index.php?rest_route=\/wp\/v2\/posts\/3960\/revisions"}],"predecessor-version":[{"id":3963,"href":"http:\/\/pkas.cz\/index.php?rest_route=\/wp\/v2\/posts\/3960\/revisions\/3963"}],"wp:featuredmedia":[{"embeddable":true,"href":"http:\/\/pkas.cz\/index.php?rest_route=\/wp\/v2\/media\/3962"}],"wp:attachment":[{"href":"http:\/\/pkas.cz\/index.php?rest_route=%2Fwp%2Fv2%2Fmedia&parent=3960"}],"wp:term":[{"taxonomy":"category","embeddable":true,"href":"http:\/\/pkas.cz\/index.php?rest_route=%2Fwp%2Fv2%2Fcategories&post=3960"},{"taxonomy":"post_tag","embeddable":true,"href":"http:\/\/pkas.cz\/index.php?rest_route=%2Fwp%2Fv2%2Ftags&post=3960"}],"curies":[{"name":"wp","href":"https:\/\/api.w.org\/{rel}","templated":true}]}}