{"id":3938,"date":"2023-09-27T19:43:42","date_gmt":"2023-09-27T17:43:42","guid":{"rendered":"http:\/\/pkas.cz\/?p=3938"},"modified":"2023-09-27T19:43:42","modified_gmt":"2023-09-27T17:43:42","slug":"valna-hromada-pkas-2","status":"publish","type":"post","link":"http:\/\/pkas.cz\/?p=3938","title":{"rendered":"Valn\u00e1 hromada PKAS"},"content":{"rendered":"<h1>Valn\u00e1 hromada PKAS<\/h1>\n<p>POZV\u00c1NKA na valnou hromadu Plze\u0148sk\u00e9ho krajsk\u00e9ho atletick\u00e9ho svazu<\/p>\n<p>M\u00edsto kon\u00e1n\u00ed: Plze\u0148 &#8211; Hotel Central, N\u00e1m\u011bst\u00ed Republiky 358\/33<br \/>\nTerm\u00edn: \u010dtvrtek, 2. 11. 2023 od 17 hod<\/p>\n<p>Program:<br \/>\n1. Prezentace a zah\u00e1jen\u00ed<br \/>\n2. Volba p\u0159edsedaj\u00edc\u00edch, mand\u00e1tov\u00e9 komise, n\u00e1vrhov\u00e9 komise<br \/>\n3. Zpr\u00e1va o \u010dinnosti KAS a VV KAS za obdob\u00ed 2022<br \/>\n4. Zpr\u00e1va hospod\u00e1\u0159e KAS za rok 2022 a n\u00e1vrh rozpo\u010dtu na rok 2023<br \/>\n5. Zpr\u00e1va mand\u00e1tov\u00e9 komise<br \/>\n6. Zpr\u00e1va revizora KAS<br \/>\n7. Zpr\u00e1va komise rozhod\u010d\u00edch<br \/>\n8. Diskuse<br \/>\n9. N\u00e1vrh usnesen\u00ed VH<br \/>\n10. Z\u00e1v\u011br<br \/>\n11. Ob\u010derstven\u00ed<\/p>\n<p>Pr\u00e1vo \u00fa\u010dasti na VH maj\u00ed pouze statut\u00e1rn\u00ed z\u00e1stupci klub\u016f, p\u0159\u00edpadn\u011b pov\u011b\u0159en\u00e9 osoby na z\u00e1klad\u011b pln\u00e9<br \/>\nmoci v po\u010dtu dle p\u0159\u00edlohy.<\/p>\n<p>Pozv\u00e1nka ke sta\u017een\u00ed <a href=\"http:\/\/pkas.cz\/wp-content\/uploads\/2023\/09\/Pozvanka_VH_PKAS_2023-1.pdf\">ZDE<\/a>.<\/p>\n<p>Pln\u00e1 moc ke sta\u017een\u00ed <a href=\"http:\/\/pkas.cz\/wp-content\/uploads\/2023\/09\/Plna-moc-VH-KAS-2023-2.doc\">ZDE<\/a>.<\/p>\n<p>Po\u010det AO\/AK: 21 (+1 Atletick\u00fd krou\u017eek)<br \/>\nPo\u010det deleg\u00e1t\u016f: 28<br \/>\nPozvan\u00e9 kluby Plze\u0148sk\u00e9ho KAS:<\/p>\n<p>1. AK \u0160koda Plze\u0148 &#8211; 5 deleg\u00e1t\u016f<br \/>\n2. AC Doma\u017elice, z. s. &#8211; 2 deleg\u00e1ty<br \/>\n3. TJ Ban\u00edk St\u0159\u00edbro, spolek &#8211; 2 deleg\u00e1ty<br \/>\n4. TJ Sokol SG Plze\u0148 &#8211; Pet\u0159\u00edn &#8211; 2 deleg\u00e1ty<br \/>\nOstatn\u00ed kluby v kraji v\u017edy jednoho deleg\u00e1ta:<br \/>\n5. AC Falcon Rokycany z.s.<br \/>\n6. ACK Doma\u017elice, z.s.<br \/>\n7. AKM Viktoria Plze\u0148<br \/>\n8. Aktiv Sport Hor\u0161ovsk\u00fd T\u00fdn, z. s.<br \/>\n9. ATLETCLUB N\u00fd\u0159any, z.s.<br \/>\n10. Atletika Klatovy<br \/>\n11. DDM Kralovice<br \/>\n12. DDM Tachov<br \/>\n13. M\u00cdLA\u0158I Doma\u017elice<br \/>\n14. Plze\u0148sk\u00e1 sportovn\u00ed o.p.s.<br \/>\n15. Rozb\u011bh\u00e1me \u010cesko, z.\u00fa<br \/>\n16. SC MARATHON PLZE\u0147, z.s.<br \/>\n17. \u0160AK p\u0159i Z\u0160 P\u0159e\u0161tice<br \/>\n18. TJ Dob\u0159any z.s.<br \/>\n19. TJ N\u00fdrsko<br \/>\n20. TJ Slavoj Tachov, z. s.<br \/>\n21. TJ Su\u0161ice, z.s.<br \/>\nAKR \u017delezn\u00e1 Ruda (bez hlasovac\u00edho pr\u00e1va)<\/p>\n<p>&nbsp;<\/p>\n<p><img loading=\"lazy\" decoding=\"async\" class=\"wp-image-3945 aligncenter\" src=\"http:\/\/pkas.cz\/wp-content\/uploads\/2023\/09\/logo-KAS-300x181.png\" alt=\"\" width=\"215\" height=\"130\" srcset=\"http:\/\/pkas.cz\/wp-content\/uploads\/2023\/09\/logo-KAS-300x181.png 300w, http:\/\/pkas.cz\/wp-content\/uploads\/2023\/09\/logo-KAS.png 533w\" sizes=\"(max-width: 215px) 100vw, 215px\" \/><\/p>\n","protected":false},"excerpt":{"rendered":"<p>Valn\u00e1 hromada PKAS POZV\u00c1NKA na valnou hromadu Plze\u0148sk\u00e9ho krajsk\u00e9ho atletick\u00e9ho svazu M\u00edsto kon\u00e1n\u00ed: Plze\u0148 &#8211; Hotel Central, N\u00e1m\u011bst\u00ed Republiky 358\/33 Term\u00edn: \u010dtvrtek, 2. 11. 2023&hellip;<\/p>\n","protected":false},"author":3,"featured_media":3945,"comment_status":"closed","ping_status":"closed","sticky":false,"template":"","format":"standard","meta":{"footnotes":""},"categories":[1],"tags":[],"jetpack_sharing_enabled":true,"jetpack_featured_media_url":"http:\/\/pkas.cz\/wp-content\/uploads\/2023\/09\/logo-KAS.png","_links":{"self":[{"href":"http:\/\/pkas.cz\/index.php?rest_route=\/wp\/v2\/posts\/3938"}],"collection":[{"href":"http:\/\/pkas.cz\/index.php?rest_route=\/wp\/v2\/posts"}],"about":[{"href":"http:\/\/pkas.cz\/index.php?rest_route=\/wp\/v2\/types\/post"}],"author":[{"embeddable":true,"href":"http:\/\/pkas.cz\/index.php?rest_route=\/wp\/v2\/users\/3"}],"replies":[{"embeddable":true,"href":"http:\/\/pkas.cz\/index.php?rest_route=%2Fwp%2Fv2%2Fcomments&post=3938"}],"version-history":[{"count":3,"href":"http:\/\/pkas.cz\/index.php?rest_route=\/wp\/v2\/posts\/3938\/revisions"}],"predecessor-version":[{"id":3992,"href":"http:\/\/pkas.cz\/index.php?rest_route=\/wp\/v2\/posts\/3938\/revisions\/3992"}],"wp:featuredmedia":[{"embeddable":true,"href":"http:\/\/pkas.cz\/index.php?rest_route=\/wp\/v2\/media\/3945"}],"wp:attachment":[{"href":"http:\/\/pkas.cz\/index.php?rest_route=%2Fwp%2Fv2%2Fmedia&parent=3938"}],"wp:term":[{"taxonomy":"category","embeddable":true,"href":"http:\/\/pkas.cz\/index.php?rest_route=%2Fwp%2Fv2%2Fcategories&post=3938"},{"taxonomy":"post_tag","embeddable":true,"href":"http:\/\/pkas.cz\/index.php?rest_route=%2Fwp%2Fv2%2Ftags&post=3938"}],"curies":[{"name":"wp","href":"https:\/\/api.w.org\/{rel}","templated":true}]}}