{"id":3933,"date":"2023-09-28T08:17:39","date_gmt":"2023-09-28T06:17:39","guid":{"rendered":"http:\/\/pkas.cz\/?p=3933"},"modified":"2023-09-28T08:17:39","modified_gmt":"2023-09-28T06:17:39","slug":"beh-zelenovem-8-dil-bezeckeho-poharu","status":"publish","type":"post","link":"http:\/\/pkas.cz\/?p=3933","title":{"rendered":"B\u011bh Zelenovem &#8211; 8. d\u00edl B\u011b\u017eeck\u00e9ho poh\u00e1ru"},"content":{"rendered":"<h1>B\u011bh Zelenovem &#8211; 8. d\u00edl B\u011b\u017eeck\u00e9ho poh\u00e1ru<\/h1>\n<p><img loading=\"lazy\" decoding=\"async\" class=\"alignnone  wp-image-3952\" src=\"http:\/\/pkas.cz\/wp-content\/uploads\/2023\/09\/mel-jsem-i-stesti-ale-cas-a-stribrna-medaile-me-tesi-rika-atlet-pergler-02_denik-630-16x9-1-300x169.jpg\" alt=\"\" width=\"444\" height=\"250\" srcset=\"http:\/\/pkas.cz\/wp-content\/uploads\/2023\/09\/mel-jsem-i-stesti-ale-cas-a-stribrna-medaile-me-tesi-rika-atlet-pergler-02_denik-630-16x9-1-300x169.jpg 300w, http:\/\/pkas.cz\/wp-content\/uploads\/2023\/09\/mel-jsem-i-stesti-ale-cas-a-stribrna-medaile-me-tesi-rika-atlet-pergler-02_denik-630-16x9-1.jpg 630w\" sizes=\"(max-width: 444px) 100vw, 444px\" \/><\/p>\n<p>ILUSTRA\u010cN\u00cd FOTO &#8211; zdroj denik.cz<\/p>\n<p>V okol\u00ed Doma\u017elic v prost\u0159ed\u00ed p\u0159\u00edrodn\u00edho parku Zelenov se konal odlo\u017een\u00fd d\u00edl B\u011b\u017eeck\u00e9ho poh\u00e1ru Plze\u0148sk\u00e9ho kraje. B\u011bh zelenovsk\u00fdm \u00fadol\u00edm p\u0159ivedl na start 136 z\u00e1vodn\u00edk\u016f \u00fa\u010dastn\u00edc\u00edch se poh\u00e1ru ml\u00e1de\u017ee.<\/p>\n<p>P\u0159in\u00e1\u0161\u00edme <a href=\"http:\/\/www.pro-sport.cz\/sites\/PRO-SPORT.cz\/\/repository\/V__sledky_B__h_Zelenovsk__m___dol__m_2023.xlsx\">V\u00ddSLEDKY<\/a><\/p>\n<p><a href=\"http:\/\/www.pro-sport.cz\/sites\/PRO-SPORT.cz\/\/repository\/Pr__b____n___po__ad___B____eck__ho_poh__ru_ml__de__e_2023_VIII.xls\">PR\u016eB\u011a\u017dN\u00c9 PO\u0158AD\u00cd POH\u00c1RU<\/a><\/p>\n<p>Poh\u00e1r pokra\u010duje dal\u0161\u00ed zastaven\u00edm 7. \u0159\u00edjna op\u011bt na Doma\u017elicku. Na programu je B\u011bh lesy babylonsk\u00fdmi. Propozice <a href=\"http:\/\/www.pro-sport.cz\/sites\/PRO-SPORT.cz\/repository\/Propozice_B__h_babylonsk__mi_lesy_2023.doc\">ZDE<\/a><\/p>\n<p>&nbsp;<\/p>\n<p>&nbsp;<\/p>\n<p>&nbsp;<\/p>\n","protected":false},"excerpt":{"rendered":"<p>B\u011bh Zelenovem &#8211; 8. d\u00edl B\u011b\u017eeck\u00e9ho poh\u00e1ru ILUSTRA\u010cN\u00cd FOTO &#8211; zdroj denik.cz V okol\u00ed Doma\u017elic v prost\u0159ed\u00ed p\u0159\u00edrodn\u00edho parku Zelenov se konal odlo\u017een\u00fd d\u00edl B\u011b\u017eeck\u00e9ho&hellip;<\/p>\n","protected":false},"author":2,"featured_media":3952,"comment_status":"closed","ping_status":"closed","sticky":false,"template":"","format":"standard","meta":{"footnotes":""},"categories":[1],"tags":[],"jetpack_sharing_enabled":true,"jetpack_featured_media_url":"http:\/\/pkas.cz\/wp-content\/uploads\/2023\/09\/mel-jsem-i-stesti-ale-cas-a-stribrna-medaile-me-tesi-rika-atlet-pergler-02_denik-630-16x9-1.jpg","_links":{"self":[{"href":"http:\/\/pkas.cz\/index.php?rest_route=\/wp\/v2\/posts\/3933"}],"collection":[{"href":"http:\/\/pkas.cz\/index.php?rest_route=\/wp\/v2\/posts"}],"about":[{"href":"http:\/\/pkas.cz\/index.php?rest_route=\/wp\/v2\/types\/post"}],"author":[{"embeddable":true,"href":"http:\/\/pkas.cz\/index.php?rest_route=\/wp\/v2\/users\/2"}],"replies":[{"embeddable":true,"href":"http:\/\/pkas.cz\/index.php?rest_route=%2Fwp%2Fv2%2Fcomments&post=3933"}],"version-history":[{"count":3,"href":"http:\/\/pkas.cz\/index.php?rest_route=\/wp\/v2\/posts\/3933\/revisions"}],"predecessor-version":[{"id":3954,"href":"http:\/\/pkas.cz\/index.php?rest_route=\/wp\/v2\/posts\/3933\/revisions\/3954"}],"wp:featuredmedia":[{"embeddable":true,"href":"http:\/\/pkas.cz\/index.php?rest_route=\/wp\/v2\/media\/3952"}],"wp:attachment":[{"href":"http:\/\/pkas.cz\/index.php?rest_route=%2Fwp%2Fv2%2Fmedia&parent=3933"}],"wp:term":[{"taxonomy":"category","embeddable":true,"href":"http:\/\/pkas.cz\/index.php?rest_route=%2Fwp%2Fv2%2Fcategories&post=3933"},{"taxonomy":"post_tag","embeddable":true,"href":"http:\/\/pkas.cz\/index.php?rest_route=%2Fwp%2Fv2%2Ftags&post=3933"}],"curies":[{"name":"wp","href":"https:\/\/api.w.org\/{rel}","templated":true}]}}