{"id":3931,"date":"2023-09-26T07:54:24","date_gmt":"2023-09-26T05:54:24","guid":{"rendered":"http:\/\/pkas.cz\/?p=3931"},"modified":"2023-09-28T08:21:04","modified_gmt":"2023-09-28T06:21:04","slug":"tereza-hrochova-poprve-ovladla-bechovice","status":"publish","type":"post","link":"http:\/\/pkas.cz\/?p=3931","title":{"rendered":"Tereza Hrochov\u00e1 poprv\u00e9 ovl\u00e1dla B\u011bchovice"},"content":{"rendered":"<h1>Tereza Hrochov\u00e1 poprv\u00e9 ovl\u00e1dla B\u011bchovice<\/h1>\n<p><img loading=\"lazy\" decoding=\"async\" class=\"alignnone size-medium wp-image-3955\" src=\"http:\/\/pkas.cz\/wp-content\/uploads\/2023\/09\/Hrochovabechovice-300x200.jpg\" alt=\"\" width=\"300\" height=\"200\" srcset=\"http:\/\/pkas.cz\/wp-content\/uploads\/2023\/09\/Hrochovabechovice-300x200.jpg 300w, http:\/\/pkas.cz\/wp-content\/uploads\/2023\/09\/Hrochovabechovice-1024x683.jpg 1024w, http:\/\/pkas.cz\/wp-content\/uploads\/2023\/09\/Hrochovabechovice-768x512.jpg 768w, http:\/\/pkas.cz\/wp-content\/uploads\/2023\/09\/Hrochovabechovice-391x260.jpg 391w, http:\/\/pkas.cz\/wp-content\/uploads\/2023\/09\/Hrochovabechovice-1536x1024.jpg 1536w, http:\/\/pkas.cz\/wp-content\/uploads\/2023\/09\/Hrochovabechovice.jpg 1731w\" sizes=\"(max-width: 300px) 100vw, 300px\" \/><\/p>\n<p>Zdroj facebook atletika.cz<\/p>\n<p>Skv\u011bl\u00e9 podm\u00ednky a skv\u011bl\u00e9 p\u0159edstaven\u00ed <strong>Terezy Hrochov\u00e9<\/strong> na nejtradi\u010dn\u011bj\u0161\u00edm z\u00e1vodu v \u010cesk\u00e9 republice. 127. B\u011bchovice suver\u00e9nn\u011b ovl\u00e1dla Ke\u0148a\u0148ka Glorius Jepkirui v nov\u00e9m tra\u0165ov\u00e9m rekordu 32:41.<\/p>\n<p>Terka z\u00edskala prvn\u00ed mistrovsk\u00fd titul na silnici a zab\u011bhla si B\u011bchovick\u00fd osob\u00e1k 33:39, co\u017e je o rovn\u00e9 p\u016fl minuty lep\u0161\u00ed a je historicky p\u00e1tou nejrychlej\u0161\u00ed z\u00e1vodnic\u00ed historie B\u011bchovic!<\/p>\n<p>Jej\u00ed reakci si m\u016f\u017eete poslechnout <a href=\"https:\/\/youtu.be\/fiY16PFXyiY\">ZDE<\/a><\/p>\n<p>I v mu\u017esk\u00e9m z\u00e1vod\u011b byla hned dvojice reprezentant\u016f v TOP 5. Mistrovsk\u00fd hattrick dokonal Martin Zaj\u00edc. Letos byl jeho nejv\u00e1\u017en\u011bj\u0161\u00edm soupe\u0159em <strong>Vladim\u00edr Mar\u010d\u00ed<\/strong>k, jen\u017e byl hlavn\u011b v\u00a0prvn\u00ed polovin\u011b z\u00e1vodu velmi aktivn\u00ed a o tempo se staral p\u0159ev\u00e1\u017en\u011b on. Rozhoduj\u00edc\u00ed okam\u017eik p\u0159i\u0161el t\u011bsn\u011b po polovin\u011b trati v\u00a0n\u00e1b\u011bhu do pov\u011bstn\u00e9ho Hrdlo\u0159ez\u00e1ku, kde Zaj\u00edc sv\u00e9mu soupe\u0159i nastoupil, a ten u\u017e nedok\u00e1zal reagovat. Martin Zaj\u00edc si pak celkem v\u00a0poklidu dob\u011bhl pro t\u0159et\u00ed zlato z\u00a0M\u010cR v\u00a0silni\u010dn\u00edm b\u011bhu v\u00a0\u0159ad\u011b v\u00a0\u010dase 30:06. Mar\u010d\u00edk dos\u00e1hl sv\u00e9ho b\u011bchovick\u00e9ho maxima, kdy\u017e obsadil v\u00a0r\u00e1mci dom\u00e1c\u00edho republikov\u00e9ho \u0161ampion\u00e1tu na st\u0159\u00edbro za 30:18.<\/p>\n<p>\u010ctvrt\u00fd dob\u011bhl dal\u0161\u00ed z\u00e1vodn\u00edk \u0160kodovky <strong>Patrik Vebr<\/strong>, jeho\u017e od medaile d\u011blilo 21 sekund.<\/p>\n<p><a href=\"https:\/\/online.atletika.cz\/vysledky\/65731\">V\u00ddSLEDKY Z B\u011aCHOVIC<\/a>, kde v mistrovsk\u00e9m z\u00e1vod\u011b startovala i \u0159ada dal\u0161\u00edch Z\u00e1pado\u010dech\u016f<\/p>\n","protected":false},"excerpt":{"rendered":"<p>Tereza Hrochov\u00e1 poprv\u00e9 ovl\u00e1dla B\u011bchovice Zdroj facebook atletika.cz Skv\u011bl\u00e9 podm\u00ednky a skv\u011bl\u00e9 p\u0159edstaven\u00ed Terezy Hrochov\u00e9 na nejtradi\u010dn\u011bj\u0161\u00edm z\u00e1vodu v \u010cesk\u00e9 republice. 127. B\u011bchovice suver\u00e9nn\u011b ovl\u00e1dla&hellip;<\/p>\n","protected":false},"author":2,"featured_media":3955,"comment_status":"closed","ping_status":"closed","sticky":false,"template":"","format":"standard","meta":{"footnotes":""},"categories":[1],"tags":[],"jetpack_sharing_enabled":true,"jetpack_featured_media_url":"http:\/\/pkas.cz\/wp-content\/uploads\/2023\/09\/Hrochovabechovice.jpg","_links":{"self":[{"href":"http:\/\/pkas.cz\/index.php?rest_route=\/wp\/v2\/posts\/3931"}],"collection":[{"href":"http:\/\/pkas.cz\/index.php?rest_route=\/wp\/v2\/posts"}],"about":[{"href":"http:\/\/pkas.cz\/index.php?rest_route=\/wp\/v2\/types\/post"}],"author":[{"embeddable":true,"href":"http:\/\/pkas.cz\/index.php?rest_route=\/wp\/v2\/users\/2"}],"replies":[{"embeddable":true,"href":"http:\/\/pkas.cz\/index.php?rest_route=%2Fwp%2Fv2%2Fcomments&post=3931"}],"version-history":[{"count":4,"href":"http:\/\/pkas.cz\/index.php?rest_route=\/wp\/v2\/posts\/3931\/revisions"}],"predecessor-version":[{"id":3957,"href":"http:\/\/pkas.cz\/index.php?rest_route=\/wp\/v2\/posts\/3931\/revisions\/3957"}],"wp:featuredmedia":[{"embeddable":true,"href":"http:\/\/pkas.cz\/index.php?rest_route=\/wp\/v2\/media\/3955"}],"wp:attachment":[{"href":"http:\/\/pkas.cz\/index.php?rest_route=%2Fwp%2Fv2%2Fmedia&parent=3931"}],"wp:term":[{"taxonomy":"category","embeddable":true,"href":"http:\/\/pkas.cz\/index.php?rest_route=%2Fwp%2Fv2%2Fcategories&post=3931"},{"taxonomy":"post_tag","embeddable":true,"href":"http:\/\/pkas.cz\/index.php?rest_route=%2Fwp%2Fv2%2Ftags&post=3931"}],"curies":[{"name":"wp","href":"https:\/\/api.w.org\/{rel}","templated":true}]}}