{"id":3929,"date":"2023-09-28T08:03:01","date_gmt":"2023-09-28T06:03:01","guid":{"rendered":"http:\/\/pkas.cz\/?p=3929"},"modified":"2023-09-28T08:03:01","modified_gmt":"2023-09-28T06:03:01","slug":"mezistatni-utkani-u16-vitezstvi-ondreje-spirocha","status":"publish","type":"post","link":"http:\/\/pkas.cz\/?p=3929","title":{"rendered":"Mezist\u00e1tn\u00ed utk\u00e1n\u00ed U16. V\u00edt\u011bzstv\u00ed OND\u0158EJE \u0160PIROCHA"},"content":{"rendered":"<h1>Mezist\u00e1tn\u00ed utk\u00e1n\u00ed U16. V\u00edt\u011bzstv\u00ed OND\u0158EJE \u0160PIROCHA<\/h1>\n<p><img loading=\"lazy\" decoding=\"async\" class=\"alignnone  wp-image-3950\" src=\"http:\/\/pkas.cz\/wp-content\/uploads\/2023\/09\/mezistatkou16trnava-300x157.jpg\" alt=\"\" width=\"552\" height=\"289\" srcset=\"http:\/\/pkas.cz\/wp-content\/uploads\/2023\/09\/mezistatkou16trnava-300x157.jpg 300w, http:\/\/pkas.cz\/wp-content\/uploads\/2023\/09\/mezistatkou16trnava.jpg 500w\" sizes=\"(max-width: 552px) 100vw, 552px\" \/><\/p>\n<p>Fotozdroj atletika.cz<\/p>\n<p>T\u0159i reprezentanty vyslal n\u00e1\u0161 region na Slovensko na Mezist\u00e1tn\u00ed v\u00edceutk\u00e1n\u00ed \u010cR- Slovensko &#8211; Ma\u010farsko &#8211; Chorvatsko &#8211; Slovinsko.<\/p>\n<p>Da\u0159ilo se <strong>Ond\u0159ejovi \u0160pirochovi<\/strong>, kter\u00fd o n\u011bkolik m\u00e1lo desetinek si vylep\u0161il v b\u011bhu na 3000m \u010das z republikov\u00e9ho \u0161ampion\u00e1tu (9:12,43) a i v Trnav\u011b nena\u0161el v reprezenta\u010dn\u00edm dresu p\u0159emo\u017eitele.<\/p>\n<p>V\u00edt\u011bzn\u00fd dob\u011bh m\u016f\u017eete sledovat ve streamu <a href=\"https:\/\/fb.watch\/nkP-xqVwg_\/\">ZDE<\/a><\/p>\n<p><strong>Jakub \u010cadek\u00a0<\/strong>se ze 60m sprintu musel posunout na stovku, kde zab\u011bhl v\u00fdkon 11,36s.. D\u00e1le dopomohl \u0161tafet\u011b na 4x100m ke druh\u00e9mu m\u00edstu v\u00fdkonem 43,80s.<\/p>\n<p><strong>Ane\u017eka Trhl\u00edkov\u00e1<\/strong> v hodu kladivem obsadila 9. m\u00edsto v\u00fdkonem 40,18m.<\/p>\n<p>Celkov\u011b na\u0161i reprezentanti Mezist\u00e1tn\u00ed utk\u00e1n\u00ed ovl\u00e1dli se ziskem 460.5 bod\u016f. Druh\u00e9 bylo Ma\u010farsko 4324 bod\u016f.<\/p>\n<p>P\u0159in\u00e1\u0161\u00edme i <a href=\"https:\/\/online.atletika.cz\/upload\/trnava%2023.9.2023.pdf\">KOMPLETN\u00cd V\u00ddSLEDKY<\/a><\/p>\n","protected":false},"excerpt":{"rendered":"<p>Mezist\u00e1tn\u00ed utk\u00e1n\u00ed U16. V\u00edt\u011bzstv\u00ed OND\u0158EJE \u0160PIROCHA Fotozdroj atletika.cz T\u0159i reprezentanty vyslal n\u00e1\u0161 region na Slovensko na Mezist\u00e1tn\u00ed v\u00edceutk\u00e1n\u00ed \u010cR- Slovensko &#8211; Ma\u010farsko &#8211; Chorvatsko &#8211;&hellip;<\/p>\n","protected":false},"author":2,"featured_media":3950,"comment_status":"closed","ping_status":"closed","sticky":false,"template":"","format":"standard","meta":{"footnotes":""},"categories":[1],"tags":[],"jetpack_sharing_enabled":true,"jetpack_featured_media_url":"http:\/\/pkas.cz\/wp-content\/uploads\/2023\/09\/mezistatkou16trnava.jpg","_links":{"self":[{"href":"http:\/\/pkas.cz\/index.php?rest_route=\/wp\/v2\/posts\/3929"}],"collection":[{"href":"http:\/\/pkas.cz\/index.php?rest_route=\/wp\/v2\/posts"}],"about":[{"href":"http:\/\/pkas.cz\/index.php?rest_route=\/wp\/v2\/types\/post"}],"author":[{"embeddable":true,"href":"http:\/\/pkas.cz\/index.php?rest_route=\/wp\/v2\/users\/2"}],"replies":[{"embeddable":true,"href":"http:\/\/pkas.cz\/index.php?rest_route=%2Fwp%2Fv2%2Fcomments&post=3929"}],"version-history":[{"count":2,"href":"http:\/\/pkas.cz\/index.php?rest_route=\/wp\/v2\/posts\/3929\/revisions"}],"predecessor-version":[{"id":3951,"href":"http:\/\/pkas.cz\/index.php?rest_route=\/wp\/v2\/posts\/3929\/revisions\/3951"}],"wp:featuredmedia":[{"embeddable":true,"href":"http:\/\/pkas.cz\/index.php?rest_route=\/wp\/v2\/media\/3950"}],"wp:attachment":[{"href":"http:\/\/pkas.cz\/index.php?rest_route=%2Fwp%2Fv2%2Fmedia&parent=3929"}],"wp:term":[{"taxonomy":"category","embeddable":true,"href":"http:\/\/pkas.cz\/index.php?rest_route=%2Fwp%2Fv2%2Fcategories&post=3929"},{"taxonomy":"post_tag","embeddable":true,"href":"http:\/\/pkas.cz\/index.php?rest_route=%2Fwp%2Fv2%2Ftags&post=3929"}],"curies":[{"name":"wp","href":"https:\/\/api.w.org\/{rel}","templated":true}]}}