{"id":3899,"date":"2023-09-20T21:18:33","date_gmt":"2023-09-20T19:18:33","guid":{"rendered":"http:\/\/pkas.cz\/?p=3899"},"modified":"2023-09-21T22:32:27","modified_gmt":"2023-09-21T20:32:27","slug":"informace-a-nominace-k-mezikrajovemu-utkani-mladsiho-zactva","status":"publish","type":"post","link":"http:\/\/pkas.cz\/?p=3899","title":{"rendered":"NOMINACE A INFORMACE k Mezikrajov\u00e9mu utk\u00e1n\u00ed mlad\u0161\u00edho \u017eactva"},"content":{"rendered":"<h1>NOMINACE A INFORMACE k Mezikrajov\u00e9mu utk\u00e1n\u00ed mlad\u0161\u00edho \u017eactva<\/h1>\n<figure id=\"attachment_717\" aria-describedby=\"caption-attachment-717\" style=\"width: 300px\" class=\"wp-caption alignnone\"><img loading=\"lazy\" decoding=\"async\" class=\"size-medium wp-image-717\" src=\"http:\/\/pkas.cz\/wp-content\/uploads\/2020\/01\/PKAS_logo-pr\u016fhledn\u00fd-e1663571776431-300x225.png\" alt=\"logo_new\" width=\"300\" height=\"225\" \/><figcaption id=\"caption-attachment-717\" class=\"wp-caption-text\">Nov\u00e9 logo PKAS<\/figcaption><\/figure>\n<p>V\u00e1\u017een\u00e9 tren\u00e9rky, V\u00e1\u017een\u00ed tren\u00e9\u0159i,<\/p>\n<div><\/div>\n<div>v p\u0159\u00edloze NALEZNETE nominaci za Plze\u0148sk\u00fd kraj na mezikrajov\u00e9 utk\u00e1n\u00ed mlad\u0161\u00edho \u017eactva, kter\u00e9 se uskute\u010dn\u00ed ve \u010dtvrtek 28. 9. 2023 v Jihlav\u011b.<\/div>\n<div><\/div>\n<div><a href=\"http:\/\/pkas.cz\/wp-content\/uploads\/2023\/09\/MLZKY_mezikrajove_utkani_2023-2.pdf\">NOMINACE D\u00cdVKY<\/a><\/div>\n<div><a href=\"http:\/\/pkas.cz\/wp-content\/uploads\/2023\/09\/MLZCI_mezikrajove_utkani_2023-2.pdf\">NOMINACE HO\u0160I<\/a><\/div>\n<div><\/div>\n<div>Propozice k z\u00e1vodu:\u00a0<a href=\"https:\/\/online.atletika.cz\/Propozice\/propozice\/70152\" target=\"_blank\" rel=\"noopener\">https:\/\/online.atletika.cz\/Propozice\/propozice\/70152<\/a><\/div>\n<div><\/div>\n<div>Pros\u00edm o potvrzen\u00ed \u00fa\u010dasti Va\u0161ich sv\u011b\u0159enc\u016f do pond\u011bl\u00ed 18. 9.:<\/div>\n<div>za kategorii mlad\u0161\u00edch \u017e\u00e1ky\u0148\u00a0zodpov\u00edd\u00e1\u00a0Kate\u0159ina Mar\u0161\u00e1lkov\u00e1 (<a href=\"mailto:marsalkova.katerina@atlas.cz\" target=\"_blank\" rel=\"noopener\">marsalkova.katerina@atlas.cz<\/a>),<\/div>\n<div>ohledn\u011b kategorie mlad\u0161\u00edch \u017e\u00e1k\u016f se obracejte na m\u011b (<a href=\"mailto:benesovaden@gmail.com\" target=\"_blank\" rel=\"noopener\">benesovaden@gmail.com<\/a>).<\/div>\n<div><\/div>\n<div>V p\u0159\u00edpad\u011b jak\u00fdchkoliv dotaz\u016f n\u00e1s nev\u00e1hejte kontaktovat.<\/div>\n<div><\/div>\n<div>Na z\u00e1vod se pojede spole\u010dn\u00fdm autobusem v\u00a0 7:30 z parkovi\u0161t\u011b u stadionu AK \u0160koda Plze\u0148.<\/div>\n<div>Z\u00e1vodn\u00edk\u016fm bude na z\u00e1vod prop\u016fj\u010den horn\u00ed d\u00edl dresu Plze\u0148sk\u00e9ho kraje, ostatn\u00ed vybaven\u00ed je t\u0159eba m\u00edt sv\u00e9 (spodn\u00ed d\u00edl dresu, oble\u010den\u00ed na rozcvi\u010den\u00ed, tretry, botasky, &#8230;).<\/div>\n<div><\/div>\n<div>Budeme r\u00e1dy za \u00fa\u010dast osobn\u00edch tren\u00e9r\u016f. T\u011b\u0161\u00edme se spole\u010dn\u00e9 sportovn\u00ed z\u00e1\u017eitky!<\/div>\n<div>\n<p>&nbsp;<\/p>\n<div>\n<div class=\"-wm-gmail_signature\" dir=\"ltr\">\n<div dir=\"ltr\">\n<p>S pozdravem<\/p>\n<div>Denisa Bene\u0161ov\u00e1 (tel. 774 624 224)<\/div>\n<\/div>\n<\/div>\n<\/div>\n<\/div>\n","protected":false},"excerpt":{"rendered":"<p>NOMINACE A INFORMACE k Mezikrajov\u00e9mu utk\u00e1n\u00ed mlad\u0161\u00edho \u017eactva V\u00e1\u017een\u00e9 tren\u00e9rky, V\u00e1\u017een\u00ed tren\u00e9\u0159i, v p\u0159\u00edloze NALEZNETE nominaci za Plze\u0148sk\u00fd kraj na mezikrajov\u00e9 utk\u00e1n\u00ed mlad\u0161\u00edho \u017eactva, kter\u00e9&hellip;<\/p>\n","protected":false},"author":2,"featured_media":717,"comment_status":"closed","ping_status":"closed","sticky":false,"template":"","format":"standard","meta":{"footnotes":""},"categories":[1],"tags":[],"jetpack_sharing_enabled":true,"jetpack_featured_media_url":"http:\/\/pkas.cz\/wp-content\/uploads\/2020\/01\/PKAS_logo-pr\u016fhledn\u00fd.png","_links":{"self":[{"href":"http:\/\/pkas.cz\/index.php?rest_route=\/wp\/v2\/posts\/3899"}],"collection":[{"href":"http:\/\/pkas.cz\/index.php?rest_route=\/wp\/v2\/posts"}],"about":[{"href":"http:\/\/pkas.cz\/index.php?rest_route=\/wp\/v2\/types\/post"}],"author":[{"embeddable":true,"href":"http:\/\/pkas.cz\/index.php?rest_route=\/wp\/v2\/users\/2"}],"replies":[{"embeddable":true,"href":"http:\/\/pkas.cz\/index.php?rest_route=%2Fwp%2Fv2%2Fcomments&post=3899"}],"version-history":[{"count":4,"href":"http:\/\/pkas.cz\/index.php?rest_route=\/wp\/v2\/posts\/3899\/revisions"}],"predecessor-version":[{"id":3913,"href":"http:\/\/pkas.cz\/index.php?rest_route=\/wp\/v2\/posts\/3899\/revisions\/3913"}],"wp:featuredmedia":[{"embeddable":true,"href":"http:\/\/pkas.cz\/index.php?rest_route=\/wp\/v2\/media\/717"}],"wp:attachment":[{"href":"http:\/\/pkas.cz\/index.php?rest_route=%2Fwp%2Fv2%2Fmedia&parent=3899"}],"wp:term":[{"taxonomy":"category","embeddable":true,"href":"http:\/\/pkas.cz\/index.php?rest_route=%2Fwp%2Fv2%2Fcategories&post=3899"},{"taxonomy":"post_tag","embeddable":true,"href":"http:\/\/pkas.cz\/index.php?rest_route=%2Fwp%2Fv2%2Ftags&post=3899"}],"curies":[{"name":"wp","href":"https:\/\/api.w.org\/{rel}","templated":true}]}}