{"id":3893,"date":"2023-09-20T21:07:59","date_gmt":"2023-09-20T19:07:59","guid":{"rendered":"http:\/\/pkas.cz\/?p=3893"},"modified":"2023-09-20T21:07:59","modified_gmt":"2023-09-20T19:07:59","slug":"tereza-hrochova-vitezkou-euroheroes","status":"publish","type":"post","link":"http:\/\/pkas.cz\/?p=3893","title":{"rendered":"TEREZA HROCHOV\u00c1 V\u00cdT\u011aZKOU EUROHEROES"},"content":{"rendered":"<h1>TEREZA HROCHOV\u00c1 V\u00cdT\u011aZKOU EUROHEROES<\/h1>\n<p>ZDROJ ATLETIKA.CZ<\/p>\n<p class=\"article-detail__annotation\">Tereza Hrochov\u00e1 a Dami\u00e1n V\u00edch byli druz\u00ed p\u0159i presti\u017en\u00edm p\u016flmaratonu v \u00dast\u00ed nad Labem. V\u00edt\u011bzstv\u00ed zde slavili Ukrajinka Valeria Zinenko a N\u011bmec Sebastian Hendel. Ten je i celkov\u00fdm v\u00edt\u011bzem s\u00e9rie EuroHeroes, mezi \u017eenami triumfovala Hrochov\u00e1, kter\u00e1 bude hlavn\u00ed hv\u011bzdou ned\u011bln\u00edch B\u011bchovic.<\/p>\n<div class=\"article-detail__content\">\n<h4>V\u00cdCH\u016eV POVEDEN\u00dd DEBUT<\/h4>\n<p>Rovinat\u00e1 tra\u0165 v \u00dast\u00ed nad Labem slibovala rychl\u00e9 \u010dasy, ale ostr\u00e9 slun\u00ed\u010dko v\u00a0z\u00e1\u0159ijov\u00e9m odpoledn\u00ed bylo proti (startovalo se v\u00a015 hodin). S n\u00e1ro\u010dn\u00fdmi podm\u00ednkami se nejl\u00e9pe vyrovnal n\u011bmeck\u00fd z\u00e1vodn\u00edk Sebastian Hendel (1:05:16).\u00a0<em>\u201eHodn\u011b t\u011b\u017ek\u00fd z\u00e1vod. Doufal jsem v mnohem lep\u0161\u00ed \u010das, ale podm\u00ednky byly opravdu n\u00e1ro\u010dn\u00e9, tak\u017ee jsem r\u00e1d, \u017ee jsem v c\u00edli a mohu slavit v\u00edt\u011bzstv\u00ed. K tomu mi pomohla i par\u00e1dn\u00ed atmosf\u00e9ra kolem trati,<\/em>\u201c \u0159ekl Hendel.<\/p>\n<p><img loading=\"lazy\" decoding=\"async\" class=\"cntr\" src=\"https:\/\/www.atletika.cz\/public\/galleries\/99\/98369\/_thbs_\/600X400__usti_vich.jpg?0618059deaf5c248c485761bfbb8db12\" width=\"600\" height=\"400\" \/><\/p>\n<p>O 54 vte\u0159in za n\u00edm v \u010dase 1:06:10 dob\u011bhl k radosti dom\u00e1c\u00edch fanou\u0161k\u016f Dami\u00e1n V\u00edch, pro n\u011bho\u017e to byla p\u016flmaratonsk\u00e1 premi\u00e9ra.\u00a0<em>\u201eDruhou p\u016flku z\u00e1vodu jsem dost um\u00edral. V tomhle teple to bylo t\u011b\u017ek\u00e9, od \u010dtrn\u00e1ct\u00e9ho kilometru to byl pro v\u0161echny boj o \u017eivot,\u201c<\/em>\u00a0popsal reprezentant RunCzech Racing t\u00fdmu. \u201e<em>Jsem ale nadm\u00edru spokojen\u00fd a stra\u0161n\u011b r\u00e1d. Porazil jsem hodn\u011b kvalitn\u00edch soupe\u0159\u016f, \u010das nebyl \u00fapln\u011b stoprocentn\u00ed, ale v tomhle po\u010das\u00ed jsem ud\u011blal maximum.\u201c<\/em><\/p>\n<p>T\u0159et\u00edm mu\u017eem v\u00a0c\u00edli byl Loty\u0161 Dmitrijs Serjogins s \u010dasem 1:06:26. Jako druh\u00fd \u010cech a celkov\u011b dev\u00e1t\u00fd skon\u010dil Ji\u0159\u00ed Homol\u00e1\u010d (1:09:37), hned za n\u00edm v\u00a0po\u0159ad\u00ed byl Ond\u0159ej Fejfar (1:10:17).<\/p>\n<h4>HROCHOV\u00c1 \u0160EST VTE\u0158IN ZA V\u00cdT\u011aZKOU<\/h4>\n<p>Mezi \u017eenami dominovala s \u010dasem 1:13:43 Ukrajinka Valeriia Zinenko.\u00a0<em>\u201eJsem \u0161\u0165astn\u00e1, \u017ee se mi povedlo zv\u00edt\u011bzit. Ka\u017ed\u00fd krok byl pro m\u011b stra\u0161n\u011b t\u011b\u017ek\u00fd. Bojovala jsem sama se sebou, ani nev\u00edm, jak jsem to dob\u011bhla,\u201c<\/em>\u00a0uvedla \u0161ampionka.<\/p>\n<p><img loading=\"lazy\" decoding=\"async\" class=\"alignnone size-medium wp-image-3894\" src=\"http:\/\/pkas.cz\/wp-content\/uploads\/2023\/09\/600X400__usti_hrochova-300x200.jpg\" alt=\"\" width=\"300\" height=\"200\" srcset=\"http:\/\/pkas.cz\/wp-content\/uploads\/2023\/09\/600X400__usti_hrochova-300x200.jpg 300w, http:\/\/pkas.cz\/wp-content\/uploads\/2023\/09\/600X400__usti_hrochova-391x260.jpg 391w, http:\/\/pkas.cz\/wp-content\/uploads\/2023\/09\/600X400__usti_hrochova.jpg 600w\" sizes=\"(max-width: 300px) 100vw, 300px\" \/><\/p>\n<p>Na paty j\u00ed nejv\u00edc \u0161lapala Tereza Hrochov\u00e1 (1:13:49).\u00a0<em>\u201eBylo fakt vedro, tak\u017ee moc t\u011b\u017ek\u00fd z\u00e1vod. Zkou\u0161ela jsem Valerii dob\u011bhnout, jednu chv\u00edli to vypadalo, \u017ee sotva zved\u00e1 nohy, ale pak zrychlila a ne\u0161lo to. S\u00a0um\u00edst\u011bn\u00edm jsem moc spokojen\u00e1,\u201c<\/em>\u00a0radovala se Hrochov\u00e1.<\/p>\n<p>T\u0159et\u00ed \u017eenou celkov\u00e9ho po\u0159ad\u00ed byla Aleksandra Lisowska z Polska (1:15:18). \u010cesk\u00e9 stupn\u011b v\u00edt\u011bz\u016f za Hrochovou doplnily Tereza Jago\u0161ov\u00e1 (1:21:59) a Silvie Valov\u00e1 (1:23:05).<\/p>\n<h4>EVROPSK\u00ddMI HRDINY HROCHOV\u00c1 A HENDEL<\/h4>\n<p>V posledn\u00edm leto\u0161n\u00edm z\u00e1vod\u011b s\u00e9rie EuroHeroes, jeho\u017e c\u00edlem je podpo\u0159it a rozv\u00edjet talenty evropsk\u00e9 atletiky, \u0161lo o celkov\u00e9 v\u00edt\u011bzstv\u00ed a rozhodovalo se na trati z\u00e1vodu. Kr\u00e1lem presti\u017en\u00edho b\u011b\u017eeck\u00e9ho seri\u00e1lu, do kter\u00e9ho se zapo\u010d\u00edt\u00e1vaj\u00ed v\u00fdsledky z Mattoni 1\/2Maraton\u016f v Karlov\u00fdch Varech, \u010cesk\u00fdch Bud\u011bjovic\u00edch, Olomouci a \u00dast\u00ed nad Labem, se stal N\u011bmec Sebastian Hendel, mezi \u017eenami byla v hodnocen\u00ed nejlep\u0161\u00ed Tereza Hrochov\u00e1, co\u017e je velk\u00fdm \u00fasp\u011bchem pro v\u0161estrann\u011b nadanou \u010deskou b\u011b\u017ekyni. Ocen\u011bn\u00ed p\u0159ijali oba v\u00edt\u011bzov\u00e9 z rukou Marka Vasi\u010de, \u0159editele b\u011b\u017eeck\u00e9 sekce Evropsk\u00e9 atletiky, na slavnostn\u00edm vyhl\u00e1\u0161en\u00ed v\u00a0hotelu V\u011btru\u0161e.<\/p>\n<h4>DVA TIS\u00cdCE NA P\u016eLMARATONU, DAL\u0160\u00cd STOVKY V\u00a0DOPROVODN\u00ddCH B\u011aZ\u00cdCH<\/h4>\n<p><em>\u201eV\u011b\u0159\u00edm, \u017ee t\u0159in\u00e1ct\u00fd ro\u010dn\u00edk Mattoni 1\/2Maratonu \u00dast\u00ed nad Labem si v\u0161ichni i p\u0159es nezvykle tepl\u00e9 po\u010das\u00ed u\u017eili. D\u011bkuju v\u0161em za skv\u011blou atmosf\u00e9ru a u\u017e se t\u011b\u0161\u00edm na p\u0159\u00ed\u0161t\u011b,\u201c<\/em>\u00a0prohl\u00e1sil prezident organiza\u010dn\u00edho v\u00fdboru RunCzech Carlo Capalbo.<\/p>\n<p>Sobotn\u00ed b\u011b\u017eeck\u00fd sv\u00e1tek odstartoval na M\u00edrov\u00e9m n\u00e1m\u011bst\u00ed u\u017e v 10 hodin, program otev\u0159ela dm rodinn\u00e1 m\u00edle, v jednu hodinu pak SPOLCHEMIE \u010cesk\u00fd poh\u00e1r v para cyklistice pod z\u00e1\u0161titou \u010cesk\u00e9ho svazu cyklistiky, v kategori\u00edch handbike a tricykl. Ve t\u0159i hodiny zazn\u011bl startovn\u00ed v\u00fdst\u0159el hlavn\u00edho z\u00e1vodu, kter\u00e9ho se \u00fa\u010dastnilo t\u00e9m\u011b\u0159 dva tis\u00edce b\u011b\u017ec\u016f, dal\u0161\u00ed stovky si u\u017eily rodinn\u00e9 b\u011bhy.<\/p>\n<p><a href=\"https:\/\/www.atletika.cz\/public\/galleries\/99\/98368\/usti_start.jpg?f82926954280e896d97a8de372a2256e\"><img loading=\"lazy\" decoding=\"async\" class=\"cntr\" src=\"https:\/\/www.atletika.cz\/public\/galleries\/99\/98368\/_thbs_\/600X400__usti_start.jpg?78f07e8f58d05b3c4dfe0a4ce80368b8\" width=\"600\" height=\"400\" \/><\/a><\/p>\n<\/div>\n","protected":false},"excerpt":{"rendered":"<p>TEREZA HROCHOV\u00c1 V\u00cdT\u011aZKOU EUROHEROES ZDROJ ATLETIKA.CZ Tereza Hrochov\u00e1 a Dami\u00e1n V\u00edch byli druz\u00ed p\u0159i presti\u017en\u00edm p\u016flmaratonu v \u00dast\u00ed nad Labem. V\u00edt\u011bzstv\u00ed zde slavili Ukrajinka Valeria&hellip;<\/p>\n","protected":false},"author":2,"featured_media":3894,"comment_status":"closed","ping_status":"closed","sticky":false,"template":"","format":"standard","meta":{"footnotes":""},"categories":[1],"tags":[],"jetpack_sharing_enabled":true,"jetpack_featured_media_url":"http:\/\/pkas.cz\/wp-content\/uploads\/2023\/09\/600X400__usti_hrochova.jpg","_links":{"self":[{"href":"http:\/\/pkas.cz\/index.php?rest_route=\/wp\/v2\/posts\/3893"}],"collection":[{"href":"http:\/\/pkas.cz\/index.php?rest_route=\/wp\/v2\/posts"}],"about":[{"href":"http:\/\/pkas.cz\/index.php?rest_route=\/wp\/v2\/types\/post"}],"author":[{"embeddable":true,"href":"http:\/\/pkas.cz\/index.php?rest_route=\/wp\/v2\/users\/2"}],"replies":[{"embeddable":true,"href":"http:\/\/pkas.cz\/index.php?rest_route=%2Fwp%2Fv2%2Fcomments&post=3893"}],"version-history":[{"count":1,"href":"http:\/\/pkas.cz\/index.php?rest_route=\/wp\/v2\/posts\/3893\/revisions"}],"predecessor-version":[{"id":3895,"href":"http:\/\/pkas.cz\/index.php?rest_route=\/wp\/v2\/posts\/3893\/revisions\/3895"}],"wp:featuredmedia":[{"embeddable":true,"href":"http:\/\/pkas.cz\/index.php?rest_route=\/wp\/v2\/media\/3894"}],"wp:attachment":[{"href":"http:\/\/pkas.cz\/index.php?rest_route=%2Fwp%2Fv2%2Fmedia&parent=3893"}],"wp:term":[{"taxonomy":"category","embeddable":true,"href":"http:\/\/pkas.cz\/index.php?rest_route=%2Fwp%2Fv2%2Fcategories&post=3893"},{"taxonomy":"post_tag","embeddable":true,"href":"http:\/\/pkas.cz\/index.php?rest_route=%2Fwp%2Fv2%2Ftags&post=3893"}],"curies":[{"name":"wp","href":"https:\/\/api.w.org\/{rel}","templated":true}]}}