{"id":3885,"date":"2023-09-20T20:44:02","date_gmt":"2023-09-20T18:44:02","guid":{"rendered":"http:\/\/pkas.cz\/?p=3885"},"modified":"2023-09-20T21:09:53","modified_gmt":"2023-09-20T19:09:53","slug":"omd-druzstev-dospelych-a-ucastnici-baraze","status":"publish","type":"post","link":"http:\/\/pkas.cz\/?p=3885","title":{"rendered":"OMD dru\u017estev dosp\u011bl\u00fdch a \u00fa\u010dastn\u00edci bar\u00e1\u017ee"},"content":{"rendered":"<h1><strong>OMD dru\u017estev dosp\u011bl\u00fdch a \u00fa\u010dastn\u00edci bar\u00e1\u017ee<\/strong><\/h1>\n<p><img loading=\"lazy\" decoding=\"async\" class=\"alignnone size-medium wp-image-3896\" src=\"http:\/\/pkas.cz\/wp-content\/uploads\/2023\/09\/ZENY2023-300x213.jpg\" alt=\"\" width=\"300\" height=\"213\" srcset=\"http:\/\/pkas.cz\/wp-content\/uploads\/2023\/09\/ZENY2023-300x213.jpg 300w, http:\/\/pkas.cz\/wp-content\/uploads\/2023\/09\/ZENY2023-1024x727.jpg 1024w, http:\/\/pkas.cz\/wp-content\/uploads\/2023\/09\/ZENY2023-768x545.jpg 768w, http:\/\/pkas.cz\/wp-content\/uploads\/2023\/09\/ZENY2023.jpg 1096w\" sizes=\"(max-width: 300px) 100vw, 300px\" \/><\/p>\n<p>FOTOZDROJ AKTIV SPORT HOR\u0160OVSK\u00dd T\u00ddN<\/p>\n<p>V sobotu 16.9. se v Su\u0161ici uskute\u010dnilo t\u0159et\u00ed kolo OMD dosp\u011bl\u00fdch. P\u0159in\u00e1\u0161\u00edme<\/p>\n<p><a href=\"https:\/\/online.atletika.cz\/vysledky\/69415\">V\u00ddSLEDKY<\/a><\/p>\n<p><a href=\"http:\/\/pkas.cz\/wp-content\/uploads\/2023\/09\/zpravodaj-c.-3-2023.pdf\">ZPRAVODAJ \u0154P<\/a><\/p>\n<p>Z v\u00edt\u011bzstv\u00ed v z\u00e1kladn\u00ed \u010d\u00e1sti a postupu bar\u00e1\u017ee se raduj\u00ed t\u00fdmy mu\u017e\u016f z N\u00fd\u0159an a \u017een z Hor\u0161ovsk\u00e9ho T\u00fdna.\u00a0 Z Karlovarsk\u00e9ho kraje byly nejlep\u0161\u00ed t\u00fdmy z \u0160AKu Chodov, ty se ale prol\u00ednac\u00ed sout\u011b\u017ee nez\u00fa\u010dastn\u00ed.<\/p>\n<p>Bar\u00e1\u017e o 2. ligu se tentokr\u00e1t kon\u00e1 28. z\u00e1\u0159\u00ed u v\u00edt\u011bz\u016f z Libereck\u00e9ho kraje v Rumburku a z\u00fa\u010dastn\u00ed se j\u00ed je\u0161t\u011b \u017eeny Atletiky Klatovy, kter\u00e9 budou obhajovat \u00fa\u010dast ve druh\u00e9 lize.<\/p>\n<p><a href=\"https:\/\/www.atletika.cz\/_sys_\/FileStorage\/download\/19\/18907\/ucastnici-baraz-o-ii-ligu.pdf\">P\u0158EHLED \u00da\u010cASTN\u00cdK\u016e BAR\u00c1\u017dE<\/a><\/p>\n","protected":false},"excerpt":{"rendered":"<p>OMD dru\u017estev dosp\u011bl\u00fdch a \u00fa\u010dastn\u00edci bar\u00e1\u017ee FOTOZDROJ AKTIV SPORT HOR\u0160OVSK\u00dd T\u00ddN V sobotu 16.9. se v Su\u0161ici uskute\u010dnilo t\u0159et\u00ed kolo OMD dosp\u011bl\u00fdch. P\u0159in\u00e1\u0161\u00edme V\u00ddSLEDKY ZPRAVODAJ&hellip;<\/p>\n","protected":false},"author":2,"featured_media":3896,"comment_status":"closed","ping_status":"closed","sticky":false,"template":"","format":"standard","meta":{"footnotes":""},"categories":[1],"tags":[],"jetpack_sharing_enabled":true,"jetpack_featured_media_url":"http:\/\/pkas.cz\/wp-content\/uploads\/2023\/09\/ZENY2023.jpg","_links":{"self":[{"href":"http:\/\/pkas.cz\/index.php?rest_route=\/wp\/v2\/posts\/3885"}],"collection":[{"href":"http:\/\/pkas.cz\/index.php?rest_route=\/wp\/v2\/posts"}],"about":[{"href":"http:\/\/pkas.cz\/index.php?rest_route=\/wp\/v2\/types\/post"}],"author":[{"embeddable":true,"href":"http:\/\/pkas.cz\/index.php?rest_route=\/wp\/v2\/users\/2"}],"replies":[{"embeddable":true,"href":"http:\/\/pkas.cz\/index.php?rest_route=%2Fwp%2Fv2%2Fcomments&post=3885"}],"version-history":[{"count":3,"href":"http:\/\/pkas.cz\/index.php?rest_route=\/wp\/v2\/posts\/3885\/revisions"}],"predecessor-version":[{"id":3898,"href":"http:\/\/pkas.cz\/index.php?rest_route=\/wp\/v2\/posts\/3885\/revisions\/3898"}],"wp:featuredmedia":[{"embeddable":true,"href":"http:\/\/pkas.cz\/index.php?rest_route=\/wp\/v2\/media\/3896"}],"wp:attachment":[{"href":"http:\/\/pkas.cz\/index.php?rest_route=%2Fwp%2Fv2%2Fmedia&parent=3885"}],"wp:term":[{"taxonomy":"category","embeddable":true,"href":"http:\/\/pkas.cz\/index.php?rest_route=%2Fwp%2Fv2%2Fcategories&post=3885"},{"taxonomy":"post_tag","embeddable":true,"href":"http:\/\/pkas.cz\/index.php?rest_route=%2Fwp%2Fv2%2Ftags&post=3885"}],"curies":[{"name":"wp","href":"https:\/\/api.w.org\/{rel}","templated":true}]}}