{"id":3882,"date":"2023-09-20T20:17:08","date_gmt":"2023-09-20T18:17:08","guid":{"rendered":"http:\/\/pkas.cz\/?p=3882"},"modified":"2023-09-20T20:18:00","modified_gmt":"2023-09-20T18:18:00","slug":"kardiobeh-dalsi-dil-bezeckeho-poharu-mladeze","status":"publish","type":"post","link":"http:\/\/pkas.cz\/?p=3882","title":{"rendered":"Kardiob\u011bh &#8211; dal\u0161\u00ed d\u00edl B\u011b\u017eeck\u00e9ho poh\u00e1ru ml\u00e1de\u017ee"},"content":{"rendered":"<h1>Kardiob\u011bh &#8211; dal\u0161\u00ed d\u00edl B\u011b\u017eeck\u00e9ho poh\u00e1ru ml\u00e1de\u017ee<\/h1>\n<figure id=\"attachment_717\" aria-describedby=\"caption-attachment-717\" style=\"width: 300px\" class=\"wp-caption alignnone\"><img loading=\"lazy\" decoding=\"async\" class=\"size-medium wp-image-717\" src=\"http:\/\/pkas.cz\/wp-content\/uploads\/2020\/01\/PKAS_logo-pr\u016fhledn\u00fd-e1663571776431-300x225.png\" alt=\"logo_new\" width=\"300\" height=\"225\" \/><figcaption id=\"caption-attachment-717\" class=\"wp-caption-text\">Nov\u00e9 logo PKAS<\/figcaption><\/figure>\n<p>V ned\u011bli 17. z\u00e1\u0159\u00ed se v Plzni uskute\u010dnil 16. ro\u010dn\u00edk Plze\u0148sk\u00e9ho kardiob\u011bhu. Tato obl\u00edben\u00e1 akce se kon\u00e1 v plze\u0148sk\u00e9 \u010dtvrti Roudn\u00e1. Trat\u011b z\u00e1vodu vedou v okol\u00ed Fakultn\u00ed nemocnice a pod\u00e9l \u0159eky M\u017ee. Na start se za tepl\u00e9ho po\u010das\u00ed postavilo 269 b\u011b\u017ec\u016f v\u0161ech v\u011bkov\u00fdch kategori\u00ed. D\u011bt\u00ed, kter\u00e9 sout\u011b\u017eily v r\u00e1mci B\u011b\u017eeck\u00e9ho poh\u00e1ru ml\u00e1de\u017ee Plze\u0148sk\u00e9ho kraje, bylo 173. Tra\u0165 5,8 km b\u011b\u017eelo 63 b\u011b\u017ec\u016f a tra\u0165 9 km 33 b\u011b\u017ec\u016f. D\u011bti b\u011b\u017eely na trat\u00edch 300 m, 750 m a 1,7 km. V\u00edt\u011bzi jednotliv\u00fdch kategori\u00ed se stali Nikolas \u0160tich, Veronika Heroutov\u00e1 (oba \u0160AK p\u0159i Z\u0160 P\u0159e\u0161tice), Jakub Weber, Johana Haj\u0161manov\u00e1, Jaroslav Vyhnal, Tereza \u0160turmov\u00e1 (v\u0161ichni TJ Sokol SG Plze\u0148-Pet\u0159\u00edn), Adam Soukup (Aktiv Sport Hor\u0161ovsk\u00fd T\u00fdn), Daniela Beranov\u00e1 (M\u00edla\u0159i Doma\u017elice), Vojt\u011bch Ko\u017eeluh, Veronika B\u0159\u00edzov\u00e1 (oba AK \u0160koda Plze\u0148), Tom\u00e1\u0161 Kraus (TJ Sokol SG Plze\u0148-Pet\u0159\u00edn) a Lucie Pernicov\u00e1 (AK \u0160koda Plze\u0148). V z\u00e1vod\u011b na 5,8 km zv\u00edt\u011bzil v \u010dase 20:30 min V\u00e1clav Beran z AK \u0160koda Plze\u0148 p\u0159ed sv\u00fdm t\u00fdmov\u00fdm kolegou Davidem \u0160pale (21:14 min) a Janem Riegelem z Dob\u0159an (22:54 min). Nejrychlej\u0161\u00ed \u017eenou byla Barbora \u0160turmov\u00e1 z Forrest Gump teamu, kter\u00e1 z\u00e1rove\u0148 dob\u011bhla na 7. m\u00edst\u011b v absolutn\u00edm po\u0159ad\u00ed v \u010dase 24:20 min. Druh\u00e1 Martina Karasov\u00e1 z Plzn\u011b dob\u011bhla v \u010dase 28:38 min. T\u0159et\u00ed skon\u010dila Michaela Starin\u010d\u00e1kov\u00e1 (Plze\u0148 Vtahu) v \u010dase 29:56 min. V\u00edt\u011bzi jednotliv\u00fdch kategorii se stali V\u00e1clav Beran, Jan Riegel, Karel \u010cern\u00fd (Atmos Chr\u00e1st), Franti\u0161ek \u0160ika (AC Trial Plze\u0148), Vlastimil Kubal (Stod), Michaela Starin\u010d\u00e1kov\u00e1, Barbora \u0160turmov\u00e1, Renata Jav\u016frkov\u00e1 a Jindra Zah\u00e1lkov\u00e1 (KB Chlum\u010dany). Z\u00e1vod na 9 km suver\u00e9nn\u011b vyhr\u00e1l Luk\u00e1\u0161 Kr\u00fdsl z AC Doma\u017elice v \u010dase 33:47 min. Druh\u00fd dob\u011bhl V\u00e1clav Lorenc z Fitness Luby v \u010dase 36:09 min a t\u0159et\u00ed Karel Jukl (SV St\u0159\u00edbro) v \u010dase 36:19 min. Mezi \u017eenami zv\u00edt\u011bzila Kate\u0159ina B\u0159achov\u00e1 v \u010dase 46:05 min p\u0159ed M\u00ed\u0161ou Ludmilou Kub\u00edkovou (TJ Sokol Tou\u0161kov) v \u010dase 49:25 min a Petrou K\u0159enovou v \u010dase 50:17 min. V\u00edt\u011bzi v\u011bkov\u00fdch kategori\u00ed se stali Luk\u00e1\u0161 Kr\u00fdsl, Karel Jukl, Jan Majer (ED system Silvini Team), Ji\u0159\u00ed Vrabec (F\u00edrov\u00e9 Plze\u0148), Karel Fait (AGP Doma\u017elice), Zuzana Lagov\u00e1, Kate\u0159ina B\u0159achov\u00e1, Petra K\u0159enov\u00e1 a M\u00ed\u0161a Ludmila Kub\u00edkov\u00e1. Na Roudn\u00e9 panovala tradi\u010dn\u011b p\u0159\u00edjemn\u00e1 atmosf\u00e9ra podpo\u0159en\u00e1 koncertem kapely \u0160vihadlo, rautem a sk\u00e1kac\u00edm hradem. Akc\u00ed prov\u00e1zel moder\u00e1tor Josef Ko\u017enar. Plze\u0148sk\u00fd kardiob\u011bh organizuje agentura Pro Sport Activities a Kardiologie V Sadech. Pod\u011bkov\u00e1n\u00ed za podporu pat\u0159\u00ed i partner\u016fm akce VZP, \u00daMO Plze\u0148 1, \u00daMO Plze\u0148 3, m\u011bstu Plze\u0148, Plze\u0148sk\u00e9mu kraji, Nadaci 700 let m\u011bsta Plzn\u011b, RK Evropa a firm\u011b SNT Plus.<\/p>\n<p><a href=\"http:\/\/www.pro-sport.cz\/sites\/PRO-SPORT.cz\/\/repository\/V__sledky_PK_2023.xlsx\">V\u00ddSLEDKY<\/a><\/p>\n<p><a href=\"http:\/\/www.pro-sport.cz\/sites\/PRO-SPORT.cz\/\/repository\/Pr__b____n___po__ad___B____eck__ho_poh__ru_ml__de__e_2023_VII.xls\">PR\u016eB\u011a\u017dN\u00c9 PO\u0158AD\u00cd B\u011a\u017dECK\u00c9HO POH\u00c1RU<\/a><\/p>\n<p>Seri\u00e1l z\u00e1vod\u016f pro ml\u00e1de\u017e pokra\u010duje dal\u0161\u00ed t\u00fdden 23.9. odlo\u017een\u00fdm z\u00e1vodem na Zelenov\u011b (Doma\u017elicko)<\/p>\n<p><a href=\"http:\/\/www.pro-sport.cz\/sites\/PRO-SPORT.cz\/repository\/Propozice_B__h_Zelenovsk__m___dol__m_2023.jpg\">PROPOZICE Z\u00c1VODU<\/a><\/p>\n<p>zdroj Tiskov\u00e1 zpr\u00e1va Roman Sladk\u00fd<\/p>\n","protected":false},"excerpt":{"rendered":"<p>Kardiob\u011bh &#8211; dal\u0161\u00ed d\u00edl B\u011b\u017eeck\u00e9ho poh\u00e1ru ml\u00e1de\u017ee V ned\u011bli 17. z\u00e1\u0159\u00ed se v Plzni uskute\u010dnil 16. ro\u010dn\u00edk Plze\u0148sk\u00e9ho kardiob\u011bhu. Tato obl\u00edben\u00e1 akce se kon\u00e1 v&hellip;<\/p>\n","protected":false},"author":2,"featured_media":717,"comment_status":"closed","ping_status":"closed","sticky":false,"template":"","format":"standard","meta":{"footnotes":""},"categories":[1],"tags":[],"jetpack_sharing_enabled":true,"jetpack_featured_media_url":"http:\/\/pkas.cz\/wp-content\/uploads\/2020\/01\/PKAS_logo-pr\u016fhledn\u00fd.png","_links":{"self":[{"href":"http:\/\/pkas.cz\/index.php?rest_route=\/wp\/v2\/posts\/3882"}],"collection":[{"href":"http:\/\/pkas.cz\/index.php?rest_route=\/wp\/v2\/posts"}],"about":[{"href":"http:\/\/pkas.cz\/index.php?rest_route=\/wp\/v2\/types\/post"}],"author":[{"embeddable":true,"href":"http:\/\/pkas.cz\/index.php?rest_route=\/wp\/v2\/users\/2"}],"replies":[{"embeddable":true,"href":"http:\/\/pkas.cz\/index.php?rest_route=%2Fwp%2Fv2%2Fcomments&post=3882"}],"version-history":[{"count":2,"href":"http:\/\/pkas.cz\/index.php?rest_route=\/wp\/v2\/posts\/3882\/revisions"}],"predecessor-version":[{"id":3884,"href":"http:\/\/pkas.cz\/index.php?rest_route=\/wp\/v2\/posts\/3882\/revisions\/3884"}],"wp:featuredmedia":[{"embeddable":true,"href":"http:\/\/pkas.cz\/index.php?rest_route=\/wp\/v2\/media\/717"}],"wp:attachment":[{"href":"http:\/\/pkas.cz\/index.php?rest_route=%2Fwp%2Fv2%2Fmedia&parent=3882"}],"wp:term":[{"taxonomy":"category","embeddable":true,"href":"http:\/\/pkas.cz\/index.php?rest_route=%2Fwp%2Fv2%2Fcategories&post=3882"},{"taxonomy":"post_tag","embeddable":true,"href":"http:\/\/pkas.cz\/index.php?rest_route=%2Fwp%2Fv2%2Ftags&post=3882"}],"curies":[{"name":"wp","href":"https:\/\/api.w.org\/{rel}","templated":true}]}}